{"id":11153,"date":"2013-06-02T22:05:31","date_gmt":"2013-06-02T19:05:31","guid":{"rendered":"http:\/\/www.bbyhaber.com\/bby\/?p=11153"},"modified":"2013-06-02T22:05:52","modified_gmt":"2013-06-02T19:05:52","slug":"erzurum-ataturk-universitesi-bby-bilgi-kulubu-kutuphane-kurdu-mardinderik","status":"publish","type":"post","link":"https:\/\/www.bbyhaber.com\/bby\/2013\/06\/02\/erzurum-ataturk-universitesi-bby-bilgi-kulubu-kutuphane-kurdu-mardinderik","title":{"rendered":"Erzurum Atat\u00fcrk \u00dcniversitesi BBY Bilgi Kulub\u00fc K\u00fct\u00fcphane Kurdu-Mardin\/Derik"},"content":{"rendered":"<p style=\"text-align: justify;\">Erzurum Atat\u00fcrk \u00dcniversitesi BBY Bilgi Kulub\u00fc her y\u0131l geleneksel olarak T\u00fcrkiye\u2019nin belirli yerlerine k\u00fct\u00fcphane kuruyor. Bu y\u0131lda Mardin\u2019 in Derik il\u00e7esinin Boyakl\u0131 k\u00f6y\u00fcne ba\u011fl\u0131 Boyakl\u0131 ilk\u00f6\u011fretim okuluna, \u00e7e\u015fitli kurulu\u015flar ve b\u00f6l\u00fcm \u00f6\u011frencilerinin deste\u011fiyle yakla\u015f\u0131k 1200 kitaptan olu\u015fan bir okul k\u00fct\u00fcphanesi kurdu. Ba\u011f\u0131\u015f yoluyla gelen bu kitaplar Ar\u015f. G\u00f6r. G\u00fclcan Palo g\u00f6zetiminde 24\/05\/2013 tarihinde Boyakl\u0131 \u0130lkokul k\u00fct\u00fcphanesine teslim edildi.<!--more--><\/p>\n<p style=\"text-align: justify;\"><a href=\"http:\/\/www.bbyhaber.com\/bby\/wp-content\/uploads\/2013\/06\/au-bilgi-kulubu1.jpg\"><img loading=\"lazy\" decoding=\"async\" class=\"alignnone\" src=\"http:\/\/www.bbyhaber.com\/bby\/wp-content\/uploads\/2013\/06\/au-bilgi-kulubu1.jpg\" alt=\"\" width=\"150\" height=\"150\" \/><\/a> <a href=\"http:\/\/www.bbyhaber.com\/bby\/wp-content\/uploads\/2013\/06\/au-bilgi-kulubu2.jpg\"><img loading=\"lazy\" decoding=\"async\" class=\"alignnone\" src=\"http:\/\/www.bbyhaber.com\/bby\/wp-content\/uploads\/2013\/06\/au-bilgi-kulubu2.jpg\" alt=\"\" width=\"150\" height=\"150\" \/><\/a> <a href=\"http:\/\/www.bbyhaber.com\/bby\/wp-content\/uploads\/2013\/06\/au-bilgi-kulubu3.jpg\"><img loading=\"lazy\" decoding=\"async\" class=\"alignnone\" src=\"http:\/\/www.bbyhaber.com\/bby\/wp-content\/uploads\/2013\/06\/au-bilgi-kulubu3.jpg\" alt=\"\" width=\"150\" height=\"150\" \/><\/a><\/p>\n<p style=\"text-align: justify;\"><a href=\"http:\/\/www.bbyhaber.com\/bby\/wp-content\/uploads\/2013\/06\/au-bilgi-kulubu4.jpg\"><img loading=\"lazy\" decoding=\"async\" class=\"alignnone\" src=\"http:\/\/www.bbyhaber.com\/bby\/wp-content\/uploads\/2013\/06\/au-bilgi-kulubu4.jpg\" alt=\"\" width=\"150\" height=\"150\" \/><\/a> <a href=\"http:\/\/www.bbyhaber.com\/bby\/wp-content\/uploads\/2013\/06\/au-bilgi-kulubu5.jpg\"><img loading=\"lazy\" decoding=\"async\" class=\"alignnone\" src=\"http:\/\/www.bbyhaber.com\/bby\/wp-content\/uploads\/2013\/06\/au-bilgi-kulubu5.jpg\" alt=\"\" width=\"150\" height=\"150\" \/><\/a> <a href=\"http:\/\/www.bbyhaber.com\/bby\/wp-content\/uploads\/2013\/06\/au-bilgi-kulubu6.jpg\"><img loading=\"lazy\" decoding=\"async\" class=\"alignnone\" src=\"http:\/\/www.bbyhaber.com\/bby\/wp-content\/uploads\/2013\/06\/au-bilgi-kulubu6.jpg\" alt=\"\" width=\"150\" height=\"150\" \/><\/a><\/p>\n<p style=\"text-align: justify;\"><a href=\"http:\/\/www.bbyhaber.com\/bby\/wp-content\/uploads\/2013\/06\/au-bilgi-kulubu7.jpg\"><img loading=\"lazy\" decoding=\"async\" class=\"alignnone\" src=\"http:\/\/www.bbyhaber.com\/bby\/wp-content\/uploads\/2013\/06\/au-bilgi-kulubu7.jpg\" alt=\"\" width=\"150\" height=\"150\" \/><\/a><\/p>\n","protected":false},"excerpt":{"rendered":"<p>Erzurum Atat\u00fcrk \u00dcniversitesi BBY Bilgi Kulub\u00fc her y\u0131l geleneksel olarak T\u00fcrkiye\u2019nin belirli yerlerine k\u00fct\u00fcphane kuruyor. Bu y\u0131lda Mardin\u2019 in Derik il\u00e7esinin Boyakl\u0131 k\u00f6y\u00fcne ba\u011fl\u0131 Boyakl\u0131 ilk\u00f6\u011fretim okuluna, \u00e7e\u015fitli kurulu\u015flar ve b\u00f6l\u00fcm \u00f6\u011frencilerinin deste\u011fiyle yakla\u015f\u0131k 1200 kitaptan olu\u015fan bir okul k\u00fct\u00fcphanesi kurdu. Ba\u011f\u0131\u015f yoluyla gelen bu kitaplar Ar\u015f. G\u00f6r. G\u00fclcan Palo g\u00f6zetiminde 24\/05\/2013 tarihinde Boyakl\u0131 \u0130lkokul [&hellip;]<\/p>\n","protected":false},"author":1,"featured_media":0,"comment_status":"open","ping_status":"open","sticky":false,"template":"","format":"standard","meta":{"footnotes":""},"categories":[1],"tags":[259,1413],"class_list":["post-11153","post","type-post","status-publish","format-standard","hentry","category-genel","tag-ataturk-universitesi-bby-bilgi-kulubu","tag-bby-bilgi-toplulugu-gruplari"],"_links":{"self":[{"href":"https:\/\/www.bbyhaber.com\/bby\/wp-json\/wp\/v2\/posts\/11153"}],"collection":[{"href":"https:\/\/www.bbyhaber.com\/bby\/wp-json\/wp\/v2\/posts"}],"about":[{"href":"https:\/\/www.bbyhaber.com\/bby\/wp-json\/wp\/v2\/types\/post"}],"author":[{"embeddable":true,"href":"https:\/\/www.bbyhaber.com\/bby\/wp-json\/wp\/v2\/users\/1"}],"replies":[{"embeddable":true,"href":"https:\/\/www.bbyhaber.com\/bby\/wp-json\/wp\/v2\/comments?post=11153"}],"version-history":[{"count":0,"href":"https:\/\/www.bbyhaber.com\/bby\/wp-json\/wp\/v2\/posts\/11153\/revisions"}],"wp:attachment":[{"href":"https:\/\/www.bbyhaber.com\/bby\/wp-json\/wp\/v2\/media?parent=11153"}],"wp:term":[{"taxonomy":"category","embeddable":true,"href":"https:\/\/www.bbyhaber.com\/bby\/wp-json\/wp\/v2\/categories?post=11153"},{"taxonomy":"post_tag","embeddable":true,"href":"https:\/\/www.bbyhaber.com\/bby\/wp-json\/wp\/v2\/tags?post=11153"}],"curies":[{"name":"wp","href":"https:\/\/api.w.org\/{rel}","templated":true}]}}