{"id":11145,"date":"2013-06-02T21:09:18","date_gmt":"2013-06-02T18:09:18","guid":{"rendered":"http:\/\/www.bbyhaber.com\/bby\/?p=11145"},"modified":"2013-06-02T21:09:40","modified_gmt":"2013-06-02T18:09:40","slug":"suriyenin-tarihi-yazma-eserleri-turkiyede-satiliyor","status":"publish","type":"post","link":"https:\/\/www.bbyhaber.com\/bby\/2013\/06\/02\/suriyenin-tarihi-yazma-eserleri-turkiyede-satiliyor","title":{"rendered":"Suriye\u2019nin tarih\u00ee yazma eserleri T\u00fcrkiye\u2019de sat\u0131l\u0131yor"},"content":{"rendered":"<p style=\"text-align: justify;\"><img loading=\"lazy\" decoding=\"async\" class=\"alignleft\" src=\"http:\/\/www.timeturk.com\/resim\/detayresim\/tarihi%20eser.jpg\" alt=\"\" width=\"283\" height=\"144\" \/>Suriye\u2019de Be\u015f\u015far Esed rejimi ile muhalifler aras\u0131nda iki y\u0131l\u0131 a\u015fk\u0131n s\u00fcredir devam eden \u00e7at\u0131\u015fmalar \u00fclkeyi harabeye \u00e7evirdi. Ya\u015fanan olaylar\u0131n ard\u0131ndan binlerce ki\u015fi hayat\u0131n\u0131 kaybederken, y\u00fcz binlerce ki\u015fi de \u00fclkesini terk etmek zorunda kald\u0131. Bunun yan\u0131 s\u0131ra \u00fclkede bulunan bir\u00e7ok tarihi cami, m\u00fcze ve k\u00fct\u00fcphane, \u00e7at\u0131\u015fmalar s\u0131ras\u0131nda bombaland\u0131. <!--more--><\/p>\n<p style=\"text-align: justify;\">Bu durumu f\u0131rsat bilenler de \u00fclkenin k\u00fclt\u00fcrel miras\u0131n\u0131 ya\u011fmalamaya ba\u015flad\u0131. G\u00fcvenlik birimlerinin yapt\u0131\u011f\u0131 incelemeye g\u00f6re; \u015eam ve Halep\u2019te bir\u00e7ok tarih\u00ee cami ve k\u00fct\u00fcphanedeki el yazmas\u0131 eserler, ba\u015fka \u00fclkelere ka\u00e7\u0131r\u0131larak y\u00fcksek mebla\u011flar kar\u015f\u0131l\u0131\u011f\u0131nda sat\u0131l\u0131yor. Halep\u2019teki tarihi Emeviye Camii, sald\u0131r\u0131lar\u0131n hedefi olan ve \u00e7at\u0131\u015fma sonras\u0131nda harabeye d\u00f6nen yap\u0131lardan biri. Hz. Zekeriya Peygamberin m\u00fcbarek ba\u015f\u0131n\u0131n bulundu\u011fu camideki \u00e7ok say\u0131da el yazmas\u0131 Kuran-\u0131 Kerim ve di\u011fer eserler adeta talan edildi. \u00d6te yandan cami i\u00e7inde Hz. Muhammed\u2019in (sas) m\u00fcbarek di\u015fi ve sakal-\u0131 \u015ferifi de kaybolan kutsal emanetler olarak kay\u0131tlara ge\u00e7ti.<\/p>\n<p style=\"text-align: justify;\">Emniyet Genel M\u00fcd\u00fcrl\u00fc\u011f\u00fc (EGM) Ka\u00e7ak\u00e7\u0131l\u0131k ve Organize Su\u00e7larla M\u00fccadele (KOM) Daire Ba\u015fkanl\u0131\u011f\u0131 ekipleri, ka\u00e7ak\u00e7\u0131lar\u0131n Suriye\u2019deki tarihi el yazmas\u0131 ve nadir kitaplar\u0131 ele ge\u00e7irip, s\u0131n\u0131rdan T\u00fcrkiye\u2019ye ta\u015f\u0131d\u0131klar\u0131n\u0131 belirledi. Ka\u00e7ak\u00e7\u0131lar\u0131n eserleri Hatay, Kilis ve \u015eanl\u0131urfa\u2019dan T\u00fcrkiye\u2019ye getirdi\u011fi ve \u0130stanbul, \u0130zmir ve Ankara gibi b\u00fcy\u00fck \u015fehirlerde satt\u0131klar\u0131 tespit edildi. Suriye\u2019den \u00e7\u0131kar\u0131lan eserler aras\u0131nda Muhyiddin \u0130bn-i Arabi ve onun ekol\u00fcnden tasavvuf erbab\u0131na ait yazma eserlerin yan\u0131 s\u0131ra f\u0131k\u0131h, tefsir gibi \u0130slami ilimlerle ilgili eserler de var. Ayr\u0131ca Emevi, Abbasi, Sel\u00e7uklu ve Osmanl\u0131 d\u00f6nemine ait nadide eserlerin yer ald\u0131\u011f\u0131 \u015eam Milli M\u00fczesi\u2019nin de ya\u011fmalanan yerler aras\u0131nda bulundu\u011fu ifade edildi. \u00c7ok say\u0131da tarihi kal\u0131nt\u0131, fresk, ikon, renkli mozaikler ve Aramice el yazmas\u0131 eserlerin sergilendi\u011fi m\u00fczeden de onlarca eserin \u00e7al\u0131narak yurtd\u0131\u015f\u0131na ka\u00e7\u0131r\u0131ld\u0131\u011f\u0131 belirtildi.<\/p>\n<p style=\"text-align: justify;\">TAR\u0130H\u0130 ESER\u0130 SATIP S\u0130LAH ALIYORLAR<\/p>\n<p style=\"text-align: justify;\">Ge\u00e7ti\u011fimiz g\u00fcnlerde KOM Dairesi ekipleri, gelen bir ihbar\u0131n ard\u0131ndan ka\u00e7ak\u00e7\u0131l\u0131k yapt\u0131\u011f\u0131 belirlenen iki ki\u015fiyi tespit etti. Sat\u0131\u015f i\u015fleminin ard\u0131ndan iki ki\u015fiyi g\u00f6zalt\u0131na ald\u0131. Ele ge\u00e7irilen tabloyu inceleyen birimler, tablonun sahte oldu\u011funu ortaya \u00e7\u0131kard\u0131. Son d\u00f6nemde \u00f6zellikle Hatay, Kilis ve Urfa hatt\u0131ndan T\u00fcrkiye\u2019ye \u00e7ok say\u0131da tarihi eserin sokuldu\u011funu belirten kaynaklar, tablolar\u0131n ve tarihi eserlerin ekonomik de\u011ferinin \u00e7ok y\u00fcksek oldu\u011funun alt\u0131n\u0131 \u00e7iziyor. Suriye\u2019deki baz\u0131 \u00e7evrelerin \u00fclkedeki kar\u0131\u015f\u0131kl\u0131klar\u0131 f\u0131rsat bilip tarihi eserleri ucuz fiyatlara satt\u0131klar\u0131n\u0131 aktaran kaynaklar, elde edilen paralarla da silah al\u0131nd\u0131\u011f\u0131na dikkat \u00e7ekiyor. Uzmanlara g\u00f6re; 100 ile bin dolar aras\u0131nda de\u011fi\u015fen fiyatlarla sat\u0131lan tarihi eserler, Avrupa\u2019da 50 ile 100 bin dolar aras\u0131nda al\u0131c\u0131 buluyor. Ayr\u0131ca tarihi eserler T\u00fcrkiye ile L\u00fcbnan\u2019da el de\u011fi\u015ftiriyor. Suriye\u2019deki tarihi eserlerin sat\u0131m\u0131 i\u00e7in en b\u00fcy\u00fck karaborsa olarak da \u00dcrd\u00fcn\u2019\u00fcn ba\u015fkenti Amman g\u00f6steriliyor.<\/p>\n<p style=\"text-align: justify;\">Kaynak: http:\/\/www.timeturk.com\/<\/p>\n","protected":false},"excerpt":{"rendered":"<p>Suriye\u2019de Be\u015f\u015far Esed rejimi ile muhalifler aras\u0131nda iki y\u0131l\u0131 a\u015fk\u0131n s\u00fcredir devam eden \u00e7at\u0131\u015fmalar \u00fclkeyi harabeye \u00e7evirdi. Ya\u015fanan olaylar\u0131n ard\u0131ndan binlerce ki\u015fi hayat\u0131n\u0131 kaybederken, y\u00fcz binlerce ki\u015fi de \u00fclkesini terk etmek zorunda kald\u0131. Bunun yan\u0131 s\u0131ra \u00fclkede bulunan bir\u00e7ok tarihi cami, m\u00fcze ve k\u00fct\u00fcphane, \u00e7at\u0131\u015fmalar s\u0131ras\u0131nda bombaland\u0131.<\/p>\n","protected":false},"author":1,"featured_media":0,"comment_status":"open","ping_status":"open","sticky":false,"template":"","format":"standard","meta":{"footnotes":""},"categories":[1,1500,1509],"tags":[1441],"class_list":["post-11145","post","type-post","status-publish","format-standard","hentry","category-genel","category-nadir-eserler","category-yazma-eserler","tag-yazma-eser-kutuphaneleri"],"_links":{"self":[{"href":"https:\/\/www.bbyhaber.com\/bby\/wp-json\/wp\/v2\/posts\/11145"}],"collection":[{"href":"https:\/\/www.bbyhaber.com\/bby\/wp-json\/wp\/v2\/posts"}],"about":[{"href":"https:\/\/www.bbyhaber.com\/bby\/wp-json\/wp\/v2\/types\/post"}],"author":[{"embeddable":true,"href":"https:\/\/www.bbyhaber.com\/bby\/wp-json\/wp\/v2\/users\/1"}],"replies":[{"embeddable":true,"href":"https:\/\/www.bbyhaber.com\/bby\/wp-json\/wp\/v2\/comments?post=11145"}],"version-history":[{"count":0,"href":"https:\/\/www.bbyhaber.com\/bby\/wp-json\/wp\/v2\/posts\/11145\/revisions"}],"wp:attachment":[{"href":"https:\/\/www.bbyhaber.com\/bby\/wp-json\/wp\/v2\/media?parent=11145"}],"wp:term":[{"taxonomy":"category","embeddable":true,"href":"https:\/\/www.bbyhaber.com\/bby\/wp-json\/wp\/v2\/categories?post=11145"},{"taxonomy":"post_tag","embeddable":true,"href":"https:\/\/www.bbyhaber.com\/bby\/wp-json\/wp\/v2\/tags?post=11145"}],"curies":[{"name":"wp","href":"https:\/\/api.w.org\/{rel}","templated":true}]}}