{"id":11126,"date":"2013-05-24T09:09:09","date_gmt":"2013-05-24T06:09:09","guid":{"rendered":"http:\/\/www.bbyhaber.com\/bby\/?p=11126"},"modified":"2013-05-24T09:09:09","modified_gmt":"2013-05-24T06:09:09","slug":"serkan-acara-vefa-fenerbahce","status":"publish","type":"post","link":"https:\/\/www.bbyhaber.com\/bby\/2013\/05\/24\/serkan-acara-vefa-fenerbahce","title":{"rendered":"Serkan Acar&#8217;a vefa @Fenerbahce"},"content":{"rendered":"<p style=\"text-align: justify;\"><img loading=\"lazy\" decoding=\"async\" class=\"alignleft\" src=\"http:\/\/i.tmgrup.com.tr\/ftm\/2013\/05\/24\/632x314\/853174378810.jpg?8635582681020130524022355\" alt=\"\" width=\"252\" height=\"125\" \/>1907 UN\u0130FEB Kahramanmara\u015f S\u00fct\u00e7\u00fc \u0130mam \u00dcniversitesi, vefat eden Serkan Acar ad\u0131na k\u00fct\u00fcphane a\u00e7\u0131yor. Tekir kasabas\u0131na ba\u011fl\u0131 K\u0131s\u0131k \u0130lk\u00f6\u011fretim Okulu&#8217;nda a\u00e7\u0131lacak k\u00fct\u00fcphane \u00e7al\u0131\u015fmalar\u0131 ba\u015flay\u0131nca okul i\u00e7in de tadilat \u00e7al\u0131\u015fmalar\u0131 ba\u015flad\u0131.<!--more--><\/p>\n<p style=\"text-align: justify;\">Kaynak: http:\/\/www.fotomac.com.tr\/<\/p>\n","protected":false},"excerpt":{"rendered":"<p>1907 UN\u0130FEB Kahramanmara\u015f S\u00fct\u00e7\u00fc \u0130mam \u00dcniversitesi, vefat eden Serkan Acar ad\u0131na k\u00fct\u00fcphane a\u00e7\u0131yor. Tekir kasabas\u0131na ba\u011fl\u0131 K\u0131s\u0131k \u0130lk\u00f6\u011fretim Okulu&#8217;nda a\u00e7\u0131lacak k\u00fct\u00fcphane \u00e7al\u0131\u015fmalar\u0131 ba\u015flay\u0131nca okul i\u00e7in de tadilat \u00e7al\u0131\u015fmalar\u0131 ba\u015flad\u0131.<\/p>\n","protected":false},"author":1,"featured_media":0,"comment_status":"open","ping_status":"open","sticky":false,"template":"","format":"standard","meta":{"footnotes":""},"categories":[1],"tags":[],"class_list":["post-11126","post","type-post","status-publish","format-standard","hentry","category-genel"],"_links":{"self":[{"href":"https:\/\/www.bbyhaber.com\/bby\/wp-json\/wp\/v2\/posts\/11126"}],"collection":[{"href":"https:\/\/www.bbyhaber.com\/bby\/wp-json\/wp\/v2\/posts"}],"about":[{"href":"https:\/\/www.bbyhaber.com\/bby\/wp-json\/wp\/v2\/types\/post"}],"author":[{"embeddable":true,"href":"https:\/\/www.bbyhaber.com\/bby\/wp-json\/wp\/v2\/users\/1"}],"replies":[{"embeddable":true,"href":"https:\/\/www.bbyhaber.com\/bby\/wp-json\/wp\/v2\/comments?post=11126"}],"version-history":[{"count":0,"href":"https:\/\/www.bbyhaber.com\/bby\/wp-json\/wp\/v2\/posts\/11126\/revisions"}],"wp:attachment":[{"href":"https:\/\/www.bbyhaber.com\/bby\/wp-json\/wp\/v2\/media?parent=11126"}],"wp:term":[{"taxonomy":"category","embeddable":true,"href":"https:\/\/www.bbyhaber.com\/bby\/wp-json\/wp\/v2\/categories?post=11126"},{"taxonomy":"post_tag","embeddable":true,"href":"https:\/\/www.bbyhaber.com\/bby\/wp-json\/wp\/v2\/tags?post=11126"}],"curies":[{"name":"wp","href":"https:\/\/api.w.org\/{rel}","templated":true}]}}