{"id":11123,"date":"2013-05-23T21:03:38","date_gmt":"2013-05-23T18:03:38","guid":{"rendered":"http:\/\/www.bbyhaber.com\/bby\/?p=11123"},"modified":"2013-05-23T21:03:57","modified_gmt":"2013-05-23T18:03:57","slug":"maldan-koyu-ilkogretim-okuluna-kutuphane-kazandirildi-manisa","status":"publish","type":"post","link":"https:\/\/www.bbyhaber.com\/bby\/2013\/05\/23\/maldan-koyu-ilkogretim-okuluna-kutuphane-kazandirildi-manisa","title":{"rendered":"Maldan K\u00f6y\u00fc \u0130lk\u00f6\u011fretim Okulu&#8217;na k\u00fct\u00fcphane kazand\u0131r\u0131ld\u0131-Manisa"},"content":{"rendered":"<p style=\"text-align: justify;\"><img loading=\"lazy\" decoding=\"async\" class=\"alignleft\" src=\"http:\/\/www.haberaktuel.com\/images\/news\/1037544.jpg\" alt=\"\" width=\"240\" height=\"160\" \/>Manisa Celal Bayar \u00dcniversitesi (CB\u00dc) Beden E\u011fitimi ve Spor Y\u00fcksekokulu \u00f6\u011frencileri, merkeze ba\u011fl\u0131 Maldan K\u00f6y\u00fc \u0130lk\u00f6\u011fretim Okulu&#8217;na k\u00fct\u00fcphane kazand\u0131rd\u0131. Be\u015f \u00f6\u011frenci \u00f6nce hayal kurdu, ard\u0131ndan ger\u00e7e\u011fe d\u00f6n\u00fc\u015ft\u00fcrd\u00fc ve bir k\u00f6y okulunda dev bir k\u00fct\u00fcphane kurdu. CB\u00dc Beden E\u011fitimi ve Spor Y\u00fcksekokulu \u00f6\u011frencileri, sporun yan\u0131nda topluma da hizmet etmeye devam ediyor. <!--more-->Spor Y\u00f6neticili\u011fi B\u00f6l\u00fcm\u00fc 4. s\u0131n\u0131f \u00f6\u011frencileri, alan \u00e7al\u0131\u015fmas\u0131 dersi kapsam\u0131nda gerek sahada mesle\u011fe ili\u015fkin uygulama deneyimi kazanmak gerekse sosyal sorumluluklar\u0131n\u0131 yerine getirmek amac\u0131yla Manisa Belediyesi&#8217;nin i\u015fbirli\u011fiyle ba\u015flat\u0131lan &#8220;Manisa&#8217;da Kitap Hasad\u0131&#8221; kampanyas\u0131n\u0131 hayata ge\u00e7irmi\u015fti.<\/p>\n<p style=\"text-align: justify;\">&#8220;Kumbaram\u0131z de\u011fil, \u00e7ocuklar\u0131m\u0131z\u0131n hayalleri birikiyor&#8221; slogan\u0131yla hareket eden \u015eeyda Belli, Burcu G\u0131ran, T\u00fclin Demir, Beliz Bodur ve Emine Polat, \u00d6\u011fretim \u00dcyesi Yrd. Do\u00e7. Dr. Yavuz Y\u0131ld\u0131z e\u015fli\u011finde \u00fc\u00e7 hafta boyunca Tarzan Meydan\u0131&#8217;nda yakla\u015f\u0131k 2 bin kitap toplad\u0131. Bunlarla 130 \u00f6\u011frencili Maldan K\u00f6y\u00fc \u0130lk\u00f6\u011fretim Okulu&#8217;na bir k\u00fct\u00fcphane kazand\u0131rd\u0131lar. K\u00fct\u00fcphanenin a\u00e7\u0131l\u0131\u015f t\u00f6renine CB\u00dc Rekt\u00f6r Yard\u0131mc\u0131s\u0131 Prof. Dr. S\u00fcheyla S\u00fcr\u00fcc\u00fco\u011flu, \u0130l Milli E\u011fitim \u015eube M\u00fcd\u00fcr\u00fc Selahattin Baytar, Manisa Gen\u00e7lik Merkezi M\u00fcd\u00fcr\u00fc Ula\u015f U\u00e7ar, \u00d6\u011fretim \u00dcyesi Yrd. Do\u00e7. Dr. Yavuz Y\u0131ld\u0131z, Okul M\u00fcd\u00fcr\u00fc H\u00fcsamettin Y\u0131ld\u0131r\u0131m, \u00f6\u011frenciler ve veliler kat\u0131ld\u0131.<\/p>\n<p style=\"text-align: justify;\">\u00dcniversitelerin \u00fc\u00e7 amac\u0131 oldu\u011funu belirten Rekt\u00f6r Yard\u0131mc\u0131s\u0131 S\u00fcr\u00fcc\u00fco\u011flu, bunlar\u0131n e\u011fitim, ara\u015ft\u0131rma ve topluma hizmet oldu\u011funu s\u00f6yledi. Beden E\u011fitimi ve Spor Y\u00fcksekokulu&#8217;nun CB\u00dc i\u00e7in \u00e7ok \u00f6nemli oldu\u011funu aktaran S\u00fcr\u00fcc\u00fco\u011flu, &#8220;Okulumuz, s\u00f6yledi\u011fimiz her \u00fc\u00e7 alanda da \u00e7al\u0131\u015fmalar yap\u0131yor. \u00d6zellikle \u00f6\u011frencilerimizin projeleri, Manisa halk\u0131na yarar sa\u011fl\u0131yor. Bundan dolay\u0131 onlarla gurur duyuyoruz. K\u00fct\u00fcphanenin \u00e7ocuklar\u0131m\u0131za hay\u0131rl\u0131 olmas\u0131n\u0131 diliyor, \u00f6\u011frencilerimiz ba\u015fta olmak \u00fczere destek veren b\u00fct\u00fcn kurum ve kurulu\u015flara te\u015fekk\u00fcr ediyoruz.&#8221; dedi. Milli E\u011fitim \u015eube M\u00fcd\u00fcr\u00fc Baytar da k\u00fct\u00fcphanenin kazand\u0131r\u0131lmas\u0131nda eme\u011fi ge\u00e7en ba\u015fta \u00f6\u011frenciler olmak \u00fczere CB\u00dc yetkililerine te\u015fekk\u00fcr etti.<\/p>\n<p style=\"text-align: justify;\">\u00d6\u011frenciler ad\u0131na konu\u015fan \u015eeyda Belli ise \u015funlar\u0131 kaydetti: &#8220;\u00d6ncelikle, &#8216;\u00d6\u011frencilerimiz i\u00e7in neler yapabiliriz?&#8217; sorusuyla yola \u00e7\u0131kt\u0131k. En \u00e7ok kitaba ihtiya\u00e7lar\u0131 oldu\u011funu d\u00fc\u015f\u00fcnd\u00fck. B\u00f6ylece Manisa&#8217;da Kitap Hasad\u0131 kampanyas\u0131n\u0131 hayata ge\u00e7irdik. \u00dc\u00e7 hafta boyunca Tarzan Meydan\u0131&#8217;nda stant a\u00e7t\u0131k. Kampanyam\u0131za halk \u00e7ok b\u00fcy\u00fck destek verdi ve yakla\u015f\u0131k 2 bin kitap toplad\u0131k. Manisa \u0130l Halk K\u00fct\u00fcphanesi&#8217;yle i\u015fbirli\u011fi yaparak, toplad\u0131\u011f\u0131m\u0131z kitaplardan uygun olan bin 600&#8217;\u00fcn\u00fc Maldan K\u00f6y\u00fc \u0130lk\u00f6\u011fretim Okulu&#8217;na hediye ettik. B\u00f6ylece okulda dev bir k\u00fct\u00fcphane olu\u015ftu. \u0130nan\u0131yorum ki \u00f6\u011frencilerimiz, bu k\u00fct\u00fcphaneden en iyi \u015fekilde yararlanacak. Bize destek olan herkese \u00e7ok te\u015fekk\u00fcr ediyoruz.&#8221;<\/p>\n<p style=\"text-align: justify;\">Bu k\u00fct\u00fcphaneye \u00e7ok ihtiya\u00e7lar\u0131 oldu\u011funu ifade eden Maldan K\u00f6y\u00fc \u0130lk\u00f6\u011fretim Okulu M\u00fcd\u00fcr\u00fc Y\u0131ld\u0131r\u0131m da, &#8220;Kitaplar\u0131n olmad\u0131\u011f\u0131 bir d\u00fcnya d\u00fc\u015f\u00fcn\u00fclemez. E\u011fitimin, bilimin, sanat\u0131n temeli kitaba dayan\u0131r. \u0130nsanlar i\u00e7in bu kadar de\u011ferli olan kitaplar, k\u00fct\u00fcphanelerde korunur ve ara\u015ft\u0131rmac\u0131lar\u0131n, \u00f6\u011frencilerin, t\u00fcm insanlar\u0131n hizmetine sunulur. Okulumuza bu k\u00fct\u00fcphaneyi kazand\u0131rd\u0131klar\u0131 i\u00e7in CB\u00dc \u00f6\u011frencilerine ve katk\u0131 sa\u011flayan herkese te\u015fekk\u00fcr ederim.&#8221; diye konu\u015ftu.<\/p>\n<p style=\"text-align: justify;\">Kaynak:http:\/\/www.haberaktuel.com<\/p>\n","protected":false},"excerpt":{"rendered":"<p>Manisa Celal Bayar \u00dcniversitesi (CB\u00dc) Beden E\u011fitimi ve Spor Y\u00fcksekokulu \u00f6\u011frencileri, merkeze ba\u011fl\u0131 Maldan K\u00f6y\u00fc \u0130lk\u00f6\u011fretim Okulu&#8217;na k\u00fct\u00fcphane kazand\u0131rd\u0131. Be\u015f \u00f6\u011frenci \u00f6nce hayal kurdu, ard\u0131ndan ger\u00e7e\u011fe d\u00f6n\u00fc\u015ft\u00fcrd\u00fc ve bir k\u00f6y okulunda dev bir k\u00fct\u00fcphane kurdu. CB\u00dc Beden E\u011fitimi ve Spor Y\u00fcksekokulu \u00f6\u011frencileri, sporun yan\u0131nda topluma da hizmet etmeye devam ediyor.<\/p>\n","protected":false},"author":1,"featured_media":0,"comment_status":"open","ping_status":"open","sticky":false,"template":"","format":"standard","meta":{"footnotes":""},"categories":[1,1498],"tags":[],"class_list":["post-11123","post","type-post","status-publish","format-standard","hentry","category-genel","category-koy-kutuphaneleri"],"_links":{"self":[{"href":"https:\/\/www.bbyhaber.com\/bby\/wp-json\/wp\/v2\/posts\/11123"}],"collection":[{"href":"https:\/\/www.bbyhaber.com\/bby\/wp-json\/wp\/v2\/posts"}],"about":[{"href":"https:\/\/www.bbyhaber.com\/bby\/wp-json\/wp\/v2\/types\/post"}],"author":[{"embeddable":true,"href":"https:\/\/www.bbyhaber.com\/bby\/wp-json\/wp\/v2\/users\/1"}],"replies":[{"embeddable":true,"href":"https:\/\/www.bbyhaber.com\/bby\/wp-json\/wp\/v2\/comments?post=11123"}],"version-history":[{"count":0,"href":"https:\/\/www.bbyhaber.com\/bby\/wp-json\/wp\/v2\/posts\/11123\/revisions"}],"wp:attachment":[{"href":"https:\/\/www.bbyhaber.com\/bby\/wp-json\/wp\/v2\/media?parent=11123"}],"wp:term":[{"taxonomy":"category","embeddable":true,"href":"https:\/\/www.bbyhaber.com\/bby\/wp-json\/wp\/v2\/categories?post=11123"},{"taxonomy":"post_tag","embeddable":true,"href":"https:\/\/www.bbyhaber.com\/bby\/wp-json\/wp\/v2\/tags?post=11123"}],"curies":[{"name":"wp","href":"https:\/\/api.w.org\/{rel}","templated":true}]}}