{"id":11120,"date":"2013-05-23T09:27:28","date_gmt":"2013-05-23T06:27:28","guid":{"rendered":"http:\/\/www.bbyhaber.com\/bby\/?p=11120"},"modified":"2013-05-23T09:27:49","modified_gmt":"2013-05-23T06:27:49","slug":"taslicayda-7-koye-kutuphane-kuruldu-agri","status":"publish","type":"post","link":"https:\/\/www.bbyhaber.com\/bby\/2013\/05\/23\/taslicayda-7-koye-kutuphane-kuruldu-agri","title":{"rendered":"Ta\u015fl\u0131\u00e7ay&#8217;da 7 K\u00f6ye K\u00fct\u00fcphane Kuruldu-A\u011fr\u0131"},"content":{"rendered":"<p style=\"text-align: justify;\"><img loading=\"lazy\" decoding=\"async\" class=\"alignleft\" src=\"http:\/\/www.diyadinnet.com\/haberresimleri\/2013\/05\/36465.jpg\" alt=\"\" width=\"237\" height=\"127\" \/>A\u011fr\u0131&#8217;n\u0131n Ta\u015fl\u0131\u00e7ay il\u00e7esinde \u0130l\u00e7e Kaymakaml\u0131\u011f\u0131 ve \u0130l\u00e7e Milli E\u011fitim M\u00fcd\u00fcrl\u00fc\u011f\u00fc i\u015fbirli\u011fi ile Sosyal Destek Program\u0131 (SODES) taraf\u0131ndan finanse edilerek &#8220;Okuyan Ta\u015fl\u0131\u00e7ay&#8221; projesi kapsam\u0131nda 7 k\u00f6y okuluna toplam 5 bin kitapl\u0131k k\u00fct\u00fcphane kurdu. K\u00fct\u00fcphanelerin a\u00e7\u0131l\u0131\u015f\u0131na \u0130l\u00e7e Kaymakam\u0131 Murat Zadelero\u011flu, \u0130l\u00e7e Milli E\u011fitim M\u00fcd\u00fcr\u00fc Ali Kaya, Halk E\u011fitim M\u00fcd\u00fcr\u00fc Nesim G\u00f6ksu, proje koordinat\u00f6r\u00fc \u0130sak \u00c7evik ve bas\u0131n mensuplar\u0131 kat\u0131ld\u0131.<!--more--><\/p>\n<p style=\"text-align: justify;\">Konuyla ilgili a\u00e7\u0131klamada bulunan Kaymakam Zadelero\u011flu, &#8220;\u0130\u00e7inde bulundu\u011fumuz y\u00fczy\u0131lda en b\u00fcy\u00fck yat\u0131r\u0131m insana yap\u0131lan yat\u0131r\u0131md\u0131r. Bu ba\u011flamda e\u011fitimin, gelece\u011fimiz ve insan\u0131m\u0131z i\u00e7in b\u00fcy\u00fck \u00f6nem arz etti\u011fine inan\u0131yoruz. Gen\u00e7lerimize ve \u00e7ocuklar\u0131m\u0131za \u00f6ncelikli olarak ahlakl\u0131, bilgili ve d\u00fcr\u00fcst bireyler olmalar\u0131 yolunda ilerlemenin gere\u011fini aktar\u0131rken, hayata ge\u00e7irilebilen kullan\u0131labilir bilgiyi temel bilgi kayna\u011f\u0131 olan kitaplar arac\u0131l\u0131\u011f\u0131 ile onlara verebilmeyi hedeflemekteyiz. \u00c7ocuklar\u0131n d\u00fc\u015f\u00fcnme yeteneklerini geli\u015ftirebilmek, Analiz yaparak projeler \u00fcretebilmelerini sa\u011flamak ve onlar\u0131n bilim ve sanat alanlar\u0131na y\u00f6nelik \u00e7al\u0131\u015fmalar\u0131n\u0131 desteklemek amac\u0131yla \u00e7al\u0131\u015fmalar\u0131m\u0131za y\u00f6n vererek Bal\u0131kg\u00f6l\u00fc, Ge\u00e7itveren, Yard\u0131mc\u0131lar, Yukar\u0131 Esen, \u015eehit Uzman \u00c7avu\u015f H\u00fcseyin Kaya, Mehmet Akif Ersoy ve D\u00fczg\u00f6ren k\u00f6y\u00fc ilk okullar\u0131na birer k\u00fct\u00fcphane kurduk. D\u00fc\u015f\u00fcncemiz, t\u00fcm okullar\u0131m\u0131za birer k\u00fct\u00fcphane kurmakt\u0131r&#8221; dedi.<\/p>\n<p style=\"text-align: justify;\">Kaynak:http:\/\/www.diyadinnet.com<\/p>\n","protected":false},"excerpt":{"rendered":"<p>A\u011fr\u0131&#8217;n\u0131n Ta\u015fl\u0131\u00e7ay il\u00e7esinde \u0130l\u00e7e Kaymakaml\u0131\u011f\u0131 ve \u0130l\u00e7e Milli E\u011fitim M\u00fcd\u00fcrl\u00fc\u011f\u00fc i\u015fbirli\u011fi ile Sosyal Destek Program\u0131 (SODES) taraf\u0131ndan finanse edilerek &#8220;Okuyan Ta\u015fl\u0131\u00e7ay&#8221; projesi kapsam\u0131nda 7 k\u00f6y okuluna toplam 5 bin kitapl\u0131k k\u00fct\u00fcphane kurdu. K\u00fct\u00fcphanelerin a\u00e7\u0131l\u0131\u015f\u0131na \u0130l\u00e7e Kaymakam\u0131 Murat Zadelero\u011flu, \u0130l\u00e7e Milli E\u011fitim M\u00fcd\u00fcr\u00fc Ali Kaya, Halk E\u011fitim M\u00fcd\u00fcr\u00fc Nesim G\u00f6ksu, proje koordinat\u00f6r\u00fc \u0130sak \u00c7evik ve bas\u0131n [&hellip;]<\/p>\n","protected":false},"author":1,"featured_media":0,"comment_status":"open","ping_status":"open","sticky":false,"template":"","format":"standard","meta":{"footnotes":""},"categories":[1,1498],"tags":[],"class_list":["post-11120","post","type-post","status-publish","format-standard","hentry","category-genel","category-koy-kutuphaneleri"],"_links":{"self":[{"href":"https:\/\/www.bbyhaber.com\/bby\/wp-json\/wp\/v2\/posts\/11120"}],"collection":[{"href":"https:\/\/www.bbyhaber.com\/bby\/wp-json\/wp\/v2\/posts"}],"about":[{"href":"https:\/\/www.bbyhaber.com\/bby\/wp-json\/wp\/v2\/types\/post"}],"author":[{"embeddable":true,"href":"https:\/\/www.bbyhaber.com\/bby\/wp-json\/wp\/v2\/users\/1"}],"replies":[{"embeddable":true,"href":"https:\/\/www.bbyhaber.com\/bby\/wp-json\/wp\/v2\/comments?post=11120"}],"version-history":[{"count":0,"href":"https:\/\/www.bbyhaber.com\/bby\/wp-json\/wp\/v2\/posts\/11120\/revisions"}],"wp:attachment":[{"href":"https:\/\/www.bbyhaber.com\/bby\/wp-json\/wp\/v2\/media?parent=11120"}],"wp:term":[{"taxonomy":"category","embeddable":true,"href":"https:\/\/www.bbyhaber.com\/bby\/wp-json\/wp\/v2\/categories?post=11120"},{"taxonomy":"post_tag","embeddable":true,"href":"https:\/\/www.bbyhaber.com\/bby\/wp-json\/wp\/v2\/tags?post=11120"}],"curies":[{"name":"wp","href":"https:\/\/api.w.org\/{rel}","templated":true}]}}