{"id":11113,"date":"2013-05-22T15:49:30","date_gmt":"2013-05-22T12:49:30","guid":{"rendered":"http:\/\/www.bbyhaber.com\/bby\/?p=11113"},"modified":"2013-05-22T15:49:51","modified_gmt":"2013-05-22T12:49:51","slug":"adiyaman-valiliginden-gezici-kutuphaneye-destek","status":"publish","type":"post","link":"https:\/\/www.bbyhaber.com\/bby\/2013\/05\/22\/adiyaman-valiliginden-gezici-kutuphaneye-destek","title":{"rendered":"Adiyaman Valili\u011fi&#8217;nden Gezici K\u00fct\u00fcphaneye Destek"},"content":{"rendered":"<p style=\"text-align: justify;\"><img loading=\"lazy\" decoding=\"async\" class=\"alignleft\" src=\"http:\/\/www.bbyhaber.com\/bby\/wp-content\/uploads\/2012\/06\/gezici-kutuphane.jpg\" alt=\"\" width=\"257\" height=\"146\" \/>Ad\u0131yaman&#8217;da, k\u0131rsal kesimdeki \u00f6\u011frencilere ula\u015fmay\u0131 hedefleyen gezici k\u00fct\u00fcphaneden k\u00f6ylerdeki kad\u0131nlar da yararlan\u0131yor. Valili\u011fin, Sosyal Destek Program\u0131 kapsam\u0131nda olu\u015fturdu\u011fu gezici k\u00fct\u00fcphane, 35 k\u00f6y\u00fc gezerek \u00f6\u011frencilere okumak istedikleri kitab\u0131 \u00f6d\u00fcn\u00e7 alma imkan\u0131 sunuyor.K\u00fct\u00fcphaneden farkl\u0131 kitaplar\u0131 alarak okuyan \u00f6\u011frenciler, okullar\u0131nda bulamad\u0131klar\u0131 kitaplara ula\u015fabiliyor,<!--more--> okuma al\u0131\u015fkanl\u0131\u011f\u0131 kazan\u0131yor.K\u00f6ylerine \u00f6\u011frenciler i\u00e7in gelen gezici k\u00fct\u00fcphaneden, herhangi bir nedenle okullar\u0131n\u0131 yar\u0131m b\u0131rakan kad\u0131nlar ve gen\u00e7 k\u0131zlar da faydalan\u0131yor. K\u00f6ylerdeki kad\u0131nlar, bo\u015f zamanlar\u0131n\u0131 kitap okuyarak de\u011ferlendiriyor.<\/p>\n<p style=\"text-align: justify;\">Merkeze ba\u011fl\u0131 Yaylakonak k\u00f6y\u00fcnde ya\u015fayan Remziye Okutan, AA muhabirine yapt\u0131\u011f\u0131 a\u00e7\u0131klamada, 4 y\u0131ld\u0131r k\u00fct\u00fcphane hizmetinden faydaland\u0131\u011f\u0131n\u0131 s\u00f6yledi. Gezici k\u00fct\u00fcphaneyi ilk kez k\u00f6y okulunun bah\u00e7esinde g\u00f6rd\u00fc\u011f\u00fcn\u00fc ve yetkilileriyle tan\u0131\u015farak kitap talebinde bulundu\u011funu anlatan Okutan, &#8220;K\u00fct\u00fcphanenin yetkilileriyle tan\u0131\u015ft\u0131m. Bana \u00f6d\u00fcn\u00e7 kitap verebileceklerini s\u00f6ylediler. Bunun \u00fczerine k\u00f6ye her geli\u015flerinde yeni kitaplar almaya ba\u015flad\u0131m. \u015eehre gidip kitap alma imkan\u0131m\u0131z yoktu. Bu vesileyle kitap okuma \u00f6zlemimi gidermi\u015f oldum. Eme\u011fi ge\u00e7enlere te\u015fekk\u00fcr ediyorum&#8221; dedi.<\/p>\n<p style=\"text-align: justify;\">-&#8220;Bizim i\u00e7in \u00e7ok b\u00fcy\u00fck hizmet&#8221;-<\/p>\n<p style=\"text-align: justify;\">Okutan, \u015fimdiye kadar gezici k\u00fct\u00fcphaneden 100&#8217;\u00fcn \u00fczerinde kitap ald\u0131\u011f\u0131n\u0131 belirtti.\u00d6d\u00fcn\u00e7 kitaplar sayesinde genel k\u00fclt\u00fcr\u00fcn\u00fc geli\u015ftirdi\u011fini belirten ifade eden Okutan, &#8220;Art\u0131k kendimi daha iyi ifade edebiliyorum. D\u00fcnyaya bak\u0131\u015f a\u00e7\u0131m de\u011fi\u015fti. Herkesle daha iyi anla\u015f\u0131yorum, ufkum a\u00e7\u0131ld\u0131. Kitap okuman\u0131n faydas\u0131n\u0131 g\u00f6rd\u00fcm ve herkese tavsiye ediyorum. Beni g\u00f6ren akrabalar\u0131m da kitap okumaya ba\u015flad\u0131.Ger\u00e7ekten bizim i\u00e7in \u00e7ok b\u00fcy\u00fck hizmet oldu&#8221; diye konu\u015ftu.Zeynep Okutan ise \u00e7ocuklu\u011fundan beri kitap okudu\u011funu s\u00f6yledi.\u0130ki y\u0131ld\u0131r k\u00fct\u00fcphaneden yararland\u0131\u011f\u0131n\u0131 s\u00f6yleyen dile getiren Okutan, her defas\u0131nda 3 kitap ald\u0131\u011f\u0131n\u0131 ve bu sayede kelime hazinesinin zenginle\u015fti\u011fini vurgulad\u0131.Gezici k\u00fct\u00fcphane g\u00f6revlisi Hamit Karaku\u015f da 35 k\u00f6ye giderek \u00f6\u011frencilere ve vatanda\u015flara hizmet verdiklerini belirterek, \u00f6zellikle gen\u00e7 k\u0131zlar\u0131n ilgisinden memnun olduklar\u0131n\u0131 kaydetti.<\/p>\n<p style=\"text-align: justify;\">Kaynak: http:\/\/beyazgazete.com<\/p>\n","protected":false},"excerpt":{"rendered":"<p>Ad\u0131yaman&#8217;da, k\u0131rsal kesimdeki \u00f6\u011frencilere ula\u015fmay\u0131 hedefleyen gezici k\u00fct\u00fcphaneden k\u00f6ylerdeki kad\u0131nlar da yararlan\u0131yor. Valili\u011fin, Sosyal Destek Program\u0131 kapsam\u0131nda olu\u015fturdu\u011fu gezici k\u00fct\u00fcphane, 35 k\u00f6y\u00fc gezerek \u00f6\u011frencilere okumak istedikleri kitab\u0131 \u00f6d\u00fcn\u00e7 alma imkan\u0131 sunuyor.K\u00fct\u00fcphaneden farkl\u0131 kitaplar\u0131 alarak okuyan \u00f6\u011frenciler, okullar\u0131nda bulamad\u0131klar\u0131 kitaplara ula\u015fabiliyor,<\/p>\n","protected":false},"author":1,"featured_media":0,"comment_status":"open","ping_status":"open","sticky":false,"template":"","format":"standard","meta":{"footnotes":""},"categories":[1,1486],"tags":[1440],"class_list":["post-11113","post","type-post","status-publish","format-standard","hentry","category-genel","category-gezici-kutuphane","tag-gezici-kutuphaneler"],"_links":{"self":[{"href":"https:\/\/www.bbyhaber.com\/bby\/wp-json\/wp\/v2\/posts\/11113"}],"collection":[{"href":"https:\/\/www.bbyhaber.com\/bby\/wp-json\/wp\/v2\/posts"}],"about":[{"href":"https:\/\/www.bbyhaber.com\/bby\/wp-json\/wp\/v2\/types\/post"}],"author":[{"embeddable":true,"href":"https:\/\/www.bbyhaber.com\/bby\/wp-json\/wp\/v2\/users\/1"}],"replies":[{"embeddable":true,"href":"https:\/\/www.bbyhaber.com\/bby\/wp-json\/wp\/v2\/comments?post=11113"}],"version-history":[{"count":0,"href":"https:\/\/www.bbyhaber.com\/bby\/wp-json\/wp\/v2\/posts\/11113\/revisions"}],"wp:attachment":[{"href":"https:\/\/www.bbyhaber.com\/bby\/wp-json\/wp\/v2\/media?parent=11113"}],"wp:term":[{"taxonomy":"category","embeddable":true,"href":"https:\/\/www.bbyhaber.com\/bby\/wp-json\/wp\/v2\/categories?post=11113"},{"taxonomy":"post_tag","embeddable":true,"href":"https:\/\/www.bbyhaber.com\/bby\/wp-json\/wp\/v2\/tags?post=11113"}],"curies":[{"name":"wp","href":"https:\/\/api.w.org\/{rel}","templated":true}]}}