{"id":11093,"date":"2013-05-21T09:33:11","date_gmt":"2013-05-21T06:33:11","guid":{"rendered":"http:\/\/www.bbyhaber.com\/bby\/?p=11093"},"modified":"2013-05-21T09:33:27","modified_gmt":"2013-05-21T06:33:27","slug":"bursa-oyuncak-kutuphanesine-kavusuyor","status":"publish","type":"post","link":"https:\/\/www.bbyhaber.com\/bby\/2013\/05\/21\/bursa-oyuncak-kutuphanesine-kavusuyor","title":{"rendered":"Bursa Oyuncak K\u00fct\u00fcphanesine kavu\u015fuyor"},"content":{"rendered":"<p style=\"text-align: justify;\">Bursa\u2019ya gezici ve e\u011fitici bir oyuncak k\u00fct\u00fcphanesi kazand\u0131racak olan protokol, B\u00fcy\u00fck\u015fehir Belediye Ba\u015fkan\u0131 Recep Altepe ve Uluda\u011f \u00dcniversitesi Rekt\u00f6r\u00fc Prof. Dr. Kamil Dilek taraf\u0131ndan imzaland\u0131. Uluda\u011f \u00dcniversitesi Rekt\u00f6rl\u00fck Salonu\u2019nda ger\u00e7ekle\u015ftirilen imza t\u00f6renine, \u2018Gezici &#8211; E\u011fitimli Oyuncak K\u00fct\u00fcphanesi\u2019 Proje Koordinat\u00f6r\u00fc Prof. Dr. Handan Asude Ba\u015fal ile \u00f6\u011fretim g\u00f6revlileri de kat\u0131ld\u0131. Bursa B\u00fcy\u00fck\u015fehir Belediye Ba\u015fkan\u0131 Recep Altepe, oyuncak k\u00fct\u00fcphanesiyle de ihtiya\u00e7 sahibi \u00e7ocuklar\u0131n ya\u015famlar\u0131na yeni renkler kat\u0131laca\u011f\u0131na dikkati \u00e7ekti.<!--more--> Uluda\u011f \u00dcniversitesi ile birlikte \u00f6rnek \u00e7al\u0131\u015fmalara imza att\u0131klar\u0131n\u0131 hat\u0131rlatan Ba\u015fkan Altepe, &#8220;Tarih ba\u015fkenti Bursa, kent k\u00fclt\u00fcr\u00fcnde d\u00fcnyaya \u00f6rnek bir hale geldi. Oyuncak K\u00fct\u00fcphanesi, Bursa\u2019da gelecek ku\u015faklara emanet edilecek \u00f6rnek bir proje. Yakla\u015f\u0131k 500 y\u0131ll\u0131k bir eser olan Ali Pa\u015fa Mahallesi\u2019ndeki \u2018Hamam Tekke\u2019nin tahsisini Vak\u0131flar\u2019dan ald\u0131k, projeler yap\u0131ld\u0131. K\u00fclt\u00fcr Varl\u0131klar\u0131 Kurulu\u2019ndan onay al\u0131nd\u0131. Restorasyonu tamamland\u0131ktan sonra B\u00fcy\u00fck\u015fehir Belediyesi ve Uluda\u011f \u00dcniversitesi E\u011fitim Fak\u00fcltesi ortakl\u0131\u011f\u0131nda Bursa\u2019ya \u00e7ocuklar i\u00e7in bir oyuncak k\u00fct\u00fcphanesi ve b\u00fcnyesinde oyuncak yap\u0131m at\u00f6lyesi kazand\u0131rm\u0131\u015f olaca\u011f\u0131z.&#8221; diye konu\u015ftu.<\/p>\n<p style=\"text-align: justify;\">Uluda\u011f \u00dcniversitesi Rekt\u00f6r\u00fc Prof. Dr. Kamil Dilek de B\u00fcy\u00fck\u015fehir Belediyesi ile \u00fcniversite ve toplum i\u015fbirli\u011finin en g\u00fczel \u00f6rneklerini ger\u00e7ekle\u015ftirdiklerini kaydetti. Rekt\u00f6r Dilek, &#8220;\u00dcniversite ve B\u00fcy\u00fck\u015fehir Belediyesi, kendi kaynaklar\u0131ndan fon sa\u011flayarak \u00f6zg\u00fcn bir projeye imza at\u0131yor. Hem yeni oyuncaklar\u0131n hem de g\u00fcn\u00fcm\u00fczde kaybolan oyuncaklar\u0131n bug\u00fcne kazand\u0131r\u0131lmas\u0131 \u00e7ok \u00f6nemli. Bu k\u00fct\u00fcphaneden \u00f6zellikle merkeze uzakta ya\u015fayan \u00e7ocuklar\u0131n da yararlanacak olmas\u0131 bak\u0131m\u0131ndan da hayranl\u0131k duyulacak bir sosyal sorumluluk projesi ger\u00e7ekle\u015ftiriliyor.&#8221; \u015feklinde konu\u015ftu.<\/p>\n<p style=\"text-align: justify;\">Proje Koordinat\u00f6r\u00fc Prof. Dr. Handan As\u00fbde Ba\u015fal ise \u00e7al\u0131\u015fman\u0131n detaylar\u0131n\u0131 anlatt\u0131\u011f\u0131 a\u00e7\u0131klamas\u0131nda, 3 y\u0131ld\u0131r d\u00fc\u015f\u00fcnd\u00fc\u011f\u00fc projeyi ancak bu y\u0131l i\u015flevsel olarak uygulama f\u0131rsat\u0131 bulduklar\u0131n\u0131 belirtti. Prof. Dr. Ba\u015fal, projenin \u00f6zellikle dezavantajl\u0131 b\u00f6lgeleri de kapsad\u0131\u011f\u0131n\u0131 belirterek, &#8220;D\u00fcnyada 5 bin 500\u2019den fazla noktada, T\u00fcrkiye\u2019de ise 5 \u2013 6 kentte oyuncak k\u00fct\u00fcphaneleri var. Bursa da yo\u011fun g\u00f6\u00e7 alan bir kent oldu\u011fundan, \u00f6zellikle \u015fartlar\u0131 elveri\u015fsiz \u00e7evrelerde ya\u015fayan, ailelerinin sosyo ekonomik yetersizlikleri nedeniyle oyuncak sahibi olamayan ve yeterince oyuncakla tan\u0131\u015fma f\u0131rsat\u0131 bulamam\u0131\u015f \u00e7ocuklara ula\u015fmay\u0131 hedefliyoruz. Gezici ara\u00e7larla oyuncaklar\u0131 \u00e7ocuklar\u0131n aya\u011f\u0131na kadar g\u00f6t\u00fcr\u00fcp, hem ara\u00e7ta oynama hem de \u00f6d\u00fcn\u00e7 vererek belirli s\u00fcrelerde evlerinde oyuncaklar\u0131 oynay\u0131p sonra iade etme y\u00f6ntemiyle projeyi hayata ge\u00e7irece\u011fiz. Ayr\u0131ca merkezde okul \u00f6ncesi ana bilim dal\u0131ndan e\u011fitmenlerimizle, geleneksel oyuncaklar\u0131n ya\u015fat\u0131laca\u011f\u0131 oyuncak yap\u0131m\u0131 uygulamalar\u0131m\u0131z da olacak.&#8221; dedi.<\/p>\n<p style=\"text-align: justify;\">Hamam Tekke Kona\u011f\u0131\u2019n\u0131n ilk iki kat\u0131 oyuncak k\u00fct\u00fcphanesi, bir kat\u0131 da \u00e7ocuk kitaplar\u0131n\u0131n oldu\u011fu bir k\u00fct\u00fcphane olarak hizmet verecek. Proje hayata ge\u00e7irildi\u011finde, \u00f6zellikle dezavantajl\u0131 b\u00f6lgelerde ya\u015fayan \u00e7ocuklar\u0131n aya\u011f\u0131na kadar g\u00f6t\u00fcr\u00fclen oyuncaklar, \u00e7ocuklar\u0131n zihin geli\u015fimlerine katk\u0131 sa\u011flayacak.<\/p>\n<p style=\"text-align: justify;\">Kaynak:http:\/\/www.focushaber.com<\/p>\n","protected":false},"excerpt":{"rendered":"<p>Bursa\u2019ya gezici ve e\u011fitici bir oyuncak k\u00fct\u00fcphanesi kazand\u0131racak olan protokol, B\u00fcy\u00fck\u015fehir Belediye Ba\u015fkan\u0131 Recep Altepe ve Uluda\u011f \u00dcniversitesi Rekt\u00f6r\u00fc Prof. Dr. Kamil Dilek taraf\u0131ndan imzaland\u0131. Uluda\u011f \u00dcniversitesi Rekt\u00f6rl\u00fck Salonu\u2019nda ger\u00e7ekle\u015ftirilen imza t\u00f6renine, \u2018Gezici &#8211; E\u011fitimli Oyuncak K\u00fct\u00fcphanesi\u2019 Proje Koordinat\u00f6r\u00fc Prof. Dr. Handan Asude Ba\u015fal ile \u00f6\u011fretim g\u00f6revlileri de kat\u0131ld\u0131. Bursa B\u00fcy\u00fck\u015fehir Belediye Ba\u015fkan\u0131 Recep Altepe, [&hellip;]<\/p>\n","protected":false},"author":1,"featured_media":0,"comment_status":"open","ping_status":"open","sticky":false,"template":"","format":"standard","meta":{"footnotes":""},"categories":[1],"tags":[1442],"class_list":["post-11093","post","type-post","status-publish","format-standard","hentry","category-genel","tag-oyuncak-kutuphaneleri"],"_links":{"self":[{"href":"https:\/\/www.bbyhaber.com\/bby\/wp-json\/wp\/v2\/posts\/11093"}],"collection":[{"href":"https:\/\/www.bbyhaber.com\/bby\/wp-json\/wp\/v2\/posts"}],"about":[{"href":"https:\/\/www.bbyhaber.com\/bby\/wp-json\/wp\/v2\/types\/post"}],"author":[{"embeddable":true,"href":"https:\/\/www.bbyhaber.com\/bby\/wp-json\/wp\/v2\/users\/1"}],"replies":[{"embeddable":true,"href":"https:\/\/www.bbyhaber.com\/bby\/wp-json\/wp\/v2\/comments?post=11093"}],"version-history":[{"count":0,"href":"https:\/\/www.bbyhaber.com\/bby\/wp-json\/wp\/v2\/posts\/11093\/revisions"}],"wp:attachment":[{"href":"https:\/\/www.bbyhaber.com\/bby\/wp-json\/wp\/v2\/media?parent=11093"}],"wp:term":[{"taxonomy":"category","embeddable":true,"href":"https:\/\/www.bbyhaber.com\/bby\/wp-json\/wp\/v2\/categories?post=11093"},{"taxonomy":"post_tag","embeddable":true,"href":"https:\/\/www.bbyhaber.com\/bby\/wp-json\/wp\/v2\/tags?post=11093"}],"curies":[{"name":"wp","href":"https:\/\/api.w.org\/{rel}","templated":true}]}}