{"id":1109,"date":"2010-12-23T16:31:57","date_gmt":"2010-12-23T16:31:57","guid":{"rendered":"http:\/\/www.bbyhaber.com\/bby\/?p=1109"},"modified":"2012-05-15T11:14:59","modified_gmt":"2012-05-15T11:14:59","slug":"ogretmen-adaylarindan-koy-okuluna-kutuphane","status":"publish","type":"post","link":"https:\/\/www.bbyhaber.com\/bby\/2010\/12\/23\/ogretmen-adaylarindan-koy-okuluna-kutuphane","title":{"rendered":"\u00d6\u011fretmen Adaylar\u0131ndan K\u00f6y Okuluna K\u00fct\u00fcphane"},"content":{"rendered":"<p style=\"text-align: justify;\" align=\"justify\">Sakarya \u00dcniversitesi Hendek E\u011fitim Fak\u00fcltesi \u00f6\u011frencileri, Sakarya&#8217;n\u0131n Hendek il\u00e7esine ba\u011fl\u0131 \u00c7aml\u0131ca \u0130lk\u00f6\u011fretim Okulu&#8217;nda bir k\u00fct\u00fcphane olu\u015fturdu. Sakarya \u00dcniversitesi Hendek E\u011fitim Fak\u00fcltesi T\u00fcrk\u00e7e \u00d6\u011fretmenli\u011fi 3. s\u0131n\u0131fta okuyan 25 \u00f6\u011frenci, \u00c7aml\u0131ca \u0130lk\u00f6\u011fretim Okulu&#8217;nda g\u00fcnlerdir s\u00fcrd\u00fcrd\u00fckleri \u00e7al\u0131\u015fmalar\u0131n ard\u0131ndan bir k\u00fct\u00fcphane olu\u015fturdu. Masalar\u0131ndan kitaplar\u0131na kadar her \u015feyi elleriyle yerle\u015ftiren ve s\u0131n\u0131f\u0131n boyas\u0131n\u0131 yapan \u00f6\u011frenciler, a\u00e7\u0131l\u0131\u015fta olduk\u00e7a heyecanl\u0131yd\u0131. <!--more-->K\u00fct\u00fcphanenin a\u00e7\u0131l\u0131\u015f\u0131na Hendek Kaymakam\u0131 Mustafa Ayhan da kat\u0131ld\u0131. Ayhan, \u00f6\u011frencileri yapm\u0131\u015f olduklar\u0131 bu anlaml\u0131 davran\u0131\u015ftan \u00f6t\u00fcr\u00fc kutlad\u0131\u011f\u0131n\u0131 belitti.<\/p>\n<p style=\"text-align: justify;\" align=\"justify\">Sakarya \u00dcniversitesi Hendek E\u011fitim Fak\u00fcltesi \u00d6\u011fretim G\u00f6revlisi Mehmet Gedizli, \u00f6\u011frencilerinin bu \u00e7al\u0131\u015fmas\u0131ndan dolay\u0131 \u00e7ok mutlu oldu\u011funu s\u00f6yledi. \u00d6\u011frencileri kutlayan Gedizli, &#8220;Y\u00d6K taraf\u0131ndan e\u011fitim fak\u00fcltelerine ilk defa konulan okuma hizmet uygulamalar\u0131 dersi ba\u011flam\u0131nda bu \u00e7al\u0131\u015fmay\u0131 yapt\u0131k. Gen\u00e7lerle beraber ne yapal\u0131m ara\u015ft\u0131rmas\u0131 yapt\u0131k. Ne sadece hoca olarak benim ne de bir \u00f6\u011frencimizin fikri de\u011fil, bu ortak akl\u0131n olu\u015fumuyla k\u00fct\u00fcphane yap\u0131lmas\u0131n\u0131 kararla\u015ft\u0131rd\u0131k. \u0130mkan\u0131 olan insanlar\u0131n b\u00f6yle bir<\/p>\n<p style=\"text-align: justify;\" align=\"justify\">olu\u015fuma katk\u0131da bulunmalar\u0131na vesile olabilmek, bizim \u00f6\u011frencilerimiz de bunlar\u0131 yapt\u0131. Ben hepsine \u00e7ok te\u015fekk\u00fcr ediyorum. Yani onlar\u0131 s\u0131k\u0131\u015ft\u0131rd\u0131m bu bir rold\u00fc, \u00f6\u011fretmenli\u011fin getirdi\u011fi bir rold\u00fc. Ama onlar hi\u00e7 pes etmediler, gayret ettiler. Ben onlar\u0131n hepsini g\u00f6zlerinden \u00f6p\u00fcyorum. Onlar \u00f6\u011fretmen olduklar\u0131 zaman gittikleri yerlerde mum olacaklar, belki de baz\u0131lar\u0131 projekt\u00f6r olacak&#8221; dedi.<\/p>\n<p style=\"text-align: justify;\" align=\"justify\">Projede yer alan \u00f6\u011frencilerden \u00c7isem G\u00f6ktepe, &#8220;T\u00fcrk\u00e7e \u00f6\u011fretmeni aday\u0131y\u0131m. Hem kendi ad\u0131ma hem de arkada\u015flar\u0131m ad\u0131na hem de bu k\u00fct\u00fcphaneden faydalanacak \u00f6\u011frenciler ad\u0131na \u00f6ncelikle \u00e7ok mutlu oldu\u011fumu s\u00f6ylemek istiyorum. \u0130lerde \u00f6\u011fretmen oldu\u011fumda \u00f6\u011frencilerimin kar\u015f\u0131s\u0131na gururla \u00e7\u0131kabilece\u011fim bir an\u0131m oldu. O nedenle \u00e7ok mutluyum. Elbette her \u00f6\u011frenciye geldi\u011fi gibi bu \u00f6devde bize geldi\u011finde ilk ba\u015fta zor gelmi\u015fti. Ama sonra elle tutulur bir \u015feyler ortaya \u00e7\u0131kt\u0131\u011f\u0131nda ve hani \u00e7evredeki insanlarda bize duyars\u0131z kalmad\u0131\u011f\u0131nda ger\u00e7ekten yapabilir diye d\u00fc\u015f\u00fcnd\u00fcm. Bu i\u015f bize bir zevk haline geldi. Bu g\u00fcne ula\u015fabildi\u011fimiz i\u00e7in ben ger\u00e7ekten \u00e7ok mutluyum. Umar\u0131m bu k\u00fct\u00fcphaneden lay\u0131\u011f\u0131nca yararlan\u0131l\u0131r&#8221; dedi.<\/p>\n<p style=\"text-align: justify;\" align=\"justify\">Bir ba\u015fka \u00f6\u011frenci Yusuf \u00c7a\u011f\u0131r\u0131c\u0131 ise, k\u00fct\u00fcphanenin kendileri i\u00e7in ilk ba\u015fta bir hayal oldu\u011funu s\u00f6yleyerek, &#8220;Bu projede yer alan ki\u015filerden bir tanesiyim. Bu projeye ba\u015flarken bir hayaldi ger\u00e7ekten. Burada bir k\u00fct\u00fcphanenin olaca\u011f\u0131 masalar\u0131n olaca\u011f\u0131 \u00f6\u011frencilerin okuyaca\u011f\u0131 bize hayal gibi geliyordu. Bakt\u0131k bir \u015feyler olmaya ba\u015flad\u0131. Birileri oradan kitap buldu, birileri ben masa i\u015fini kar\u015f\u0131lar\u0131m dedi. Hatta boyay\u0131 bile ba\u015fka yerlerden kar\u015f\u0131lad\u0131k. Ben burada kendim ve arkada\u015flar\u0131m\u0131z\u0131n da en fazla kazand\u0131klar\u0131 \u015feyin \u00f6zg\u00fcven oldu\u011funu d\u00fc\u015f\u00fcn\u00fcyorum. Birilerinden kar\u015f\u0131l\u0131ks\u0131z bir \u015fey istemek ger\u00e7ekten zor. \u00c7\u00fcnk\u00fc bir kar\u015f\u0131l\u0131k vermeyeceksiniz, adama bir \u015fey vermeden bir \u015fey istiyorsunuz&#8221; dedi.<\/p>\n<p style=\"text-align: justify;\" align=\"justify\">S\u0131n\u0131ftaki toplam 52 arkada\u015flar\u0131n\u0131n \u00e7al\u0131\u015fmalar destek oldu\u011funu belirten \u00c7a\u011f\u0131r\u0131c\u0131, &#8220;B\u00fct\u00fcn arkada\u015flar\u0131m\u0131z can havliyle ger\u00e7ekten \u00e7ok iyi \u00e7al\u0131\u015ft\u0131lar. \u0130mkans\u0131z olan\u0131 ba\u015fard\u0131k diyebiliriz. Elimizde hi\u00e7bir \u015fey yoktu. Hatta yeri geldi yol paras\u0131 bile bulamayacak durumdayd\u0131k. Sonu\u00e7ta \u00f6\u011frenciyiz, olas\u0131l\u0131klar b\u00f6yle T\u00fcrkiye \u015fartlar\u0131 malum. Ama bu proje bu hale geldi. Her \u015feyimiz tamam. Benim d\u00fc\u015f\u00fcncem in\u015fallah bu k\u00fct\u00fcphaneden ileride \u00e7ok g\u00fczel gen\u00e7lerin \u00e7\u0131kmas\u0131. Vatana, millete faydal\u0131 olacak gen\u00e7lerin \u00e7\u0131kmas\u0131. Tek temennimiz bu ben bu projede yer alan b\u00fct\u00fcn herkese te\u015fekk\u00fcr ediyorum&#8221; dedi.\u00a0<strong><\/strong><\/p>\n<p style=\"text-align: justify;\" align=\"justify\">Kaynak: <a href=\"http:\/\/www.iha.com.tr\/\" target=\"_blank\">http:\/\/www.iha.com.tr<\/a><\/p>\n","protected":false},"excerpt":{"rendered":"<p>Sakarya \u00dcniversitesi Hendek E\u011fitim Fak\u00fcltesi \u00f6\u011frencileri, Sakarya&#8217;n\u0131n Hendek il\u00e7esine ba\u011fl\u0131 \u00c7aml\u0131ca \u0130lk\u00f6\u011fretim Okulu&#8217;nda bir k\u00fct\u00fcphane olu\u015fturdu. Sakarya \u00dcniversitesi Hendek E\u011fitim Fak\u00fcltesi T\u00fcrk\u00e7e \u00d6\u011fretmenli\u011fi 3. s\u0131n\u0131fta okuyan 25 \u00f6\u011frenci, \u00c7aml\u0131ca \u0130lk\u00f6\u011fretim Okulu&#8217;nda g\u00fcnlerdir s\u00fcrd\u00fcrd\u00fckleri \u00e7al\u0131\u015fmalar\u0131n ard\u0131ndan bir k\u00fct\u00fcphane olu\u015fturdu. Masalar\u0131ndan kitaplar\u0131na kadar her \u015feyi elleriyle yerle\u015ftiren ve s\u0131n\u0131f\u0131n boyas\u0131n\u0131 yapan \u00f6\u011frenciler, a\u00e7\u0131l\u0131\u015fta olduk\u00e7a heyecanl\u0131yd\u0131.<\/p>\n","protected":false},"author":1,"featured_media":0,"comment_status":"open","ping_status":"open","sticky":false,"template":"","format":"standard","meta":{"footnotes":""},"categories":[1,1498],"tags":[],"class_list":["post-1109","post","type-post","status-publish","format-standard","hentry","category-genel","category-koy-kutuphaneleri"],"_links":{"self":[{"href":"https:\/\/www.bbyhaber.com\/bby\/wp-json\/wp\/v2\/posts\/1109"}],"collection":[{"href":"https:\/\/www.bbyhaber.com\/bby\/wp-json\/wp\/v2\/posts"}],"about":[{"href":"https:\/\/www.bbyhaber.com\/bby\/wp-json\/wp\/v2\/types\/post"}],"author":[{"embeddable":true,"href":"https:\/\/www.bbyhaber.com\/bby\/wp-json\/wp\/v2\/users\/1"}],"replies":[{"embeddable":true,"href":"https:\/\/www.bbyhaber.com\/bby\/wp-json\/wp\/v2\/comments?post=1109"}],"version-history":[{"count":0,"href":"https:\/\/www.bbyhaber.com\/bby\/wp-json\/wp\/v2\/posts\/1109\/revisions"}],"wp:attachment":[{"href":"https:\/\/www.bbyhaber.com\/bby\/wp-json\/wp\/v2\/media?parent=1109"}],"wp:term":[{"taxonomy":"category","embeddable":true,"href":"https:\/\/www.bbyhaber.com\/bby\/wp-json\/wp\/v2\/categories?post=1109"},{"taxonomy":"post_tag","embeddable":true,"href":"https:\/\/www.bbyhaber.com\/bby\/wp-json\/wp\/v2\/tags?post=1109"}],"curies":[{"name":"wp","href":"https:\/\/api.w.org\/{rel}","templated":true}]}}