{"id":11087,"date":"2013-05-20T16:13:51","date_gmt":"2013-05-20T13:13:51","guid":{"rendered":"http:\/\/www.bbyhaber.com\/bby\/?p=11087"},"modified":"2013-05-22T10:03:46","modified_gmt":"2013-05-22T07:03:46","slug":"okuma-aliskanligi-icin-kutuphane-gelenegimizi-canlandirmaliyiz","status":"publish","type":"post","link":"https:\/\/www.bbyhaber.com\/bby\/2013\/05\/20\/okuma-aliskanligi-icin-kutuphane-gelenegimizi-canlandirmaliyiz","title":{"rendered":"Okuma al\u0131\u015fkanl\u0131\u011f\u0131 i\u00e7in k\u00fct\u00fcphane gelene\u011fimizi canland\u0131rmal\u0131y\u0131z"},"content":{"rendered":"<p style=\"text-align: justify;\"><img loading=\"lazy\" decoding=\"async\" class=\"alignleft\" src=\"http:\/\/img.bugun.com.tr\/hayrunnisa-gul-erzurumda-konusan-kitap-senligini-baslatti_633926_340_226.jpg\" alt=\"\" width=\"229\" height=\"159\" \/>Atat\u00fcrk \u00dcniversitesi K\u00fclt\u00fcr Merkezi A Salonunda 6&#8217;nc\u0131s\u0131 d\u00fczenlenen &#8216;Konu\u015fan Kitap \u015eenli\u011fi&#8217;ne Hayr\u00fcnisa G\u00fcl, Vali Sebahattin \u00d6zt\u00fcrk ile e\u015fi Nihal \u00d6zt\u00fcrk, B\u00fcy\u00fck\u015fehir Belediye Ba\u015fkan\u0131 Ahmet K\u00fc\u00e7\u00fckler ve e\u015fi Ay\u015fenur K\u00fc\u00e7\u00fckler, Atat\u00fcrk \u00dcniversitesi Rekt\u00f6r\u00fc Prof.Dr. Hikmet Ko\u00e7ak, \u0130l Emniyet M\u00fcd\u00fcr\u00fc Halit Turgut Y\u0131ld\u0131z ile e\u015fi Sevilay Y\u0131ld\u0131z, b\u00fcrokratlar, kamu kurum m\u00fcd\u00fcrleri, kaymakam ve e\u015fleri, il\u00e7e belediye ba\u015fkanlar\u0131, \u00f6\u011frenciler kat\u0131ld\u0131. Yo\u011fun g\u00fcvenlik \u00f6nlemlerinin <!--more-->al\u0131nd\u0131\u011f\u0131 K\u00fclt\u00fcr Merkezi&#8217;nde konu\u015fan Hayr\u00fcnnisa G\u00fcl, toplumda okuma bilincini geli\u015ftirmek ve \u00e7ocuklara okuma al\u0131\u015fkanl\u0131\u011f\u0131 kazand\u0131rmak i\u00e7in \u0130stanbul, \u015eanl\u0131urfa, Kayseri, Ordu ve \u0130zmir&#8217;in ard\u0131ndan Erzurum&#8217;da Dada\u015flarla bir araya geldi\u011fini s\u00f6yledi. Bir kitab\u0131n insan\u0131n hayat\u0131n\u0131 ve hatta b\u00fct\u00fcn d\u00fcnyan\u0131n kaderini de\u011fi\u015ftirebilece\u011fini s\u00f6yleyen Hayr\u00fcnisa G\u00fcl, kat\u0131l\u0131mc\u0131lara d\u00fcnyaca \u00fcnl\u00fc Apple Computer&#8217;in kurucusu Steve Jobs&#8217;un hayat\u0131n\u0131 k\u0131saca anlatt\u0131. Steve Jobs&#8217;un bir kitap okuyarak hayat\u0131n\u0131n de\u011fi\u015fti\u011fini ve bug\u00fcn milyarlarca insan\u0131n hayat\u0131na y\u00f6n veren d\u00fcnyan\u0131n ikinci b\u00fcy\u00fck \u015firketinin kurucusu oldu\u011funu belirten Hayr\u00fcnnisa G\u00fcl, \u015f\u00f6yle dedi:<\/p>\n<p style=\"text-align: justify;\">&#8220;Bizler; \u0130lk emri &#8216;oku&#8217; olan bir dinin mensuplar\u0131 olarak okuman\u0131n ibadet say\u0131ld\u0131\u011f\u0131, kitab\u0131n, yazar\u0131n mukaddes g\u00f6r\u00fcld\u00fc\u011f\u00fc bir k\u00fclt\u00fcrden geliyoruz. Tarihimiz \u00f6mr\u00fcn\u00fc okumaya, \u00f6\u011frenmeye adam\u0131\u015f, kahramanlar\u0131n destanlar\u0131yla dolu. Gecelerini okuma ve yazmayla ge\u00e7iren &#8216;El kanun Fi&#8217;t T\u0131p&#8217; isimli eseri 6 y\u00fczy\u0131l boyunca Bat\u0131&#8217;da ders kitab\u0131 olarak okutulan \u0130bni Sina&#8217;n\u0131n, sabahlara kadar kitap okuyan, 19 ya\u015f\u0131nda 6 dil bilen Fatih&#8217;in, M\u0131s\u0131r seferine giderken beraberinde 3 kat\u0131r y\u00fck\u00fc kitap g\u00f6t\u00fcren Yavuz&#8217;un torunlar\u0131y\u0131z biz. Her konuda oldu\u011fu gibi okuma konusunda da ecdad\u0131m\u0131za lay\u0131k olmal\u0131, ge\u00e7mi\u015fin gerisinde kalmamal\u0131y\u0131z.&#8221;<\/p>\n<p style=\"text-align: justify;\">Kitap \u015fenli\u011fine kat\u0131lan g\u00f6n\u00fcll\u00fc yazar, sanat\u00e7\u0131 ve ayd\u0131nlara te\u015fekk\u00fcr eden Hayr\u00fcnnisa G\u00fcl Ahmet Hamdi Tanp\u0131nar&#8217;\u0131n &#8216;Be\u015f \u015eehir&#8217; isimli roman\u0131ndan Erzurum b\u00f6l\u00fcm\u00fcn\u00fc okudu. Hayr\u00fcnnisa G\u00fcl daha sonra konu\u015fmas\u0131na \u015f\u00f6yle devam etti:<\/p>\n<p style=\"text-align: justify;\">&#8220;\u00c7ocuklara okuma al\u0131\u015fkanl\u0131\u011f\u0131 kazand\u0131rmak birey, aile ve \u00f6\u011fretmenlerin sorumlulu\u011fu oldu\u011fu kadar devletimizin, miletimizin k\u0131sacas\u0131 hepimizin g\u00f6revidir. Geli\u015fmi\u015f \u00fclkelerin hemen hepsinde bu konuyla \u00f6zel olarak ilgileniliyor. \u00c7ocuklara kitap sevgisi a\u015f\u0131lamak amac\u0131yla ulusal okuma programlar\u0131 haz\u0131rlan\u0131yor, k\u00fct\u00fcphaler kuruluyor, yayg\u0131nla\u015ft\u0131r\u0131l\u0131yor ve \u00e7ocuklar i\u00e7in cazibe merkezi haline getiriliyor. \u00dclkemizde 900 y\u0131l\u0131k bir k\u00fct\u00fcphane gelene\u011fi var. Osmanl\u0131 \u0130mparatorlu\u011funun ilk d\u00f6nemlerinden itibaren k\u00fct\u00fcphaneler cami, t\u00fcrbe, medrese ve imarethane gibi kurumlar i\u00e7inde yer alm\u0131\u015ft\u0131r. \u0130mparatorlu\u011fun b\u00fcy\u00fcmesi ile birlikte Anadolu&#8217;nun bir \u00e7ok yerinde k\u00fct\u00fcphaler kurulmu\u015ftur. Bu k\u00fct\u00fcphanelerden baz\u0131lar\u0131 g\u00fcn\u00fcm\u00fczde varl\u0131\u011f\u0131n\u0131 s\u00fcrd\u00fcrmektedir. <strong>G\u00fcn\u00fcm\u00fczde ne yaz\u0131kki k\u00fct\u00fcphanelerimiz nicelik ve nitelik bak\u0131m\u0131ndan geli\u015fmi\u015f \u00fclkelerin olduk\u00e7a gerisinde. Uluslararas\u0131 standartlara g\u00f6re T\u00fcrkiye&#8217;deki halk k\u00fct\u00fcphanelerinde 123 milyonu a\u015fk\u0131n kitap bulunmas\u0131 gerekirken sadece 13 milyon kitab\u0131m\u0131z var. 5 milyon n\u00fcfuslu Fillandiya&#8217;da bin 202 k\u00fct\u00fcphane bulunurken 70 milyonluk T\u00fcrkiye&#8217;de bu rakam sadece bin 434.<\/strong> Bu durumun bize, \u00fclkemize, ge\u00e7mi\u015fimize hi\u00e7 de yara\u015f\u0131r bir tablo olmad\u0131\u011f\u0131 a\u015fikar. \u00c7ocuklar\u0131m\u0131za kitab\u0131 sevdirmenin yolu k\u00fct\u00fcphanelerden ge\u00e7er. Toplum olarak kitapla ili\u015fkimizi g\u00fc\u00e7lendirmek, yeni nesilere okuma al\u0131\u015fkanl\u0131\u011f\u0131 kazand\u0131rmak istiyorsak k\u00fct\u00fcphane gelene\u011fimizi canland\u0131rmal\u0131y\u0131z. Bu konuda belediyelerin \u00f6nemli bir misyon \u00fcstlenebilece\u011fini d\u00fc\u015f\u00fcn\u00fcyorum. Belediyelerin, illerin, il\u00e7eleri ve beldelerinde k\u00fct\u00fcphane kurmas\u0131 y\u00f6n\u00fcnde buradan \u00e7a\u011fr\u0131da bulunuyorum. Bu k\u00fct\u00fcphaneleri binlerce kitapla, \u00e7e\u015fitli etkinliklerle, oyun alanlar\u0131 ve teknolojik imkanlarla \u00e7ocuklar\u0131m\u0131z i\u00e7in ilgi \u00e7ekici mekanlar haline getirin. Tek bir \u00e7ocu\u011fun bile hayat\u0131n\u0131 de\u011fi\u015ftirecek kitaba ula\u015fmas\u0131na vesile olursan\u0131z, inan\u0131n hem bu d\u00fcnya hem de ahiretiniz i\u00e7in arkan\u0131zda b\u0131rakaca\u011f\u0131n\u0131z en k\u0131ymetli eser bu olacakt\u0131r.&#8221;<\/p>\n<p style=\"text-align: justify;\">Cumhurba\u015fkanl\u0131\u011f\u0131 Genel Sekreteri Mustafa \u0130sen, Edebiyat\u00e7\u0131 Prof. Dr. Nurullah Gen\u00e7 ve yazar \u0130clal Ayd\u0131n, &#8216;Gezegen Mehmet&#8217; ad\u0131yla tan\u0131nan radyocu Mehmet Akbay&#8217;a kitap ile ilgili an\u0131lar\u0131n\u0131 anlatt\u0131lar. Halk oyunlar\u0131 ekibinin g\u00f6sterisinin ard\u0131ndan T\u00fcrk Halk M\u00fczi\u011fi sanat\u00e7\u0131s\u0131 Nurullah Ak\u00e7ay\u0131r, sevilen t\u00fcrk\u00fcler seslendirdi. Halk ozanlar\u0131, kitapla ilgili deyi\u015fler s\u00f6yledi. AKUT Ba\u015fkan\u0131 Nasuh Mahruki ve 80&#8217;ler dizisiyle tan\u0131nan &#8216;Bek\u00e7i Bekir&#8217; isimli Ali Konuk, s\u00f6yle\u015fide bulundu. Konu\u015fmalar\u0131n ard\u0131ndan Hayr\u00fcnnisa G\u00fcl, organizasyonda eme\u011fi ge\u00e7enlere plaket verdi.<\/p>\n<p>Kaynak: http:\/\/www.bugun.com.tr<\/p>\n","protected":false},"excerpt":{"rendered":"<p>Atat\u00fcrk \u00dcniversitesi K\u00fclt\u00fcr Merkezi A Salonunda 6&#8217;nc\u0131s\u0131 d\u00fczenlenen &#8216;Konu\u015fan Kitap \u015eenli\u011fi&#8217;ne Hayr\u00fcnisa G\u00fcl, Vali Sebahattin \u00d6zt\u00fcrk ile e\u015fi Nihal \u00d6zt\u00fcrk, B\u00fcy\u00fck\u015fehir Belediye Ba\u015fkan\u0131 Ahmet K\u00fc\u00e7\u00fckler ve e\u015fi Ay\u015fenur K\u00fc\u00e7\u00fckler, Atat\u00fcrk \u00dcniversitesi Rekt\u00f6r\u00fc Prof.Dr. Hikmet Ko\u00e7ak, \u0130l Emniyet M\u00fcd\u00fcr\u00fc Halit Turgut Y\u0131ld\u0131z ile e\u015fi Sevilay Y\u0131ld\u0131z, b\u00fcrokratlar, kamu kurum m\u00fcd\u00fcrleri, kaymakam ve e\u015fleri, il\u00e7e belediye ba\u015fkanlar\u0131, [&hellip;]<\/p>\n","protected":false},"author":1,"featured_media":0,"comment_status":"open","ping_status":"open","sticky":false,"template":"","format":"standard","meta":{"footnotes":""},"categories":[1],"tags":[],"class_list":["post-11087","post","type-post","status-publish","format-standard","hentry","category-genel"],"_links":{"self":[{"href":"https:\/\/www.bbyhaber.com\/bby\/wp-json\/wp\/v2\/posts\/11087"}],"collection":[{"href":"https:\/\/www.bbyhaber.com\/bby\/wp-json\/wp\/v2\/posts"}],"about":[{"href":"https:\/\/www.bbyhaber.com\/bby\/wp-json\/wp\/v2\/types\/post"}],"author":[{"embeddable":true,"href":"https:\/\/www.bbyhaber.com\/bby\/wp-json\/wp\/v2\/users\/1"}],"replies":[{"embeddable":true,"href":"https:\/\/www.bbyhaber.com\/bby\/wp-json\/wp\/v2\/comments?post=11087"}],"version-history":[{"count":0,"href":"https:\/\/www.bbyhaber.com\/bby\/wp-json\/wp\/v2\/posts\/11087\/revisions"}],"wp:attachment":[{"href":"https:\/\/www.bbyhaber.com\/bby\/wp-json\/wp\/v2\/media?parent=11087"}],"wp:term":[{"taxonomy":"category","embeddable":true,"href":"https:\/\/www.bbyhaber.com\/bby\/wp-json\/wp\/v2\/categories?post=11087"},{"taxonomy":"post_tag","embeddable":true,"href":"https:\/\/www.bbyhaber.com\/bby\/wp-json\/wp\/v2\/tags?post=11087"}],"curies":[{"name":"wp","href":"https:\/\/api.w.org\/{rel}","templated":true}]}}