{"id":11056,"date":"2013-05-18T13:18:17","date_gmt":"2013-05-18T10:18:17","guid":{"rendered":"http:\/\/www.bbyhaber.com\/bby\/?p=11056"},"modified":"2013-05-18T13:18:17","modified_gmt":"2013-05-18T10:18:17","slug":"genc-unak-bulteni-13-sayisi-yayimlandi","status":"publish","type":"post","link":"https:\/\/www.bbyhaber.com\/bby\/2013\/05\/18\/genc-unak-bulteni-13-sayisi-yayimlandi","title":{"rendered":"Gen\u00e7 \u00dcNAK B\u00fclteni 13. Say\u0131s\u0131 Yay\u0131mland\u0131"},"content":{"rendered":"<p style=\"text-align: justify;\"><img loading=\"lazy\" decoding=\"async\" class=\"alignleft\" src=\"http:\/\/www.bbyhaber.com\/bby\/wp-content\/uploads\/bby-forum-logolar\/gencunak.jpg\" alt=\"\" width=\"187\" height=\"93\" \/>&#8220;Yine k\u0131\u015f\u0131 atlat\u0131p bahar\u0131 kar\u015f\u0131lad\u0131k bir heyecanla, umutla, mutlulukla. \u0130\u00e7imiz k\u0131p\u0131r k\u0131p\u0131r, bu say\u0131s\u0131nda da Gen\u00e7 \u00dcNAK b\u00fcltenimiz yine bilgi dolu. Bahar geldi, biz heyecan\u0131m\u0131za heyecan, hareketlili\u011fimize hareket katt\u0131k; her b\u00fclten bir \u00f6ncekinden daha fazla enerji doluyuz daha umutlu, daha bir mutluyuz. Gelin bu say\u0131da da ne\u015femize ortak olun, enerjimize g\u00fc\u00e7 kat\u0131n.&#8221;<!--more--><\/p>\n<p>Keyifle okuman\u0131z dile\u011fiyle&#8230;<\/p>\n<p><strong>\u0130\u00e7indekiler:<\/strong><\/p>\n<p><a title=\"Edit\u00f6rden (Zarife Y\u0131ld\u0131r\u0131m)\" href=\"http:\/\/gencunak.org\/bulten\/2013\/sayi-13\/item\/64-editorden.html\" target=\"_blank\">Edit\u00f6rden (Zarife Y\u0131ld\u0131r\u0131m)<\/a><br \/>\n<a title=\"\u0130nternet ve \u0130nternet Haftas\u0131 (Ay\u015fe Korkmaz)\" href=\"http:\/\/gencunak.org\/bulten\/2013\/sayi-13\/item\/65-internet-ve-internet-haftasi.html\" target=\"_blank\">\u0130nternet ve \u0130nternet Haftas\u0131 (Ay\u015fe Korkmaz)<\/a><br \/>\n<a title=\"Sosyal Medya Ara\u00e7lar\u0131 (Hakan Dikba\u015f)\" href=\"http:\/\/gencunak.org\/bulten\/2013\/sayi-13\/item\/66-sosyal-medya-araclari.html\" target=\"_blank\">Sosyal Medya Ara\u00e7lar\u0131 (Hakan Dikba\u015f)<\/a><br \/>\n<a href=\"http:\/\/gencunak.org\/bulten\/2013\/sayi-13\/item\/67-otokontrol-ve-basarinin-iliskisi.html\" target=\"_blank\">Otokontrol ve Ba\u015far\u0131n\u0131n \u0130li\u015fkisi (Zarife Y\u0131ld\u0131r\u0131m)<\/a><br \/>\n<a href=\"http:\/\/gencunak.org\/bulten\/2013\/sayi-13\/item\/68-49-kutuphane-haftasinin-ardindan.html\" target=\"_blank\">49.K\u00fct\u00fcphane Haftas\u0131n\u0131n Ard\u0131ndan (\u0130rem Kalyoncu)<\/a><br \/>\n<a href=\"http:\/\/gencunak.org\/bulten\/2013\/sayi-13\/item\/69-manga-kutuphanesi.html\" target=\"_blank\">Manga K\u00fct\u00fcphanesi (Deniz Ermi\u015fo\u011flu)<\/a><br \/>\n<a href=\"http:\/\/gencunak.org\/bulten\/2013\/sayi-13\/item\/70-bilkentteki-edebiyat-savascilari-bilkent-edebiyat-toplulugu.html\" target=\"_blank\">Bilkent\u2019teki Edebiyat Sava\u015f\u00e7\u0131lar\u0131: \u201cBilkent Edebiyat Toplulu\u011fu\u201d (Melisa Gelbal)<\/a><br \/>\n<a href=\"http:\/\/gencunak.org\/bulten\/2013\/sayi-13\/item\/71-tesadufler.html\" target=\"_blank\">Tesad\u00fcfler (Esra Kalyoncu)<\/a><br \/>\n<a href=\"http:\/\/gencunak.org\/bulten\/2013\/sayi-13\/item\/72-universite-ve-bolum-secim-maratonu.html\" target=\"_blank\">\u00dcniversite ve B\u00f6l\u00fcm Se\u00e7im Maratonu (\u00c7a\u011fr\u0131 Acar)<\/a><br \/>\n<a href=\"http:\/\/gencunak.org\/bulten\/2013\/sayi-13\/item\/73-farki-kutuphanede-de-biz-yaratiriz.html\" target=\"_blank\">Fark\u0131 K\u00fct\u00fcphanede De Biz Yarat\u0131r\u0131z!&#8230; (Merve \u00c7etinkaya)<\/a><br \/>\n<a href=\"http:\/\/gencunak.org\/bulten\/2013\/sayi-13\/item\/74-kemik-kilisesi.html\" target=\"_blank\">Kemik Kilisesi (Nur\u015fah Arslan)<\/a><br \/>\n<a href=\"http:\/\/gencunak.org\/bulten\/2013\/sayi-13\/item\/75-kagidin-yansimasi.html\" target=\"_blank\">Ka\u011f\u0131d\u0131n Yans\u0131mas\u0131 (F. Meri\u00e7 Dirik)<\/a><br \/>\n<a href=\"http:\/\/gencunak.org\/bulten\/2013\/sayi-13\/item\/76-moneyball-ve-bilgi-simsarligi.html\" target=\"_blank\">Moneyball ve Bilgi Simsarl\u0131\u011f\u0131 (Serdin\u00e7 Kaya)<\/a><br \/>\n<a title=\"\u201cBeyaz F\u0131r\u0131n\u2019dan Yeni \u00c7\u0131km\u0131\u015f Kurabiyeler\u201d (Sefa Mustafa DHYI)\" href=\"http:\/\/gencunak.org\/bulten\/2013\/sayi-13\/item\/77-beyaz-firindan-yeni-cikmis-kurabiyeler.html\" target=\"_blank\">\u201cBeyaz F\u0131r\u0131n\u2019dan Yeni \u00c7\u0131km\u0131\u015f Kurabiyeler\u201d (Sefa Mustafa DHYI)<\/a><\/p>\n","protected":false},"excerpt":{"rendered":"<p>&#8220;Yine k\u0131\u015f\u0131 atlat\u0131p bahar\u0131 kar\u015f\u0131lad\u0131k bir heyecanla, umutla, mutlulukla. \u0130\u00e7imiz k\u0131p\u0131r k\u0131p\u0131r, bu say\u0131s\u0131nda da Gen\u00e7 \u00dcNAK b\u00fcltenimiz yine bilgi dolu. Bahar geldi, biz heyecan\u0131m\u0131za heyecan, hareketlili\u011fimize hareket katt\u0131k; her b\u00fclten bir \u00f6ncekinden daha fazla enerji doluyuz daha umutlu, daha bir mutluyuz. Gelin bu say\u0131da da ne\u015femize ortak olun, enerjimize g\u00fc\u00e7 kat\u0131n.&#8221;<\/p>\n","protected":false},"author":1,"featured_media":0,"comment_status":"open","ping_status":"open","sticky":false,"template":"","format":"standard","meta":{"footnotes":""},"categories":[1],"tags":[1413,52],"class_list":["post-11056","post","type-post","status-publish","format-standard","hentry","category-genel","tag-bby-bilgi-toplulugu-gruplari","tag-gencunak"],"_links":{"self":[{"href":"https:\/\/www.bbyhaber.com\/bby\/wp-json\/wp\/v2\/posts\/11056"}],"collection":[{"href":"https:\/\/www.bbyhaber.com\/bby\/wp-json\/wp\/v2\/posts"}],"about":[{"href":"https:\/\/www.bbyhaber.com\/bby\/wp-json\/wp\/v2\/types\/post"}],"author":[{"embeddable":true,"href":"https:\/\/www.bbyhaber.com\/bby\/wp-json\/wp\/v2\/users\/1"}],"replies":[{"embeddable":true,"href":"https:\/\/www.bbyhaber.com\/bby\/wp-json\/wp\/v2\/comments?post=11056"}],"version-history":[{"count":0,"href":"https:\/\/www.bbyhaber.com\/bby\/wp-json\/wp\/v2\/posts\/11056\/revisions"}],"wp:attachment":[{"href":"https:\/\/www.bbyhaber.com\/bby\/wp-json\/wp\/v2\/media?parent=11056"}],"wp:term":[{"taxonomy":"category","embeddable":true,"href":"https:\/\/www.bbyhaber.com\/bby\/wp-json\/wp\/v2\/categories?post=11056"},{"taxonomy":"post_tag","embeddable":true,"href":"https:\/\/www.bbyhaber.com\/bby\/wp-json\/wp\/v2\/tags?post=11056"}],"curies":[{"name":"wp","href":"https:\/\/api.w.org\/{rel}","templated":true}]}}