{"id":11052,"date":"2013-05-17T14:42:02","date_gmt":"2013-05-17T11:42:02","guid":{"rendered":"http:\/\/www.bbyhaber.com\/bby\/?p=11052"},"modified":"2013-05-17T14:42:13","modified_gmt":"2013-05-17T11:42:13","slug":"pamukkale-universitesi-tavas-meslek-yuksekokulu-yeni-kutuphanesine-kavustu","status":"publish","type":"post","link":"https:\/\/www.bbyhaber.com\/bby\/2013\/05\/17\/pamukkale-universitesi-tavas-meslek-yuksekokulu-yeni-kutuphanesine-kavustu","title":{"rendered":"Pamukkale \u00dcniversitesi Tavas Meslek Y\u00fcksekokulu yeni k\u00fct\u00fcphanesine kavu\u015ftu"},"content":{"rendered":"<p style=\"text-align: justify;\"><a href=\"http:\/\/www.sondakika.com\/haber-foto\/531\/tavas-a-yeni-kutuphane-4641531_400.jpg\"><img loading=\"lazy\" decoding=\"async\" class=\"alignleft\" src=\"http:\/\/www.sondakika.com\/haber-foto\/531\/tavas-a-yeni-kutuphane-4641531_400.jpg\" alt=\"\" width=\"238\" height=\"123\" \/><\/a>Pamukkale \u00dcniversitesi Tavas Meslek Y\u00fcksekokulu yeni k\u00fct\u00fcphanesine kavu\u015ftu. &#8220;Bir Kitapta Senden Olsun&#8221; kampanyas\u0131 kapsam\u0131nda ger\u00e7ekle\u015ftirilen proje ile PA\u00dc Tavas Meslek Y\u00fcksekokulu\u2019nda k\u00fct\u00fcphane a\u00e7\u0131l\u0131\u015f ger\u00e7ekle\u015ftirildi. T\u00f6rene Tavas Kaymakam\u0131 Muhittin G\u00fcrel, Belediye Ba\u015fkan\u0131 Mehmet Karabay, \u0130l\u00e7e Emniyet M\u00fcd\u00fcr\u00fc Co\u015far A\u011f\u0131r, \u0130l\u00e7e Milli E\u011fitim M\u00fcd\u00fcr\u00fc G\u00f6khan Atalay, \u0130l\u00e7e M\u00fcft\u00fcs\u00fc Recep Balaban, SGK Merkez M\u00fcd\u00fcr\u00fc Ali Salman, PA\u00dc Tavas Meslek Y\u00fcksekokulu M\u00fcd\u00fcr\u00fc Do\u00e7. Dr. Kudret Gezer, PA\u00dc E\u011fitim Fak\u00fcltesi Dekan Yrd. Do\u00e7. Dr. Tahir Kodal, PA\u00dc \u00d6\u011fretim \u00dcyesi \u015eerif Kutluda\u011f ve \u00f6\u011frenciler kat\u0131ld\u0131.<!--more--><\/p>\n<p style=\"text-align: justify;\">Tavas Belediye Ba\u015fkan\u0131 Mehmet Karabay yapt\u0131\u011f\u0131 konu\u015fmada k\u00fct\u00fcphanenin a\u00e7\u0131lmas\u0131ndan dolay\u0131 mutluluk duydu\u011funu belirterek, &#8220;Kazasker g\u00f6revine kadar y\u00fckselen ve Tavas\u2019ta hizmetler etmi\u015f bu de\u011ferli insan Kurey\u015fizade Mehmet Efendinin hayat\u0131yla ilgili kitab\u0131 k\u00fct\u00fcphaneye ba\u011f\u0131\u015flayaca\u011f\u0131m\u201d dedi. Kaymakam Muhittin G\u00fcrel de eme\u011fi ge\u00e7enlere te\u015fekk\u00fcr etti. PA\u00dc Tavas Meslek Y\u00fcksek Okulu\u2019nda Sosyal Bilgiler ve S\u0131n\u0131f \u00d6\u011fretmenli\u011fi Anabilim Dal\u0131 \u00f6\u011frencileri ve Tavas Belediyesi i\u015fbirli\u011fiyle olu\u015fturulan k\u00fct\u00fcphanede iki bin kitap bulunuyor.<\/p>\n<p style=\"text-align: justify;\">Kaynak:http:\/\/www.sondakika.com<\/p>\n","protected":false},"excerpt":{"rendered":"<p>Pamukkale \u00dcniversitesi Tavas Meslek Y\u00fcksekokulu yeni k\u00fct\u00fcphanesine kavu\u015ftu. &#8220;Bir Kitapta Senden Olsun&#8221; kampanyas\u0131 kapsam\u0131nda ger\u00e7ekle\u015ftirilen proje ile PA\u00dc Tavas Meslek Y\u00fcksekokulu\u2019nda k\u00fct\u00fcphane a\u00e7\u0131l\u0131\u015f ger\u00e7ekle\u015ftirildi. T\u00f6rene Tavas Kaymakam\u0131 Muhittin G\u00fcrel, Belediye Ba\u015fkan\u0131 Mehmet Karabay, \u0130l\u00e7e Emniyet M\u00fcd\u00fcr\u00fc Co\u015far A\u011f\u0131r, \u0130l\u00e7e Milli E\u011fitim M\u00fcd\u00fcr\u00fc G\u00f6khan Atalay, \u0130l\u00e7e M\u00fcft\u00fcs\u00fc Recep Balaban, SGK Merkez M\u00fcd\u00fcr\u00fc Ali Salman, PA\u00dc Tavas [&hellip;]<\/p>\n","protected":false},"author":1,"featured_media":0,"comment_status":"open","ping_status":"open","sticky":false,"template":"","format":"standard","meta":{"footnotes":""},"categories":[1],"tags":[],"class_list":["post-11052","post","type-post","status-publish","format-standard","hentry","category-genel"],"_links":{"self":[{"href":"https:\/\/www.bbyhaber.com\/bby\/wp-json\/wp\/v2\/posts\/11052"}],"collection":[{"href":"https:\/\/www.bbyhaber.com\/bby\/wp-json\/wp\/v2\/posts"}],"about":[{"href":"https:\/\/www.bbyhaber.com\/bby\/wp-json\/wp\/v2\/types\/post"}],"author":[{"embeddable":true,"href":"https:\/\/www.bbyhaber.com\/bby\/wp-json\/wp\/v2\/users\/1"}],"replies":[{"embeddable":true,"href":"https:\/\/www.bbyhaber.com\/bby\/wp-json\/wp\/v2\/comments?post=11052"}],"version-history":[{"count":0,"href":"https:\/\/www.bbyhaber.com\/bby\/wp-json\/wp\/v2\/posts\/11052\/revisions"}],"wp:attachment":[{"href":"https:\/\/www.bbyhaber.com\/bby\/wp-json\/wp\/v2\/media?parent=11052"}],"wp:term":[{"taxonomy":"category","embeddable":true,"href":"https:\/\/www.bbyhaber.com\/bby\/wp-json\/wp\/v2\/categories?post=11052"},{"taxonomy":"post_tag","embeddable":true,"href":"https:\/\/www.bbyhaber.com\/bby\/wp-json\/wp\/v2\/tags?post=11052"}],"curies":[{"name":"wp","href":"https:\/\/api.w.org\/{rel}","templated":true}]}}