{"id":11036,"date":"2013-05-17T09:05:49","date_gmt":"2013-05-17T06:05:49","guid":{"rendered":"http:\/\/www.bbyhaber.com\/bby\/?p=11036"},"modified":"2013-05-17T09:09:23","modified_gmt":"2013-05-17T06:09:23","slug":"cezaevinde-kitap-okumanin-onemi-anlatildi","status":"publish","type":"post","link":"https:\/\/www.bbyhaber.com\/bby\/2013\/05\/17\/cezaevinde-kitap-okumanin-onemi-anlatildi","title":{"rendered":"Cezaevinde kitap okuman\u0131n \u00f6nemi anlat\u0131ld\u0131"},"content":{"rendered":"<p style=\"text-align: justify;\"><img loading=\"lazy\" decoding=\"async\" class=\"alignleft\" src=\"http:\/\/img.bugun.com.tr\/cezaevinde-kitap-okumanin-onemi-anlatildi_629072_340_226.jpg\" alt=\"\" width=\"211\" height=\"149\" \/>Mersin&#8217;in Tarsus il\u00e7esindeki cezaevinde h\u00fck\u00fcml\u00fc ve tutuklulara &#8216;Kitap Okuman\u0131n \u00d6nemi&#8217; konulu konferans verildi. C Tipi Kapal\u0131 ve A\u00e7\u0131k Ceza \u0130nfaz Kurum M\u00fcd\u00fcrl\u00fc\u011f\u00fc ve \u0130\u00e7el Soroptimist Kul\u00fcb\u00fc i\u015f birli\u011fi ile d\u00fczenlenen konferansa kurum m\u00fcd\u00fcr\u00fc \u00d6mer Ekinci, \u0130\u00e7el Soroptimist Kul\u00fcb\u00fc Ba\u015fkan\u0131 Nurg\u00fcl Duran, Av. M\u00fcnire Yurdal, kurum g\u00f6revlileri, ceza infaz kurumu personeli ve di\u011fer g\u00f6revlileri ile \u00e7ok say\u0131da h\u00fck\u00fcml\u00fc ve tutuklu kat\u0131ld\u0131. <!--more--><\/p>\n<p style=\"text-align: justify;\">Mersin \u00dcniversitesi \u00d6\u011fretim G\u00f6revlisi H\u00fclya Can Nutku`nun &#8216;Kitap Okuman\u0131n \u00d6nemi&#8217; konulu sunumunu h\u00fck\u00fcml\u00fc ve tutuklular b\u00fcy\u00fck ilgi ile dinledi. Nutku, \u015funlar\u0131 s\u00f6yledi: &#8220;Kitaplar insanl\u0131k tarihi a\u00e7\u0131s\u0131ndan \u00f6nemli bir yere sahip. \u0130nsanl\u0131k ve medeniyet kitaplar\u0131n \u00e7o\u011falmas\u0131 ile geli\u015fti. Bug\u00fcn insanl\u0131\u011f\u0131n i\u00e7inde bulundu\u011fu uygarl\u0131k d\u00fczeyine ula\u015fmas\u0131nda \u00f6nemli bir katk\u0131s\u0131 oldu. Kitap okumak ki\u015fisel ve sosyal anlamda insanlar\u0131 geli\u015ftirdi, ufkunu geni\u015fletti, bilmedi\u011fi ve merak etti\u011fi bir\u00e7ok \u015feyi rahatl\u0131kla \u00f6\u011frenebildi. Sonucunda hayata bak\u0131\u015f a\u00e7\u0131lar\u0131n\u0131 olumlu y\u00f6nde de\u011fi\u015ftirdi.&#8221; Konferans\u0131n sonunda H\u00fclya Can Nutku h\u00fck\u00fcml\u00fc ve tutuklular\u0131n sorular\u0131n\u0131 cevapland\u0131rd\u0131. Soroptomist Kul\u00fcb\u00fc taraf\u0131ndan da Ceza \u0130nfaz Kurumu K\u00fct\u00fcphanesi&#8217;ne 60 adet kitap ve e\u011fitim DVD`si ba\u011f\u0131\u015fland\u0131.<\/p>\n<p style=\"text-align: justify;\">Kaynak: http:\/\/www.bugun.com.tr<\/p>\n","protected":false},"excerpt":{"rendered":"<p>Mersin&#8217;in Tarsus il\u00e7esindeki cezaevinde h\u00fck\u00fcml\u00fc ve tutuklulara &#8216;Kitap Okuman\u0131n \u00d6nemi&#8217; konulu konferans verildi. C Tipi Kapal\u0131 ve A\u00e7\u0131k Ceza \u0130nfaz Kurum M\u00fcd\u00fcrl\u00fc\u011f\u00fc ve \u0130\u00e7el Soroptimist Kul\u00fcb\u00fc i\u015f birli\u011fi ile d\u00fczenlenen konferansa kurum m\u00fcd\u00fcr\u00fc \u00d6mer Ekinci, \u0130\u00e7el Soroptimist Kul\u00fcb\u00fc Ba\u015fkan\u0131 Nurg\u00fcl Duran, Av. M\u00fcnire Yurdal, kurum g\u00f6revlileri, ceza infaz kurumu personeli ve di\u011fer g\u00f6revlileri ile \u00e7ok [&hellip;]<\/p>\n","protected":false},"author":1,"featured_media":0,"comment_status":"open","ping_status":"open","sticky":false,"template":"","format":"standard","meta":{"footnotes":""},"categories":[1],"tags":[],"class_list":["post-11036","post","type-post","status-publish","format-standard","hentry","category-genel"],"_links":{"self":[{"href":"https:\/\/www.bbyhaber.com\/bby\/wp-json\/wp\/v2\/posts\/11036"}],"collection":[{"href":"https:\/\/www.bbyhaber.com\/bby\/wp-json\/wp\/v2\/posts"}],"about":[{"href":"https:\/\/www.bbyhaber.com\/bby\/wp-json\/wp\/v2\/types\/post"}],"author":[{"embeddable":true,"href":"https:\/\/www.bbyhaber.com\/bby\/wp-json\/wp\/v2\/users\/1"}],"replies":[{"embeddable":true,"href":"https:\/\/www.bbyhaber.com\/bby\/wp-json\/wp\/v2\/comments?post=11036"}],"version-history":[{"count":0,"href":"https:\/\/www.bbyhaber.com\/bby\/wp-json\/wp\/v2\/posts\/11036\/revisions"}],"wp:attachment":[{"href":"https:\/\/www.bbyhaber.com\/bby\/wp-json\/wp\/v2\/media?parent=11036"}],"wp:term":[{"taxonomy":"category","embeddable":true,"href":"https:\/\/www.bbyhaber.com\/bby\/wp-json\/wp\/v2\/categories?post=11036"},{"taxonomy":"post_tag","embeddable":true,"href":"https:\/\/www.bbyhaber.com\/bby\/wp-json\/wp\/v2\/tags?post=11036"}],"curies":[{"name":"wp","href":"https:\/\/api.w.org\/{rel}","templated":true}]}}