{"id":11029,"date":"2013-05-16T14:34:22","date_gmt":"2013-05-16T11:34:22","guid":{"rendered":"http:\/\/www.bbyhaber.com\/bby\/?p=11029"},"modified":"2013-05-16T14:34:42","modified_gmt":"2013-05-16T11:34:42","slug":"45-yilda-45-kutuphane-ugur-dershaneleri","status":"publish","type":"post","link":"https:\/\/www.bbyhaber.com\/bby\/2013\/05\/16\/45-yilda-45-kutuphane-ugur-dershaneleri","title":{"rendered":"45. y\u0131lda 45 k\u00fct\u00fcphane-U\u011fur Dershaneleri"},"content":{"rendered":"<p style=\"text-align: justify;\"><img loading=\"lazy\" decoding=\"async\" class=\"alignleft\" src=\"http:\/\/sosyalben.com\/sosyalben.png\" alt=\"\" width=\"230\" height=\"86\" \/>U\u011fur Dershaneleri, kurulu\u015funun 45. y\u0131l\u0131 nedeniyle \u201c45. Y\u0131lda 45 K\u00fct\u00fcphane 45 bin Kitap\u201d kampanyas\u0131 ba\u015flatt\u0131. Bah\u00e7e\u015fehir \u00dcniversitesi <a href=\"http:\/\/sosyalben.com\/\" target=\"_blank\">SosyalBen<\/a> ekibi taraf\u0131ndan y\u00fcr\u00fct\u00fclen kampanya ilk meyvelerini toplad\u0131. Kampanyan\u0131n ilk k\u00fct\u00fcphanesi, 19-23 Nisan tarihleri aras\u0131nda d\u00fczenlenen saha \u00e7al\u0131\u015fmas\u0131 sonucunda \u00c7orum&#8217;da a\u00e7\u0131ld\u0131. Bah\u00e7e\u015fehir U\u011fur E\u011fitim Kurumlar\u0131 Ba\u015fkan\u0131 Enver Y\u00fccel\u2019in \u00f6nderli\u011finde ba\u015flat\u0131lan sosyal sorumluluk projesi, \u0130zmir\u2019de de yo\u011fun ilgi g\u00f6rd\u00fc. \u0130zmir\u2019deki U\u011fur Dershaneleri \u015fubelerinde toplanan yakla\u015f\u0131k 20 bini a\u015fk\u0131n kitab\u0131n ba\u011f\u0131\u015fland\u0131\u011f\u0131 ikinci k\u00fct\u00fcphane 24 Nisan&#8217;da \u0130zmir\u2019de a\u00e7\u0131ld\u0131.<!--more--><\/p>\n<p style=\"text-align: justify;\">Kampanya ile ilgili a\u00e7\u0131klama yapan U\u011fur Dershaneleri Genel M\u00fcd\u00fcr\u00fc Servet \u00d6zk\u00f6k, \u201cT\u00fcrkiye\u2019de pek \u00e7ok kurumun ula\u015famad\u0131\u011f\u0131 bir ya\u015fa ula\u015fman\u0131n hakl\u0131 onurunu ya\u015f\u0131yoruz. Bu gururu bizlere ya\u015fatan T\u00fcrkiye\u2019nin her noktas\u0131ndaki 5 binden fazla \u00e7al\u0131\u015fan\u0131m\u0131z, ge\u00e7mi\u015fte \u00f6\u011frencimiz, velimiz olan, yani yolu U\u011fur\u2019dan ge\u00e7mi\u015f herkes te\u015fekk\u00fcr\u00fc fazlas\u0131yla hak ediyor. 45 y\u0131ld\u0131r y\u00fcz binlerce gencin hayallerini ger\u00e7ekle\u015ftirmek i\u00e7in \u00e7al\u0131\u015ft\u0131k. Sosyal sorumluluk olgusunun \u00f6nemini de benimsemi\u015f olan bir kurum olarak 45. y\u0131l\u0131m\u0131za \u00f6zg\u00fc 45 k\u00fct\u00fcphane 45 bin kitap kampanyas\u0131n\u0131 hayata ge\u00e7irdik. T\u00fcrkiye genelindeki t\u00fcm U\u011fur Dershanesi \u015fubelerinde \u00f6\u011frenci, \u00f6\u011fretmen ve velilerimizin yan\u0131 s\u0131ra kampanyadan haberdar olan yard\u0131mseverlerin de yard\u0131m\u0131yla toplanan kitaplar\u0131 ihtiya\u00e7 sahibi okullara ula\u015ft\u0131r\u0131yoruz. Bah\u00e7e\u015fehir \u00dcniversitesi Sosyalben toplulu\u011funun da deste\u011fiyle ilk k\u00fct\u00fcphanemizi \u00c7orum\u2019da a\u00e7t\u0131k. Projemiz \u0130zmir\u2019de de yo\u011fun ilgi g\u00f6rd\u00fc. Projemiz kapsam\u0131nda ikinci k\u00fct\u00fcphanemiz \u0130zmir\u2019de a\u00e7\u0131ld\u0131. Kampanya dahilinde T\u00fcrkiye&#8217;nin her yerinden kitap toplanmaya devam ediyor. Toplanan kitaplarla T\u00fcrkiye\u2019nin d\u00f6rt bir k\u00f6\u015fesinde k\u00fct\u00fcphanesi olmayan okullara yard\u0131m deste\u011fi sa\u011flanacak\u201d \u015feklinde konu\u015ftu.<\/p>\n<p style=\"text-align: justify;\">Kaynak: http:\/\/www.iha.com.tr\/<\/p>\n","protected":false},"excerpt":{"rendered":"<p>U\u011fur Dershaneleri, kurulu\u015funun 45. y\u0131l\u0131 nedeniyle \u201c45. Y\u0131lda 45 K\u00fct\u00fcphane 45 bin Kitap\u201d kampanyas\u0131 ba\u015flatt\u0131. Bah\u00e7e\u015fehir \u00dcniversitesi SosyalBen ekibi taraf\u0131ndan y\u00fcr\u00fct\u00fclen kampanya ilk meyvelerini toplad\u0131. Kampanyan\u0131n ilk k\u00fct\u00fcphanesi, 19-23 Nisan tarihleri aras\u0131nda d\u00fczenlenen saha \u00e7al\u0131\u015fmas\u0131 sonucunda \u00c7orum&#8217;da a\u00e7\u0131ld\u0131. Bah\u00e7e\u015fehir U\u011fur E\u011fitim Kurumlar\u0131 Ba\u015fkan\u0131 Enver Y\u00fccel\u2019in \u00f6nderli\u011finde ba\u015flat\u0131lan sosyal sorumluluk projesi, \u0130zmir\u2019de de yo\u011fun ilgi g\u00f6rd\u00fc. [&hellip;]<\/p>\n","protected":false},"author":1,"featured_media":0,"comment_status":"open","ping_status":"open","sticky":false,"template":"","format":"standard","meta":{"footnotes":""},"categories":[1],"tags":[],"class_list":["post-11029","post","type-post","status-publish","format-standard","hentry","category-genel"],"_links":{"self":[{"href":"https:\/\/www.bbyhaber.com\/bby\/wp-json\/wp\/v2\/posts\/11029"}],"collection":[{"href":"https:\/\/www.bbyhaber.com\/bby\/wp-json\/wp\/v2\/posts"}],"about":[{"href":"https:\/\/www.bbyhaber.com\/bby\/wp-json\/wp\/v2\/types\/post"}],"author":[{"embeddable":true,"href":"https:\/\/www.bbyhaber.com\/bby\/wp-json\/wp\/v2\/users\/1"}],"replies":[{"embeddable":true,"href":"https:\/\/www.bbyhaber.com\/bby\/wp-json\/wp\/v2\/comments?post=11029"}],"version-history":[{"count":0,"href":"https:\/\/www.bbyhaber.com\/bby\/wp-json\/wp\/v2\/posts\/11029\/revisions"}],"wp:attachment":[{"href":"https:\/\/www.bbyhaber.com\/bby\/wp-json\/wp\/v2\/media?parent=11029"}],"wp:term":[{"taxonomy":"category","embeddable":true,"href":"https:\/\/www.bbyhaber.com\/bby\/wp-json\/wp\/v2\/categories?post=11029"},{"taxonomy":"post_tag","embeddable":true,"href":"https:\/\/www.bbyhaber.com\/bby\/wp-json\/wp\/v2\/tags?post=11029"}],"curies":[{"name":"wp","href":"https:\/\/api.w.org\/{rel}","templated":true}]}}