{"id":11026,"date":"2013-05-16T14:30:35","date_gmt":"2013-05-16T11:30:35","guid":{"rendered":"http:\/\/www.bbyhaber.com\/bby\/?p=11026"},"modified":"2013-05-16T15:22:45","modified_gmt":"2013-05-16T12:22:45","slug":"atilimda-ornek-bir-kutuphane-yapildi-ankara","status":"publish","type":"post","link":"https:\/\/www.bbyhaber.com\/bby\/2013\/05\/16\/atilimda-ornek-bir-kutuphane-yapildi-ankara","title":{"rendered":"At\u0131l\u0131m&#8217;da \u00f6rnek bir k\u00fct\u00fcphane yap\u0131ld\u0131-Ankara"},"content":{"rendered":"<p style=\"text-align: justify;\">At\u0131l\u0131m \u00dcniversitesi, eski k\u00fct\u00fcphanenin yerine modern bir k\u00fct\u00fcphane in\u015fa etti. Mekanda shelf-check sistemi, tek ki\u015filik \u00e7al\u0131\u015fma ve seminer odalar\u0131 yer al\u0131yor. At\u0131l\u0131m \u00dcniversitesi, eski k\u00fct\u00fcphanesinin yerine yeni ve modern k\u00fct\u00fcphane yapt\u0131rd\u0131. Kadriye Zaim&#8217;in ismini alan k\u00fct\u00fcphane, hafta i\u00e7i 09.00- 20.00 ve cumartesi g\u00fcnleri 10.00-17.00 saatleri aras\u0131nda hizmet verecek. Kullan\u0131c\u0131 merkezli ve ya\u015fayan bir k\u00fclt\u00fcr merkezi olarak tasarlanan, \u00f6\u011frencilerin kendilerini evlerinde hissedecekleri, sanat\u0131n ve bilimin i\u00e7 i\u00e7e oldu\u011fu k\u00fct\u00fcphane d\u00f6rt kattan olu\u015fuyor. <strong><!--more--><br \/>\nSHELF-CHECK S\u0130STEM\u0130 <\/strong><br \/>\nGiri\u015f kat\u0131nda dan\u0131\u015fma ve rezerve kitaplar ile yeni gelen kitaplar sergilenirken, dan\u0131\u015fma hizmetleri de ayn\u0131 kattan veriliyor. Kullan\u0131c\u0131lar, \u00f6d\u00fcn\u00e7 almay\u0131 ve iade i\u015flemlerini h\u0131zland\u0131ran shelf-check sistemi arac\u0131l\u0131\u011f\u0131yla yapmaktad\u0131r. Al\u0131nmak istenen kitab\u0131n barkodu bu sisteme okutularak birka\u00e7 saniye i\u00e7erisinde kitap \u00f6d\u00fcn\u00e7 al\u0131nabiliyor ya da iade edebiliyor. <strong><\/strong><\/p>\n<p style=\"text-align: justify;\">ANKARA D\u0130J\u0130TAL AR\u015e\u0130V\u0130<br \/>\nK\u00fct\u00fcphanede, \u00f6\u011frencilerin \u00e7al\u0131\u015fabilece\u011fi hatta \u00f6\u011fretim \u00fcyelerinin seminerler yapabilece\u011fi her biri on ki\u015fi kapasiteli seminer odalar\u0131, akademisyenlerin \u00f6zel ara\u015ft\u0131rma yapabilmeleri i\u00e7in tek ki\u015filik \u00e7al\u0131\u015fma odalar\u0131 da mevcut. &#8220;Ankara Dijital Kent Ar\u015fivi&#8221;, &#8220;\u00dcniversitemiz Kurumsal Ar\u015fivi&#8221; ve &#8221; Medya Merkezi&#8221;, k\u00fct\u00fcphanenin di\u011fer \u00f6zel b\u00f6l\u00fcmleri aras\u0131nda yer al\u0131yor. Ankara Dijital Kent Ar\u015fivi biriminde, Ankara ile ilgili bas\u0131l\u0131 materyallerin yer ald\u0131\u011f\u0131 salon ve dijital ortamdaki belgeler bulunuyor. T\u00fcm bunlar\u0131n yan\u0131 s\u0131ra, sergi ve konferans salonu da yeni k\u00fct\u00fcphane binas\u0131nda faaliyete ge\u00e7ti.<\/p>\n<p style=\"text-align: justify;\">Kaynak: http:\/\/www.sabah.com.tr<\/p>\n<p style=\"text-align: justify;\"><a href=\"http:\/\/www.atilim.edu.tr\/images\/photogalery\/446\/05.jpg\"><img loading=\"lazy\" decoding=\"async\" class=\"alignnone\" src=\"http:\/\/www.atilim.edu.tr\/images\/photogalery\/446\/05.jpg\" alt=\"\" width=\"250\" height=\"180\" \/><\/a> <a href=\"http:\/\/www.atilim.edu.tr\/images\/photogalery\/446\/01.jpg\"><img loading=\"lazy\" decoding=\"async\" class=\"alignnone\" src=\"http:\/\/www.atilim.edu.tr\/images\/photogalery\/446\/01.jpg\" alt=\"\" width=\"250\" height=\"180\" \/><\/a><\/p>\n<p style=\"text-align: justify;\"><a href=\"http:\/\/www.atilim.edu.tr\/images\/photogalery\/446\/04%20(1).jpg\"><img loading=\"lazy\" decoding=\"async\" class=\"alignnone\" src=\"http:\/\/www.atilim.edu.tr\/images\/photogalery\/446\/04%20(1).jpg\" alt=\"\" width=\"250\" height=\"180\" \/><\/a> <a href=\"http:\/\/www.atilim.edu.tr\/images\/photogalery\/446\/06.jpg\"><img loading=\"lazy\" decoding=\"async\" class=\"alignnone\" src=\"http:\/\/www.atilim.edu.tr\/images\/photogalery\/446\/06.jpg\" alt=\"\" width=\"250\" height=\"180\" \/><\/a><\/p>\n","protected":false},"excerpt":{"rendered":"<p>At\u0131l\u0131m \u00dcniversitesi, eski k\u00fct\u00fcphanenin yerine modern bir k\u00fct\u00fcphane in\u015fa etti. Mekanda shelf-check sistemi, tek ki\u015filik \u00e7al\u0131\u015fma ve seminer odalar\u0131 yer al\u0131yor. At\u0131l\u0131m \u00dcniversitesi, eski k\u00fct\u00fcphanesinin yerine yeni ve modern k\u00fct\u00fcphane yapt\u0131rd\u0131. Kadriye Zaim&#8217;in ismini alan k\u00fct\u00fcphane, hafta i\u00e7i 09.00- 20.00 ve cumartesi g\u00fcnleri 10.00-17.00 saatleri aras\u0131nda hizmet verecek. Kullan\u0131c\u0131 merkezli ve ya\u015fayan bir k\u00fclt\u00fcr merkezi [&hellip;]<\/p>\n","protected":false},"author":1,"featured_media":0,"comment_status":"open","ping_status":"open","sticky":false,"template":"","format":"standard","meta":{"footnotes":""},"categories":[1],"tags":[1437],"class_list":["post-11026","post","type-post","status-publish","format-standard","hentry","category-genel","tag-univ-arastirma-kutuphaneleri"],"_links":{"self":[{"href":"https:\/\/www.bbyhaber.com\/bby\/wp-json\/wp\/v2\/posts\/11026"}],"collection":[{"href":"https:\/\/www.bbyhaber.com\/bby\/wp-json\/wp\/v2\/posts"}],"about":[{"href":"https:\/\/www.bbyhaber.com\/bby\/wp-json\/wp\/v2\/types\/post"}],"author":[{"embeddable":true,"href":"https:\/\/www.bbyhaber.com\/bby\/wp-json\/wp\/v2\/users\/1"}],"replies":[{"embeddable":true,"href":"https:\/\/www.bbyhaber.com\/bby\/wp-json\/wp\/v2\/comments?post=11026"}],"version-history":[{"count":0,"href":"https:\/\/www.bbyhaber.com\/bby\/wp-json\/wp\/v2\/posts\/11026\/revisions"}],"wp:attachment":[{"href":"https:\/\/www.bbyhaber.com\/bby\/wp-json\/wp\/v2\/media?parent=11026"}],"wp:term":[{"taxonomy":"category","embeddable":true,"href":"https:\/\/www.bbyhaber.com\/bby\/wp-json\/wp\/v2\/categories?post=11026"},{"taxonomy":"post_tag","embeddable":true,"href":"https:\/\/www.bbyhaber.com\/bby\/wp-json\/wp\/v2\/tags?post=11026"}],"curies":[{"name":"wp","href":"https:\/\/api.w.org\/{rel}","templated":true}]}}