{"id":1102,"date":"2010-12-28T16:25:40","date_gmt":"2010-12-28T16:25:40","guid":{"rendered":"http:\/\/www.bbyhaber.com\/bby\/?p=1102"},"modified":"2013-01-14T13:37:58","modified_gmt":"2013-01-14T11:37:58","slug":"yazma-eserler-baskanligi-yasa-tasarisi-kabul-edildi","status":"publish","type":"post","link":"https:\/\/www.bbyhaber.com\/bby\/2010\/12\/28\/yazma-eserler-baskanligi-yasa-tasarisi-kabul-edildi","title":{"rendered":"Yazma Eserler Ba\u015fkanl\u0131\u011f\u0131 Yasa Tasar\u0131s\u0131 Kabul Edildi"},"content":{"rendered":"<p style=\"text-align: justify;\" align=\"justify\">T\u00fcrkiye Yazma Eserler Ba\u015fkanl\u0131\u011f\u0131\u2019na Meclis\u2019ten vize \u00e7\u0131kt\u0131. T\u00fcrkiye Yazma Eserler Kurumu Ba\u015fkanl\u0131\u011f\u0131 olu\u015fturulmas\u0131n\u0131 \u00f6ng\u00f6ren yasa tasar\u0131s\u0131, TBMM Genel Kurulunda kabul edildi. K\u00fclt\u00fcr ve Turizm Bakanl\u0131\u011f\u0131na ba\u011fl\u0131 olarak merkezi \u0130stanbul\u2019da kurulacak olan Ba\u015fkanl\u0131k i\u00e7in Ankara, \u0130stanbul ve Konya\u2019da b\u00f6lge m\u00fcd\u00fcrl\u00fckleri olu\u015fturulacak.<!--more--><\/p>\n<p style=\"text-align: justify;\">Kurum, yazma ve eski harfli nadir eserleri toplay\u0131p, koruyacak. Bu \u00e7er\u00e7evede, k\u00fct\u00fcphanecilik standartlar\u0131 geli\u015ftirilecek, fiziki koruma ve g\u00fcvenlik \u015fartlar\u0131 olu\u015fturularak eserlerin sa\u011fl\u0131kl\u0131 bir \u015fekilde saklanmas\u0131 sa\u011flanacak. Eserlerle ilgili \u00e7eviri, sadele\u015ftirme ve t\u0131pk\u0131bas\u0131m \u00e7al\u0131\u015fmalar\u0131 ile i\u00e7erik incelemeleri y\u00fcr\u00fct\u00fclecek, desteklenecek ve yap\u0131lan \u00e7al\u0131\u015fmalar yay\u0131mlanacak.\u00a0<strong><\/strong><\/p>\n<p style=\"text-align: justify;\">Kaynak: http:\/\/www.trt.net.tr\/<\/p>\n","protected":false},"excerpt":{"rendered":"<p>T\u00fcrkiye Yazma Eserler Ba\u015fkanl\u0131\u011f\u0131\u2019na Meclis\u2019ten vize \u00e7\u0131kt\u0131. T\u00fcrkiye Yazma Eserler Kurumu Ba\u015fkanl\u0131\u011f\u0131 olu\u015fturulmas\u0131n\u0131 \u00f6ng\u00f6ren yasa tasar\u0131s\u0131, TBMM Genel Kurulunda kabul edildi. K\u00fclt\u00fcr ve Turizm Bakanl\u0131\u011f\u0131na ba\u011fl\u0131 olarak merkezi \u0130stanbul\u2019da kurulacak olan Ba\u015fkanl\u0131k i\u00e7in Ankara, \u0130stanbul ve Konya\u2019da b\u00f6lge m\u00fcd\u00fcrl\u00fckleri olu\u015fturulacak.<\/p>\n","protected":false},"author":1,"featured_media":0,"comment_status":"open","ping_status":"open","sticky":false,"template":"","format":"standard","meta":{"footnotes":""},"categories":[1500,1509],"tags":[1096,438,1441],"class_list":["post-1102","post","type-post","status-publish","format-standard","hentry","category-nadir-eserler","category-yazma-eserler","tag-arsivcilik","tag-el-yazmalari","tag-yazma-eser-kutuphaneleri"],"_links":{"self":[{"href":"https:\/\/www.bbyhaber.com\/bby\/wp-json\/wp\/v2\/posts\/1102"}],"collection":[{"href":"https:\/\/www.bbyhaber.com\/bby\/wp-json\/wp\/v2\/posts"}],"about":[{"href":"https:\/\/www.bbyhaber.com\/bby\/wp-json\/wp\/v2\/types\/post"}],"author":[{"embeddable":true,"href":"https:\/\/www.bbyhaber.com\/bby\/wp-json\/wp\/v2\/users\/1"}],"replies":[{"embeddable":true,"href":"https:\/\/www.bbyhaber.com\/bby\/wp-json\/wp\/v2\/comments?post=1102"}],"version-history":[{"count":0,"href":"https:\/\/www.bbyhaber.com\/bby\/wp-json\/wp\/v2\/posts\/1102\/revisions"}],"wp:attachment":[{"href":"https:\/\/www.bbyhaber.com\/bby\/wp-json\/wp\/v2\/media?parent=1102"}],"wp:term":[{"taxonomy":"category","embeddable":true,"href":"https:\/\/www.bbyhaber.com\/bby\/wp-json\/wp\/v2\/categories?post=1102"},{"taxonomy":"post_tag","embeddable":true,"href":"https:\/\/www.bbyhaber.com\/bby\/wp-json\/wp\/v2\/tags?post=1102"}],"curies":[{"name":"wp","href":"https:\/\/api.w.org\/{rel}","templated":true}]}}