{"id":1100,"date":"2010-12-29T16:24:23","date_gmt":"2010-12-29T16:24:23","guid":{"rendered":"http:\/\/www.bbyhaber.com\/bby\/?p=1100"},"modified":"2012-04-24T10:42:16","modified_gmt":"2012-04-24T10:42:16","slug":"ali-dayi-cocuk-kutuphanesi-acildi-ankara","status":"publish","type":"post","link":"https:\/\/www.bbyhaber.com\/bby\/2010\/12\/29\/ali-dayi-cocuk-kutuphanesi-acildi-ankara","title":{"rendered":"Ali Day\u0131 \u00c7ocuk K\u00fct\u00fcphanesi A\u00e7\u0131ld\u0131-Ankara"},"content":{"rendered":"<p style=\"text-align: justify;\" align=\"justify\">Gaziosmanpa\u015fa&#8217;daki k\u00fct\u00fcphanenin a\u00e7\u0131l\u0131\u015f\u0131na, G\u00fcnay&#8217;\u0131n yan\u0131 s\u0131ra K\u00fclt\u00fcr ve Turizm Bakanl\u0131\u011f\u0131 M\u00fcste\u015far\u0131 \u0130smet Y\u0131lmaz, Ankara Vali Yard\u0131mc\u0131s\u0131 Y\u0131ld\u0131r\u0131m U\u00e7ar, K\u00fct\u00fcphaneler ve Yay\u0131mlar Genel M\u00fcd\u00fcr\u00fc Prof. Dr. Bilge Kula, Milli K\u00fct\u00fcphane Ba\u015fkan\u0131 Tuncer Acar, \u00f6\u011frenciler ve \u00e7ok say\u0131da davetli kat\u0131ld\u0131. G\u00fcnay, k\u00fct\u00fcphane a\u00e7\u0131l\u0131\u015f\u0131ndan \u00f6nce Alt\u0131nda\u011f \u00c7ocuk Kul\u00fcb\u00fc Bando Tak\u0131m\u0131&#8217;n\u0131n g\u00f6sterisini izledi. <!--more-->\u00c7ocuklarla yak\u0131ndan ilgilenen G\u00fcnay, g\u00f6sterinin sonunda \u00f6\u011frencilerin elindeki davullardan birini alarak bir s\u00fcre \u00e7ald\u0131. G\u00fcnay, daha sonra t\u00f6rene kat\u0131lan di\u011fer \u00e7ocuklarla birlikte foto\u011fraf \u00e7ektirdi.<\/p>\n<p style=\"text-align: justify;\" align=\"justify\">Bakan G\u00fcnay, t\u00f6rende yapt\u0131\u011f\u0131 konu\u015fmada, bug\u00fcn g\u00fczel bir \u00f6rnek olu\u015fturduklar\u0131n\u0131 belirterek, k\u00fct\u00fcphane binas\u0131n\u0131n 1985&#8217;te eski valilerden \u015e\u00fckr\u00fc Kenano\u011flu taraf\u0131ndan k\u00fct\u00fcphane yap\u0131lmas\u0131 i\u00e7in K\u00fclt\u00fcr ve Turizm Bakanl\u0131\u011f\u0131na ba\u011f\u0131\u015fland\u0131\u011f\u0131n\u0131 an\u0131msatt\u0131.<\/p>\n<p style=\"text-align: justify;\" align=\"justify\">Binan\u0131n \u00f6nceden s\u0131radan bir okuma salonu oldu\u011funu ifade eden G\u00fcnay, \u00e7ocuk k\u00fct\u00fcphanesi \u00f6rne\u011fini Ankara&#8217;n\u0131n geli\u015fen semtlerinden birinde yapman\u0131n daha do\u011fru olabilece\u011fini d\u00fc\u015f\u00fcnd\u00fc\u011f\u00fcn\u00fc s\u00f6yledi.<\/p>\n<p style=\"text-align: justify;\" align=\"justify\">Ali Day\u0131 \u00c7ocuk K\u00fct\u00fcphanesi ile bir model olu\u015fturduklar\u0131n\u0131 kaydeden G\u00fcnay, &#8221;Bu modeli k\u0131sa bir s\u00fcre sonra Diyarbak\u0131r&#8217;a birka\u00e7 ay i\u00e7inde, arkas\u0131ndan T\u00fcrkiye&#8217;nin b\u00fct\u00fcn b\u00f6lgelerine ta\u015f\u0131yaca\u011f\u0131z. Bu elektronik imkanlar\u0131n, oyuncaklar\u0131n, d\u00fcnyan\u0131n hayat\u0131m\u0131z\u0131 teslim ald\u0131\u011f\u0131 ortamda biz hala inad\u0131na kitap ve inad\u0131na k\u00fct\u00fcphane demek istiyoruz&#8221; diye konu\u015ftu.Elektronik imkanlar\u0131n da kullan\u0131lmas\u0131 gerekti\u011fine i\u015faret eden G\u00fcnay, ancak kitab\u0131n kendi ku\u015faklar\u0131 i\u00e7in tad\u0131n\u0131n ve lezzetinin, anlam\u0131n\u0131n bamba\u015fka oldu\u011funu ifade etti.Kitapla kurulan yak\u0131nl\u0131\u011f\u0131n bir diz\u00fcst\u00fc bilgisayarla kurulacak yak\u0131nl\u0131kla kar\u015f\u0131la\u015ft\u0131r\u0131lamayaca\u011f\u0131n\u0131 vurgulayan G\u00fcnay, s\u00f6zlerini \u015f\u00f6yle s\u00fcrd\u00fcrd\u00fc:<\/p>\n<p style=\"text-align: justify;\" align=\"justify\">&#8221;Kitap al\u0131\u015fkanl\u0131\u011f\u0131, okuma al\u0131\u015fkanl\u0131\u011f\u0131 devam etsin istiyoruz. K\u00fct\u00fcphanelerin de teknolojinin b\u00fct\u00fcn imkanlar\u0131ndan yararlanmas\u0131n\u0131 istiyoruz. \u00c7e\u015fitli ya\u015f gruplar\u0131na g\u00f6re k\u00fct\u00fcphane d\u00fczenlemeleri yapm\u0131\u015f durumday\u0131z. Bu uygulamay\u0131 T\u00fcrkiye&#8217;nin ba\u015fka b\u00f6lgelerine ta\u015f\u0131yaca\u011f\u0131z. K\u00fct\u00fcphaneleri art\u0131k unutulan, insanlar\u0131n gidip gelmedi\u011fi mekanlar olmaktan \u00e7\u0131kar\u0131p teknolojinin imkanlar\u0131yla bulu\u015fturarak, yeniden ilgi \u00e7ekici bilgi merkezleri, bilgi mabetleri haline d\u00f6n\u00fc\u015ft\u00fcrmek istiyoruz.&#8221;<\/p>\n<p style=\"text-align: justify;\" align=\"justify\">Yeni k\u00fct\u00fcphane konsepti \u00e7al\u0131\u015fmalar\u0131 oldu\u011funu kaydeden G\u00fcnay, bu kapsamda \u0130stanbul&#8217;da, Ankara&#8217;da, Diyarbak\u0131r&#8217;da, Erzurum&#8217;da, T\u00fcrkiye&#8217;nin \u00e7e\u015fitli illerinde edebiyat m\u00fcze k\u00fct\u00fcphanelerini a\u00e7acaklar\u0131n\u0131 bildirdi.G\u00fcnay, Alt\u0131nda\u011f Belediyesi i\u015f birli\u011fiyle Ankara&#8217;daki k\u00fct\u00fcphanenin &#8221;Mehmet Akif Ersoy&#8221; ad\u0131na a\u00e7\u0131laca\u011f\u0131n\u0131 belirterek, \u0130stiklal Mar\u015f\u0131&#8217;n\u0131n kabul\u00fcn\u00fcn 90. y\u0131l\u0131 dolay\u0131s\u0131yla 2011 y\u0131l\u0131n\u0131n da &#8221;Mehmet Akif Ersoy y\u0131l\u0131&#8221; ilan edilece\u011fini s\u00f6yledi. Konu\u015fmalar\u0131n ard\u0131ndan, Bakan G\u00fcnay, k\u00fct\u00fcphanenin a\u00e7\u0131l\u0131\u015f\u0131n\u0131 ger\u00e7ekle\u015ftirdi.<\/p>\n<p style=\"text-align: justify;\" align=\"justify\">Ali Day\u0131 \u00c7ocuk K\u00fct\u00fcphanesi&#8217;nin \u00e7ocuklara ve gelecek ku\u015faklara hay\u0131rl\u0131 olmas\u0131n\u0131 dileyen G\u00fcnay, ard\u0131ndan binada 12 ya\u015f\u0131ndaki Berfin Aksu taraf\u0131ndan sunulan keman dinletisini izledi.Gen\u00e7 sanat\u00e7\u0131yla bir s\u00fcre sohbet eden G\u00fcnay, Berfin Aksu&#8217;nun \u00f6n\u00fcm\u00fczdeki y\u0131llarda T\u00fcrkiye&#8217;nin ad\u0131n\u0131 d\u00fcnyada duyurabilecek bir yetene\u011fe sahip oldu\u011funu s\u00f6yledi. G\u00fcnay, Berfin i\u00e7in bakanl\u0131\u011f\u0131n her t\u00fcrl\u00fc deste\u011fi verece\u011fini bildirdi.Bakan G\u00fcnay, daha sonra k\u00fct\u00fcphaneyi gezerek b\u00f6l\u00fcmler hakk\u0131nda bilgi ald\u0131. Bu s\u0131rada k\u00fct\u00fcphaneyi annesiyle gezen &#8221;Do\u011fan&#8221; isimli k\u00fc\u00e7\u00fck bir \u00e7ocu\u011fu kuca\u011f\u0131na ald\u0131. G\u00fcnay, raflardaki kitaplar\u0131 g\u00f6sterdi\u011fi \u00e7ocu\u011fu bir s\u00fcre sevdi.<\/p>\n<p align=\"justify\">Kaynak: http:\/\/www.aksam.com.tr\/<\/p>\n","protected":false},"excerpt":{"rendered":"<p>Gaziosmanpa\u015fa&#8217;daki k\u00fct\u00fcphanenin a\u00e7\u0131l\u0131\u015f\u0131na, G\u00fcnay&#8217;\u0131n yan\u0131 s\u0131ra K\u00fclt\u00fcr ve Turizm Bakanl\u0131\u011f\u0131 M\u00fcste\u015far\u0131 \u0130smet Y\u0131lmaz, Ankara Vali Yard\u0131mc\u0131s\u0131 Y\u0131ld\u0131r\u0131m U\u00e7ar, K\u00fct\u00fcphaneler ve Yay\u0131mlar Genel M\u00fcd\u00fcr\u00fc Prof. Dr. Bilge Kula, Milli K\u00fct\u00fcphane Ba\u015fkan\u0131 Tuncer Acar, \u00f6\u011frenciler ve \u00e7ok say\u0131da davetli kat\u0131ld\u0131. G\u00fcnay, k\u00fct\u00fcphane a\u00e7\u0131l\u0131\u015f\u0131ndan \u00f6nce Alt\u0131nda\u011f \u00c7ocuk Kul\u00fcb\u00fc Bando Tak\u0131m\u0131&#8217;n\u0131n g\u00f6sterisini izledi.<\/p>\n","protected":false},"author":1,"featured_media":0,"comment_status":"open","ping_status":"open","sticky":false,"template":"","format":"standard","meta":{"footnotes":""},"categories":[1553],"tags":[215,1439],"class_list":["post-1100","post","type-post","status-publish","format-standard","hentry","category-cocuk-kutuphaneleri","tag-ali-dayi-cocuk-kutuphanesi","tag-cocuk-kutuphaneleri"],"_links":{"self":[{"href":"https:\/\/www.bbyhaber.com\/bby\/wp-json\/wp\/v2\/posts\/1100"}],"collection":[{"href":"https:\/\/www.bbyhaber.com\/bby\/wp-json\/wp\/v2\/posts"}],"about":[{"href":"https:\/\/www.bbyhaber.com\/bby\/wp-json\/wp\/v2\/types\/post"}],"author":[{"embeddable":true,"href":"https:\/\/www.bbyhaber.com\/bby\/wp-json\/wp\/v2\/users\/1"}],"replies":[{"embeddable":true,"href":"https:\/\/www.bbyhaber.com\/bby\/wp-json\/wp\/v2\/comments?post=1100"}],"version-history":[{"count":0,"href":"https:\/\/www.bbyhaber.com\/bby\/wp-json\/wp\/v2\/posts\/1100\/revisions"}],"wp:attachment":[{"href":"https:\/\/www.bbyhaber.com\/bby\/wp-json\/wp\/v2\/media?parent=1100"}],"wp:term":[{"taxonomy":"category","embeddable":true,"href":"https:\/\/www.bbyhaber.com\/bby\/wp-json\/wp\/v2\/categories?post=1100"},{"taxonomy":"post_tag","embeddable":true,"href":"https:\/\/www.bbyhaber.com\/bby\/wp-json\/wp\/v2\/tags?post=1100"}],"curies":[{"name":"wp","href":"https:\/\/api.w.org\/{rel}","templated":true}]}}