{"id":10995,"date":"2013-05-14T10:07:44","date_gmt":"2013-05-14T07:07:44","guid":{"rendered":"http:\/\/www.bbyhaber.com\/bby\/?p=10995"},"modified":"2013-05-19T17:14:47","modified_gmt":"2013-05-19T14:14:47","slug":"diyarbakir-4-kitap-fuari","status":"publish","type":"post","link":"https:\/\/www.bbyhaber.com\/bby\/2013\/05\/14\/diyarbakir-4-kitap-fuari","title":{"rendered":"Diyarbak\u0131r 4.Kitap Fuar\u0131"},"content":{"rendered":"<p style=\"text-align: justify;\">Kurulu\u015fumuz T\u00dcYAP T\u00fcm Fuarc\u0131l\u0131k Yap\u0131m A.\u015e. ve T\u00fcrkiye Yay\u0131nc\u0131lar Birli\u011fi i\u015fbirli\u011fi ile<span style=\"color: #0000ff;\"><strong> 14-19 May\u0131s 2013<\/strong><\/span> tarihleri aras\u0131nda T\u00dcYAP Diyarbak\u0131r Fuar ve Kongre Merkezi\u2019nde ger\u00e7ekle\u015ftirilecek Diyarbak\u0131r 4. Kitap Fuar\u0131 kap\u0131lar\u0131n\u0131 a\u00e7maya haz\u0131rlan\u0131yor. Bu sene 150 yay\u0131nevi ve sivil toplum kurulu\u015funun kat\u0131l\u0131m\u0131yla d\u00f6rd\u00fcnc\u00fc kez d\u00fczenlenecek fuarda geni\u015f bir konu yelpazesi i\u00e7inde konferans, s\u00f6yle\u015fi, panel, \u015fiir dinletisi gibi 50 k\u00fclt\u00fcr etkinli\u011finde ve imza g\u00fcnlerinde 300 yazar okurlar\u0131yla bulu\u015fma imkan\u0131 bulacakt\u0131r.<!--more--><\/p>\n<p style=\"text-align: justify;\">Ahmed Arif Memleketi Diyarbak\u0131r\u2019da<\/p>\n<p style=\"text-align: justify;\">Diyarbak\u0131r 4. Kitap Fuar\u0131 kapsam\u0131nda Tiyatro Kumpanyas\u0131 taraf\u0131ndan sahnelenen edebiyat\u0131m\u0131z\u0131n usta isimlerinden Ahmed Arif\u2019in \u015fiirlerin olu\u015fan \u201cHasretimden Prangalar Eskittim\u201d ilk kez Diyarbak\u0131rl\u0131 seyircilerle bulu\u015facak. Oyunculu\u011fu ve y\u00f6netmenli\u011fini Kemal Kocat\u00fcrk\u2019\u00fcn \u00fcstlendi\u011fi oyun T\u00dcYAP T\u00fcm Fuarc\u0131l\u0131k Yap\u0131m A.\u015e. ve Diyarbak\u0131r B\u00fcy\u00fck\u015fehir Belediyesi katk\u0131lar\u0131yla 15 May\u0131s 2013 \u00c7ar\u015famba ak\u015fam\u0131 Diyarbak\u0131r \u015eehir Tiyatrosu\u2019nda \u00fccretsiz izlenebilir.<\/p>\n<p style=\"text-align: justify;\">Surdibi D\u00fc\u015fleri Sergisi<\/p>\n<p style=\"text-align: justify;\">Kitap fuar\u0131 bu y\u0131l Surdibi Foto\u011fraf Sergisi\u2019ne ev sahipli\u011fi yap\u0131yor. Foto\u011fraf sanat\u00e7\u0131s\u0131 ve \u015fair Mehmet \u00d6zer\u2019in Diyarbak\u0131r Sur Belediyesi ile birlikte Toplumcu Ger\u00e7ek\u00e7i Belgesel Foto\u011fraf at\u00f6lyesinin 2012 y\u0131l\u0131nda Sur i\u00e7inde yapt\u0131\u011f\u0131 \u00e7al\u0131\u015fmalardan olu\u015fan sergi Diyarbak\u0131r&#8217;\u0131n d\u00fcnden bug\u00fcne \u00f6yk\u00fcs\u00fcn\u00fc anlatmaktad\u0131r. Giri\u015fin \u00fccretsiz oldu\u011fu fuar <strong><span style=\"color: #ff0000;\">14-19 May\u0131s 2013 tarihleri aras\u0131nda 10.30-19.30 saatlerinde, kapan\u0131\u015f g\u00fcn\u00fc olan 19 May\u0131s 2013 tarihinde ise 10.30-19.00 saatlerinde ziyaret edilebilir.<\/span><\/strong><\/p>\n","protected":false},"excerpt":{"rendered":"<p>Kurulu\u015fumuz T\u00dcYAP T\u00fcm Fuarc\u0131l\u0131k Yap\u0131m A.\u015e. ve T\u00fcrkiye Yay\u0131nc\u0131lar Birli\u011fi i\u015fbirli\u011fi ile 14-19 May\u0131s 2013 tarihleri aras\u0131nda T\u00dcYAP Diyarbak\u0131r Fuar ve Kongre Merkezi\u2019nde ger\u00e7ekle\u015ftirilecek Diyarbak\u0131r 4. Kitap Fuar\u0131 kap\u0131lar\u0131n\u0131 a\u00e7maya haz\u0131rlan\u0131yor. Bu sene 150 yay\u0131nevi ve sivil toplum kurulu\u015funun kat\u0131l\u0131m\u0131yla d\u00f6rd\u00fcnc\u00fc kez d\u00fczenlenecek fuarda geni\u015f bir konu yelpazesi i\u00e7inde konferans, s\u00f6yle\u015fi, panel, \u015fiir dinletisi gibi [&hellip;]<\/p>\n","protected":false},"author":1,"featured_media":0,"comment_status":"open","ping_status":"open","sticky":false,"template":"","format":"standard","meta":{"footnotes":""},"categories":[1493],"tags":[1395],"class_list":["post-10995","post","type-post","status-publish","format-standard","hentry","category-kitap-fuarlari-2","tag-bby-mesleki-etkinlikler-arsivi"],"_links":{"self":[{"href":"https:\/\/www.bbyhaber.com\/bby\/wp-json\/wp\/v2\/posts\/10995"}],"collection":[{"href":"https:\/\/www.bbyhaber.com\/bby\/wp-json\/wp\/v2\/posts"}],"about":[{"href":"https:\/\/www.bbyhaber.com\/bby\/wp-json\/wp\/v2\/types\/post"}],"author":[{"embeddable":true,"href":"https:\/\/www.bbyhaber.com\/bby\/wp-json\/wp\/v2\/users\/1"}],"replies":[{"embeddable":true,"href":"https:\/\/www.bbyhaber.com\/bby\/wp-json\/wp\/v2\/comments?post=10995"}],"version-history":[{"count":0,"href":"https:\/\/www.bbyhaber.com\/bby\/wp-json\/wp\/v2\/posts\/10995\/revisions"}],"wp:attachment":[{"href":"https:\/\/www.bbyhaber.com\/bby\/wp-json\/wp\/v2\/media?parent=10995"}],"wp:term":[{"taxonomy":"category","embeddable":true,"href":"https:\/\/www.bbyhaber.com\/bby\/wp-json\/wp\/v2\/categories?post=10995"},{"taxonomy":"post_tag","embeddable":true,"href":"https:\/\/www.bbyhaber.com\/bby\/wp-json\/wp\/v2\/tags?post=10995"}],"curies":[{"name":"wp","href":"https:\/\/api.w.org\/{rel}","templated":true}]}}