{"id":10984,"date":"2013-05-13T09:34:38","date_gmt":"2013-05-13T06:34:38","guid":{"rendered":"http:\/\/www.bbyhaber.com\/bby\/?p=10984"},"modified":"2013-05-19T17:15:25","modified_gmt":"2013-05-19T14:15:25","slug":"kocaeli-5-kitap-fuari","status":"publish","type":"post","link":"https:\/\/www.bbyhaber.com\/bby\/2013\/05\/13\/kocaeli-5-kitap-fuari","title":{"rendered":"Kocaeli 5. Kitap Fuar\u0131"},"content":{"rendered":"<p style=\"text-align: justify;\">Kocaeli B\u00fcy\u00fck\u015fehir Belediyesince bu y\u0131l 5&#8217;incisi d\u00fczenlenen ve 350 yay\u0131nevinin kat\u0131ld\u0131\u011f\u0131 <a href=\"http:\/\/kocaelikitapfuari.com\/\" target=\"_blank\">kitap fuar\u0131<\/a>na, vatanda\u015flar b\u00fcy\u00fck ilgi g\u00f6steriyor. Uluslararas\u0131 Fuar Merkezi&#8217;ndeki kitap fuar\u0131na kat\u0131lan ziyaret\u00e7iler, yay\u0131n evlerince kurulan stantlarda kitaplar\u0131 inceleyerek sat\u0131n ald\u0131. A\u00e7\u0131l\u0131\u015f\u0131 11 May\u0131s 2013 g\u00fcn\u00fc Bilim, Sanayi ve Teknoloji Bakan\u0131 Nihat Erg\u00fcn taraf\u0131ndan yap\u0131lan fuar\u0131, ilk g\u00fcnde 59 bin 856 ki\u015fi gezdi. Kitap severler, <!--more-->350 yay\u0131nevinin yer ald\u0131\u011f\u0131 fuarda ayr\u0131ca T\u00fcrkiye&#8217;nin \u00f6nemli yazarlar\u0131yla bulu\u015fma imkan\u0131 buluyor.Fuarda \u015fu ana kadar Do\u011fan H\u0131zlan, Ahmet \u00dcmit, Sunay Ak\u0131n, Can D\u00fcndar, Nevzat Yal\u00e7\u0131nta\u015f gibi tan\u0131nm\u0131\u015f yazarlar vatanda\u015flarla bir araya geldi.<\/p>\n<h6 style=\"text-align: justify;\"><a href=\"http:\/\/www.kocaeli.bel.tr\/Files\/2012\/2012_mays\/2012_05_13\/20120513_ilkgun25bin3.jpg\"><img loading=\"lazy\" decoding=\"async\" class=\"alignnone\" src=\"http:\/\/www.kocaeli.bel.tr\/Files\/2012\/2012_mays\/2012_05_13\/20120513_ilkgun25bin3.jpg\" alt=\"\" width=\"260\" height=\"150\" \/><\/a> <a href=\"http:\/\/www.kocaeli.bel.tr\/Files\/2012\/2012_mays\/2012_05_13\/20120513_ilkgun25bin.jpg\"><img loading=\"lazy\" decoding=\"async\" class=\"alignnone\" src=\"http:\/\/www.kocaeli.bel.tr\/Files\/2012\/2012_mays\/2012_05_13\/20120513_ilkgun25bin.jpg\" alt=\"\" width=\"260\" height=\"150\" \/><\/a><em><br \/>\nFoto\u011fraflara http:\/\/www.kocaeli.bel.tr\/adresinden eri\u015filmi\u015ftir.<\/em><\/h6>\n<p style=\"text-align: justify;\">\n","protected":false},"excerpt":{"rendered":"<p>Kocaeli B\u00fcy\u00fck\u015fehir Belediyesince bu y\u0131l 5&#8217;incisi d\u00fczenlenen ve 350 yay\u0131nevinin kat\u0131ld\u0131\u011f\u0131 kitap fuar\u0131na, vatanda\u015flar b\u00fcy\u00fck ilgi g\u00f6steriyor. Uluslararas\u0131 Fuar Merkezi&#8217;ndeki kitap fuar\u0131na kat\u0131lan ziyaret\u00e7iler, yay\u0131n evlerince kurulan stantlarda kitaplar\u0131 inceleyerek sat\u0131n ald\u0131. A\u00e7\u0131l\u0131\u015f\u0131 11 May\u0131s 2013 g\u00fcn\u00fc Bilim, Sanayi ve Teknoloji Bakan\u0131 Nihat Erg\u00fcn taraf\u0131ndan yap\u0131lan fuar\u0131, ilk g\u00fcnde 59 bin 856 ki\u015fi gezdi. Kitap [&hellip;]<\/p>\n","protected":false},"author":1,"featured_media":0,"comment_status":"open","ping_status":"open","sticky":false,"template":"","format":"standard","meta":{"footnotes":""},"categories":[1493],"tags":[1395],"class_list":["post-10984","post","type-post","status-publish","format-standard","hentry","category-kitap-fuarlari-2","tag-bby-mesleki-etkinlikler-arsivi"],"_links":{"self":[{"href":"https:\/\/www.bbyhaber.com\/bby\/wp-json\/wp\/v2\/posts\/10984"}],"collection":[{"href":"https:\/\/www.bbyhaber.com\/bby\/wp-json\/wp\/v2\/posts"}],"about":[{"href":"https:\/\/www.bbyhaber.com\/bby\/wp-json\/wp\/v2\/types\/post"}],"author":[{"embeddable":true,"href":"https:\/\/www.bbyhaber.com\/bby\/wp-json\/wp\/v2\/users\/1"}],"replies":[{"embeddable":true,"href":"https:\/\/www.bbyhaber.com\/bby\/wp-json\/wp\/v2\/comments?post=10984"}],"version-history":[{"count":0,"href":"https:\/\/www.bbyhaber.com\/bby\/wp-json\/wp\/v2\/posts\/10984\/revisions"}],"wp:attachment":[{"href":"https:\/\/www.bbyhaber.com\/bby\/wp-json\/wp\/v2\/media?parent=10984"}],"wp:term":[{"taxonomy":"category","embeddable":true,"href":"https:\/\/www.bbyhaber.com\/bby\/wp-json\/wp\/v2\/categories?post=10984"},{"taxonomy":"post_tag","embeddable":true,"href":"https:\/\/www.bbyhaber.com\/bby\/wp-json\/wp\/v2\/tags?post=10984"}],"curies":[{"name":"wp","href":"https:\/\/api.w.org\/{rel}","templated":true}]}}