{"id":1097,"date":"2011-01-03T16:22:18","date_gmt":"2011-01-03T16:22:18","guid":{"rendered":"http:\/\/www.bbyhaber.com\/bby\/?p=1097"},"modified":"2013-01-14T13:25:13","modified_gmt":"2013-01-14T11:25:13","slug":"yazma-eser-kutuphaneleri-kurulacak","status":"publish","type":"post","link":"https:\/\/www.bbyhaber.com\/bby\/2011\/01\/03\/yazma-eser-kutuphaneleri-kurulacak","title":{"rendered":"Yazma Eser K\u00fct\u00fcphaneleri Kurulacak"},"content":{"rendered":"<p style=\"text-align: justify;\" align=\"justify\">K\u00fctahya&#8217;da yazma eserler k\u00fct\u00fcphanesinin kurulaca\u011f\u0131 AKP Milletvekili Avni Erdemir taraf\u0131ndan a\u00e7\u0131kland\u0131. Erdemir, 28 Aral\u0131k 2010 tarihinde TBMM&#8217;de &#8216;T\u00fcrkiye Yazma Eserler Kurumu Ba\u015fkanl\u0131\u011f\u0131&#8217; kanunun \u00e7\u0131kt\u0131\u011f\u0131n\u0131 hat\u0131rlatarak \u015f\u00f6yle devam etti: &#8220;Buna g\u00f6re 12 ilde kuruluyor yazma eserler k\u00fct\u00fcphanesi. 4 tanesi \u0130stanbul&#8217;da toplam 15 k\u00fct\u00fcphane kurulacak. Bu iller Osmanl\u0131n\u0131n Sel\u00e7uklunun \u00f6nemli merkezleri say\u0131l\u0131yor.<!--more--> Ankara, \u0130stanbul ve Konya B\u00f6lge M\u00fcd\u00fcrl\u00fckleri olacak. K\u00fctahya, Edirne, Konya, \u0130stanbul, Bursa, Manisa, Amasya, Sivas, Kayseri, \u00c7orum, Kastamonu ve Diyarbak\u0131r illerinde de kurulacak.&#8221; \u015feklinde yazma erserlerle ilgili a\u00e7\u0131klamalarda bulundu.<\/p>\n<p style=\"text-align: justify;\" align=\"justify\">AKP Milletvekili Avni Erdemir, &#8216;Yazma eserleri biz milletimizin haf\u0131zas\u0131 birikimi olarak kabul ediyoruz&#8217; dedi. Yazma eserlerin kaybolmas\u0131 ve zarar g\u00f6rmesinin milletinin haf\u0131zas\u0131n\u0131n zarar g\u00f6rd\u00fc\u011f\u00fc anlam\u0131na geldi\u011fini ifade eden Erdemir \u015funlar\u0131 kaydetti:<\/p>\n<p style=\"text-align: justify;\" align=\"justify\">&#8220;K\u00fct\u00fcphaneler Genel M\u00fcd\u00fcrl\u00fc\u011f\u00fc i\u00e7inde hizmet veren bu yazma eserlerin genel m\u00fcd\u00fcrl\u00fck d\u0131\u015f\u0131nda m\u00fcstakil bir ba\u015fkanl\u0131k i\u00e7erisinde hizmet vermesinin daha anlaml\u0131 olaca\u011f\u0131n\u0131 inan\u0131yor. \u00c7\u00fcnk\u00fc bunlar bizim hazine de\u011feri ta\u015f\u0131yan eserlerimiz. Buradaki Sultan Beyaz\u0131d Cami ne kadar \u00f6nemliyse k\u00fclt\u00fcrel de\u011fer olarak ta\u015f\u0131nmaz k\u00fclt\u00fcr varl\u0131\u011f\u0131 olarak \u015fu k\u00fct\u00fcphanedeki her bir yazma eser Sultan Beyaz\u0131d Cami kadar \u00f6nemli. Onun i\u00e7in Ba\u015fbakan\u0131m\u0131z\u0131n talimat\u0131yla yazma eserler ayr\u0131 bir ba\u015fkanl\u0131k alt\u0131nda toplans\u0131n dendi. Milli E\u011fitim Komisyonumuza 14 tane yazma eser k\u00fct\u00fcphanesi kurulmas\u0131 ile ilgili teklif geldi. Sa\u011f olsun K\u00fclt\u00fcr ve Turizm Bakan\u0131m\u0131z ile g\u00f6r\u00fc\u015ft\u00fck. Bakan G\u00fcnay &#8216;Amasya&#8217;ya da bir yazma eserler k\u00fct\u00fcphanesi yak\u0131\u015f\u0131r&#8217; dedi. Bu raya geldi\u011finde de bizzat g\u00f6rm\u00fc\u015ft\u00fc yazma eserleri. Bakan\u0131m\u0131za \u00e7ok te\u015fekk\u00fcr ederiz. Amasya&#8217;ya da yazma eser k\u00fct\u00fcphanesi kurulmas\u0131 i\u00e7in karar al\u0131nd\u0131.&#8221;\u00a0<strong><\/strong><\/p>\n<p style=\"text-align: justify;\" align=\"justify\">Kaynak: http:\/\/www.yaylahaber.com<\/p>\n","protected":false},"excerpt":{"rendered":"<p>K\u00fctahya&#8217;da yazma eserler k\u00fct\u00fcphanesinin kurulaca\u011f\u0131 AKP Milletvekili Avni Erdemir taraf\u0131ndan a\u00e7\u0131kland\u0131. Erdemir, 28 Aral\u0131k 2010 tarihinde TBMM&#8217;de &#8216;T\u00fcrkiye Yazma Eserler Kurumu Ba\u015fkanl\u0131\u011f\u0131&#8217; kanunun \u00e7\u0131kt\u0131\u011f\u0131n\u0131 hat\u0131rlatarak \u015f\u00f6yle devam etti: &#8220;Buna g\u00f6re 12 ilde kuruluyor yazma eserler k\u00fct\u00fcphanesi. 4 tanesi \u0130stanbul&#8217;da toplam 15 k\u00fct\u00fcphane kurulacak. Bu iller Osmanl\u0131n\u0131n Sel\u00e7uklunun \u00f6nemli merkezleri say\u0131l\u0131yor.<\/p>\n","protected":false},"author":1,"featured_media":0,"comment_status":"open","ping_status":"open","sticky":false,"template":"","format":"standard","meta":{"footnotes":""},"categories":[1500,1509],"tags":[1096,438,1441],"class_list":["post-1097","post","type-post","status-publish","format-standard","hentry","category-nadir-eserler","category-yazma-eserler","tag-arsivcilik","tag-el-yazmalari","tag-yazma-eser-kutuphaneleri"],"_links":{"self":[{"href":"https:\/\/www.bbyhaber.com\/bby\/wp-json\/wp\/v2\/posts\/1097"}],"collection":[{"href":"https:\/\/www.bbyhaber.com\/bby\/wp-json\/wp\/v2\/posts"}],"about":[{"href":"https:\/\/www.bbyhaber.com\/bby\/wp-json\/wp\/v2\/types\/post"}],"author":[{"embeddable":true,"href":"https:\/\/www.bbyhaber.com\/bby\/wp-json\/wp\/v2\/users\/1"}],"replies":[{"embeddable":true,"href":"https:\/\/www.bbyhaber.com\/bby\/wp-json\/wp\/v2\/comments?post=1097"}],"version-history":[{"count":0,"href":"https:\/\/www.bbyhaber.com\/bby\/wp-json\/wp\/v2\/posts\/1097\/revisions"}],"wp:attachment":[{"href":"https:\/\/www.bbyhaber.com\/bby\/wp-json\/wp\/v2\/media?parent=1097"}],"wp:term":[{"taxonomy":"category","embeddable":true,"href":"https:\/\/www.bbyhaber.com\/bby\/wp-json\/wp\/v2\/categories?post=1097"},{"taxonomy":"post_tag","embeddable":true,"href":"https:\/\/www.bbyhaber.com\/bby\/wp-json\/wp\/v2\/tags?post=1097"}],"curies":[{"name":"wp","href":"https:\/\/api.w.org\/{rel}","templated":true}]}}