{"id":10965,"date":"2013-05-09T16:02:24","date_gmt":"2013-05-09T13:02:24","guid":{"rendered":"http:\/\/www.bbyhaber.com\/bby\/?p=10965"},"modified":"2013-05-09T18:46:23","modified_gmt":"2013-05-09T15:46:23","slug":"3-halk-kutuphaneciligi-sempozyumu-bodrumda-basladi","status":"publish","type":"post","link":"https:\/\/www.bbyhaber.com\/bby\/2013\/05\/09\/3-halk-kutuphaneciligi-sempozyumu-bodrumda-basladi","title":{"rendered":"3.Halk K\u00fct\u00fcphanecili\u011fi Sempozyumu Bodrum&#8217;da Ba\u015flad\u0131"},"content":{"rendered":"<p style=\"text-align: justify;\"><a href=\"http:\/\/www.turizmhaberleri.com\/img\/haber\/manset\/mtan%C4%B1rsempozyum57.JPG\"><img loading=\"lazy\" decoding=\"async\" class=\"alignleft\" src=\"http:\/\/www.turizmhaberleri.com\/img\/haber\/manset\/mtan%C4%B1rsempozyum57.JPG\" alt=\"\" width=\"251\" height=\"150\" \/><\/a>T\u00fcrkiye&#8217;de 1993 y\u0131l\u0131nda birincisi, 2012 y\u0131l\u0131nda ikincisi d\u00fczenlenen 3.Halk K\u00fct\u00fcphanecili\u011fi Sempozyumu 8-11 May\u0131s 2013 tarihlerinde Bodrum&#8217;da ba\u015flad\u0131. K\u00fct\u00fcphanecili\u011fin de\u011fi\u015fen d\u00fcnya ko\u015fullar\u0131nda yeniden yap\u0131land\u0131r\u0131lmas\u0131n\u0131, okuyucu odakl\u0131 \u00e7al\u0131\u015fmalar\u0131n yap\u0131lmas\u0131n\u0131 ve mekansal tasar\u0131m\u0131n\u0131 i\u00e7eren bu y\u0131lki sempozyum konusu &#8221;K\u00fct\u00fcphanelerde Mekan Tasar\u0131m\u0131&#8221; olarak belirlendi.<!--more--><\/p>\n<p style=\"text-align: justify;\">81 \u0130l Halk K\u00fct\u00fcphanesinin yer ald\u0131\u011f\u0131 Sempozyum&#8217;a Burdur K\u00fclt\u00fcr ve Turizm M\u00fcd\u00fcr\u00fc Tan\u0131r ve Burdur il Halk K\u00fct\u00fcphane M\u00fcd\u00fcr\u00fc Birol Y\u0131lmaz kat\u0131ld\u0131. Burdur \u0130l M\u00fcd\u00fcr\u00fc Tan\u0131r yetkililerle g\u00f6r\u00fc\u015ferek T\u00fcrkiye ve Burdur&#8217;daki k\u00fct\u00fcphaneler ile ilgili sorunlar\u0131 ve \u00e7\u00f6z\u00fcm \u00f6nerilerini payla\u015ft\u0131. Sempozyumun a\u00e7\u0131l\u0131\u015f konu\u015fmalar\u0131n\u0131 K\u00fct\u00fcphaneler ve Yay\u0131mlar Genel M\u00fcd\u00fcr\u00fc Semra ATIN\u00c7 ve Prof. Dr. Hasan Kesero\u011flu yapt\u0131.<\/p>\n<p style=\"text-align: justify;\">&#8221;K\u00fct\u00fcphanelerin \u00e7a\u011f\u0131n ihtiya\u00e7lar\u0131na uyumlu, okuyucular\u0131n ilgisini \u00e7eken mekansal esteti\u011fe sahip, bilgi teknolojileri ile donat\u0131lm\u0131\u015f mekanlar olmal\u0131d\u0131r.&#8221; \u015feklinde konu\u015fan Semra At\u0131n\u00e7; mekan tasar\u0131m\u0131n\u0131n k\u00fct\u00fcphanelerin \u00e7ekim merkezi olmas\u0131 i\u00e7in \u00f6nemli oldu\u011funu vurgulad\u0131. Burdur \u0130l K\u00fclt\u00fcr ve Turizm M\u00fcd\u00fcr\u00fc Mehmet Tan\u0131r, sempozyum ile ilgili \u015fu a\u00e7\u0131klamalarda bulundu; &#8220;\u00dc\u00e7 g\u00fcn s\u00fcrecek sempozyumda Almanya&#8217;dan, \u0130talya&#8217;dan ve T\u00fcrkiye&#8217;den kat\u0131l\u0131mc\u0131lar bildirilerini sunmaya devam ediyor. Sempozyumda 16 bildiri 8 poster sunulacak. Sempozyuma T\u00fcrkiye&#8217;den Bakanl\u0131k personeli ve 81 il Halk K\u00fct\u00fcphane M\u00fcd\u00fcrleri, k\u00fct\u00fcphaneci dernekleri ve akademisyenler kat\u0131ld\u0131.<\/p>\n<p style=\"text-align: justify;\">T\u00fcrkiye&#8217;de K\u00fclt\u00fcr ve Turizm Bakanl\u0131\u011f\u0131 K\u00fct\u00fcphaneler ve Yay\u0131mlar Genel m\u00fcd\u00fcrl\u00fc\u011f\u00fcne ba\u011fl\u0131 1116 k\u00fct\u00fcphane bulunuyor. Bakanl\u0131k a\u00e7\u0131klamalar\u0131nda; 12 \u0130l Halk k\u00fct\u00fcphanesinin yeniden yap\u0131land\u0131r\u0131ld\u0131\u011f\u0131, 11 k\u00fct\u00fcphanenin yeniden yap\u0131land\u0131r\u0131laca\u011f\u0131, Adana Karacao\u011flan, Mehmet Akif Ersoy, Diyarbak\u0131r Ahmet Hamdi Tanp\u0131nar gibi 8 Edebiyat M\u00fcze k\u00fct\u00fcphanesi a\u00e7\u0131ld\u0131\u011f\u0131, Ankara Ali Day\u0131 \u00c7ocuk k\u00fct\u00fcphanesi gibi \u00d6rnek \u00e7ocuk k\u00fct\u00fcphanelerinin yap\u0131ld\u0131\u011f\u0131 belirtildi.&#8221; dedi.<\/p>\n<p style=\"text-align: justify;\">Kaynak: http:\/\/www.turizmhaberleri.com<\/p>\n","protected":false},"excerpt":{"rendered":"<p>T\u00fcrkiye&#8217;de 1993 y\u0131l\u0131nda birincisi, 2012 y\u0131l\u0131nda ikincisi d\u00fczenlenen 3.Halk K\u00fct\u00fcphanecili\u011fi Sempozyumu 8-11 May\u0131s 2013 tarihlerinde Bodrum&#8217;da ba\u015flad\u0131. K\u00fct\u00fcphanecili\u011fin de\u011fi\u015fen d\u00fcnya ko\u015fullar\u0131nda yeniden yap\u0131land\u0131r\u0131lmas\u0131n\u0131, okuyucu odakl\u0131 \u00e7al\u0131\u015fmalar\u0131n yap\u0131lmas\u0131n\u0131 ve mekansal tasar\u0131m\u0131n\u0131 i\u00e7eren bu y\u0131lki sempozyum konusu &#8221;K\u00fct\u00fcphanelerde Mekan Tasar\u0131m\u0131&#8221; olarak belirlendi.<\/p>\n","protected":false},"author":1,"featured_media":0,"comment_status":"open","ping_status":"open","sticky":false,"template":"","format":"standard","meta":{"footnotes":""},"categories":[1],"tags":[293,848],"class_list":["post-10965","post","type-post","status-publish","format-standard","hentry","category-genel","tag-halk-kutuphaneciligi-sempozyumu","tag-halk-kutuphaneleri"],"_links":{"self":[{"href":"https:\/\/www.bbyhaber.com\/bby\/wp-json\/wp\/v2\/posts\/10965"}],"collection":[{"href":"https:\/\/www.bbyhaber.com\/bby\/wp-json\/wp\/v2\/posts"}],"about":[{"href":"https:\/\/www.bbyhaber.com\/bby\/wp-json\/wp\/v2\/types\/post"}],"author":[{"embeddable":true,"href":"https:\/\/www.bbyhaber.com\/bby\/wp-json\/wp\/v2\/users\/1"}],"replies":[{"embeddable":true,"href":"https:\/\/www.bbyhaber.com\/bby\/wp-json\/wp\/v2\/comments?post=10965"}],"version-history":[{"count":0,"href":"https:\/\/www.bbyhaber.com\/bby\/wp-json\/wp\/v2\/posts\/10965\/revisions"}],"wp:attachment":[{"href":"https:\/\/www.bbyhaber.com\/bby\/wp-json\/wp\/v2\/media?parent=10965"}],"wp:term":[{"taxonomy":"category","embeddable":true,"href":"https:\/\/www.bbyhaber.com\/bby\/wp-json\/wp\/v2\/categories?post=10965"},{"taxonomy":"post_tag","embeddable":true,"href":"https:\/\/www.bbyhaber.com\/bby\/wp-json\/wp\/v2\/tags?post=10965"}],"curies":[{"name":"wp","href":"https:\/\/api.w.org\/{rel}","templated":true}]}}