{"id":10950,"date":"2013-05-09T09:18:38","date_gmt":"2013-05-09T06:18:38","guid":{"rendered":"http:\/\/www.bbyhaber.com\/bby\/?p=10950"},"modified":"2013-05-09T09:18:50","modified_gmt":"2013-05-09T06:18:50","slug":"ege-universitesi-iletisim-fakultesi-konusan-kitaplar-etkinligi","status":"publish","type":"post","link":"https:\/\/www.bbyhaber.com\/bby\/2013\/05\/09\/ege-universitesi-iletisim-fakultesi-konusan-kitaplar-etkinligi","title":{"rendered":"Ege \u00dcniversitesi \u0130leti\u015fim Fak\u00fcltesi Konu\u015fan Kitaplar Etkinli\u011fi"},"content":{"rendered":"<p style=\"text-align: justify;\"><img loading=\"lazy\" decoding=\"async\" class=\"alignleft\" src=\"http:\/\/www.bbyhaber.com\/bby\/wp-content\/uploads\/2013\/05\/eu-konusan-kitaplar-thumb.jpg\" alt=\"\" width=\"204\" height=\"120\" \/>Ege \u00dcniversitesi \u0130leti\u015fim Fak\u00fcltesi bu y\u0131l \u00fc\u00e7\u00fcnc\u00fcs\u00fc yap\u0131lmas\u0131 planlanan &#8220;Konu\u015fan Kitaplar&#8221; isimli bir proje ger\u00e7ekle\u015ftiriyor.Ankara Milli K\u00fct\u00fcphane Konu\u015fan Kitapl\u0131k B\u00f6l\u00fcm\u00fc&#8217;nde bulunmayan kitaplar aras\u0131ndan se\u00e7ilen kitaplar\u0131n bir b\u00f6l\u00fcm\u00fc fak\u00fclte \u00f6\u011frencileri taraf\u0131ndan, bir b\u00f6l\u00fcm\u00fc ise projeye destek veren g\u00f6n\u00fcll\u00fcler taraf\u0131ndan seslendirilmi\u015ftir.<!--more--> Projenin i\u00e7inde yer alan 2 kitap ise ilk\u00f6\u011fretim \u00e7a\u011f\u0131ndaki g\u00f6rme engelliler i\u00e7in haz\u0131rlanm\u0131\u015ft\u0131r. Bu kitaplar T\u00fcrk Alman K\u00fclt\u00fcr ve E\u011fitim Vakf\u0131 (TAKEV) \u0130lk\u00f6\u011fretim Okulu ve Bah\u00e7e\u015fehir Koleji \u0130lk\u00f6\u011fretim Okulu \u00f6\u011frencileri taraf\u0131ndan yaz\u0131lan \u00f6yk\u00fclerden olu\u015fmaktad\u0131r.<\/p>\n<p style=\"text-align: justify;\">Etkinlik saat 13.30-14.00 s\u0131ralar\u0131nda ba\u015flayacak olup 16.30-17.00&#8217;a kadar devam edecektir.<\/p>\n<p style=\"text-align: justify;\">Etkinlik kapsam\u0131nda, etkinli\u011fe katk\u0131da bulunan sanat\u00e7\u0131lara ve \u00fcniversitelere te\u015fekk\u00fcrlerinin takdimi, seslendirilen kitaplar\u0131n Ankara Milli K\u00fct\u00fcphane temsilcisine takdimi ve ayn\u0131 zamanda k\u00fc\u00e7\u00fckler i\u00e7in olu\u015fturulan \u00f6yk\u00fc kitaplar\u0131n\u0131n A\u015f\u0131k Veysel G\u00f6rme Engelliler \u0130lk\u00f6\u011fretim Okulu \u00f6\u011frencilerine ula\u015ft\u0131r\u0131lmak \u00fczere ilgili yetkiliye takdimi ger\u00e7ekle\u015ftirilecektir.<\/p>\n<div><span style=\"color: #0000ff;\"><strong>Etkinlik Bilgileri:<\/strong><\/span><\/div>\n<div><strong><span style=\"color: #ff0000;\">13 May\u0131s 2013 Pazartesi, 13:30<\/span><\/strong><\/div>\n<div>E.\u00dc. Prof. Dr. Yusuf VARDAR<\/div>\n<div>-M\u00d6TBE-K\u00fclt\u00fcr Merkezi<\/div>\n<div>Bornova Kamp\u00fcs\u00fc<\/div>\n<div><a href=\"http:\/\/www.bbyhaber.com\/bby\/wp-content\/uploads\/2013\/05\/eu-konusan-kitaplar.jpg\"><img loading=\"lazy\" decoding=\"async\" class=\"alignnone\" src=\"http:\/\/www.bbyhaber.com\/bby\/wp-content\/uploads\/2013\/05\/eu-konusan-kitaplar.jpg\" alt=\"\" width=\"580\" height=\"220\" \/><\/a><\/div>\n","protected":false},"excerpt":{"rendered":"<p>Ege \u00dcniversitesi \u0130leti\u015fim Fak\u00fcltesi bu y\u0131l \u00fc\u00e7\u00fcnc\u00fcs\u00fc yap\u0131lmas\u0131 planlanan &#8220;Konu\u015fan Kitaplar&#8221; isimli bir proje ger\u00e7ekle\u015ftiriyor.Ankara Milli K\u00fct\u00fcphane Konu\u015fan Kitapl\u0131k B\u00f6l\u00fcm\u00fc&#8217;nde bulunmayan kitaplar aras\u0131ndan se\u00e7ilen kitaplar\u0131n bir b\u00f6l\u00fcm\u00fc fak\u00fclte \u00f6\u011frencileri taraf\u0131ndan, bir b\u00f6l\u00fcm\u00fc ise projeye destek veren g\u00f6n\u00fcll\u00fcler taraf\u0131ndan seslendirilmi\u015ftir.<\/p>\n","protected":false},"author":1,"featured_media":0,"comment_status":"open","ping_status":"open","sticky":false,"template":"","format":"standard","meta":{"footnotes":""},"categories":[1,1487,1503],"tags":[465],"class_list":["post-10950","post","type-post","status-publish","format-standard","hentry","category-genel","category-gorme-engelli-kutuphane","category-sesli-kutuphane","tag-gorme-engelli-e-kitap"],"_links":{"self":[{"href":"https:\/\/www.bbyhaber.com\/bby\/wp-json\/wp\/v2\/posts\/10950"}],"collection":[{"href":"https:\/\/www.bbyhaber.com\/bby\/wp-json\/wp\/v2\/posts"}],"about":[{"href":"https:\/\/www.bbyhaber.com\/bby\/wp-json\/wp\/v2\/types\/post"}],"author":[{"embeddable":true,"href":"https:\/\/www.bbyhaber.com\/bby\/wp-json\/wp\/v2\/users\/1"}],"replies":[{"embeddable":true,"href":"https:\/\/www.bbyhaber.com\/bby\/wp-json\/wp\/v2\/comments?post=10950"}],"version-history":[{"count":0,"href":"https:\/\/www.bbyhaber.com\/bby\/wp-json\/wp\/v2\/posts\/10950\/revisions"}],"wp:attachment":[{"href":"https:\/\/www.bbyhaber.com\/bby\/wp-json\/wp\/v2\/media?parent=10950"}],"wp:term":[{"taxonomy":"category","embeddable":true,"href":"https:\/\/www.bbyhaber.com\/bby\/wp-json\/wp\/v2\/categories?post=10950"},{"taxonomy":"post_tag","embeddable":true,"href":"https:\/\/www.bbyhaber.com\/bby\/wp-json\/wp\/v2\/tags?post=10950"}],"curies":[{"name":"wp","href":"https:\/\/api.w.org\/{rel}","templated":true}]}}