{"id":10947,"date":"2013-05-09T09:06:44","date_gmt":"2013-05-09T06:06:44","guid":{"rendered":"http:\/\/www.bbyhaber.com\/bby\/?p=10947"},"modified":"2013-05-09T09:08:33","modified_gmt":"2013-05-09T06:08:33","slug":"sirnak-universitesi-koylere-kutuphane-kuruyor","status":"publish","type":"post","link":"https:\/\/www.bbyhaber.com\/bby\/2013\/05\/09\/sirnak-universitesi-koylere-kutuphane-kuruyor","title":{"rendered":"\u015e\u0131rnak \u00dcniversitesi K\u00f6ylere K\u00fct\u00fcphane Kuruyor"},"content":{"rendered":"<p style=\"text-align: justify;\"><img loading=\"lazy\" decoding=\"async\" class=\"alignleft\" src=\"http:\/\/www.stargundem.com\/resimler\/418000\/418976.jpg\" alt=\"\" width=\"258\" height=\"138\" \/>\u015e\u0131rnak \u00dcniversitesi, k\u00f6ylerde k\u00fct\u00fcphane a\u00e7mak \u00fczere kitap toplama kampanyas\u0131 d\u00fczenledi. \u0130l K\u00fclt\u00fcr Turizm ve Kalk\u0131nma Derne\u011fi katk\u0131lar\u0131yla d\u00fczenlenen kitap toplama ve k\u00f6ylere k\u00fct\u00fcphane kurma kampanyas\u0131 gen\u00e7lerden ve \u00f6\u011fretmenlerden yo\u011fun ilgi g\u00f6rd\u00fc. \u015e\u0131rnak \u00dcniversitesi Meslek Y\u00fcksekokulu \u00f6\u011frencisi H\u00fcsn\u00fc Bark\u0131n, &#8220;Meslek Y\u00fcksekokulu \u00f6\u011frencileri olarak k\u00f6yde okuyan karde\u015flerimiz i\u00e7in kitap toplama kampanyas\u0131 d\u00fczenledik. Daha \u00f6nce \u015e\u0131rnak halk\u0131n\u0131 kitap okumaya davet ettik ve bu kapsamda kitap toplayaca\u011f\u0131z.<!--more--> Bu kitaplar\u0131 Cizre ve Beyt\u00fc\u015f\u015febap&#8217;ta belirledi\u011fimiz birka\u00e7 k\u00fct\u00fcphane kuraca\u011f\u0131z okullar\u0131m\u0131za ve arkada\u015flar\u0131m\u0131z\u0131n da duyarl\u0131 olmas\u0131n\u0131 istiyorum. Kitaplar yanarak de\u011fil okuyarak ayd\u0131nlat\u0131r. Kitap gelecektir, gen\u00e7lerin elinden tutun diyoruz. \u015euana kadar 4 kolinin \u00fcst\u00fcnde kitap toplad\u0131k. Y\u00fcksekokul m\u00fcd\u00fcr\u00fcm\u00fcz de \u00fcniversitemizin ajandalar\u0131ndan toplam 25 adet ajanda kampanyaya destek verdi. Yine \u0130l K\u00fclt\u00fcr Turizm ve Kalk\u0131nma Derne\u011finin katk\u0131lar\u0131yla zaten bu organizasyonu yap\u0131yoruz. Onlarda kitap ve kalem yard\u0131m\u0131nda bulunarak destek verdiler&#8221; dedi.<\/p>\n<p style=\"text-align: justify;\">\u015e\u0131rnak \u00dcniversitesi \u00f6\u011frencilerinden Mahsun Ge\u00e7gel ise, kitaplar\u0131 daha \u00f6nce okuduktan sonra yakarak \u0131s\u0131nd\u0131klar\u0131n\u0131 ama \u015fimdi k\u00f6ylere destek ama\u00e7l\u0131 g\u00f6nderdiklerini ifade etti. Ge\u00e7gel, &#8220;Hep sobalarda g\u00f6r\u00fcyorduk yakarken. Hep onlarla \u0131s\u0131nmaya \u00e7al\u0131\u015f\u0131yorduk. Ama \u015fuanda k\u00f6ydeki karde\u015flerimizi g\u00f6r\u00fcyoruz ve onlar i\u00e7in bu yard\u0131mlar\u0131 topluyoruz. Kitaplar\u0131m\u0131z\u0131 onlara g\u00f6nderece\u011fiz. Bu katk\u0131da bulunan b\u00fct\u00fcn arkada\u015flar\u0131m\u0131za b\u00fct\u00fcn abilerimize te\u015fekk\u00fcr ediyorum&#8221; diye konu\u015ftu. S\u0131la Yayan adl\u0131 \u00f6\u011frenci ise, &#8220;Bu kitaplar\u0131 hi\u00e7 kitap okumayan \u00e7ocuklar\u0131m\u0131za ondan sonra yard\u0131m isteyen \u00e7ocuklara, ondan sonra ger\u00e7ekten bu kitaplara ihtiya\u00e7 duyan okuma hevesi daha \u00e7ok olan \u00e7ocuklara yard\u0131m ama\u00e7l\u0131 olarak topluyoruz&#8221; ifadelerini kulland\u0131.<\/p>\n<p>Kaynak:http:\/\/www.stargundem.com<\/p>\n","protected":false},"excerpt":{"rendered":"<p>\u015e\u0131rnak \u00dcniversitesi, k\u00f6ylerde k\u00fct\u00fcphane a\u00e7mak \u00fczere kitap toplama kampanyas\u0131 d\u00fczenledi. \u0130l K\u00fclt\u00fcr Turizm ve Kalk\u0131nma Derne\u011fi katk\u0131lar\u0131yla d\u00fczenlenen kitap toplama ve k\u00f6ylere k\u00fct\u00fcphane kurma kampanyas\u0131 gen\u00e7lerden ve \u00f6\u011fretmenlerden yo\u011fun ilgi g\u00f6rd\u00fc. \u015e\u0131rnak \u00dcniversitesi Meslek Y\u00fcksekokulu \u00f6\u011frencisi H\u00fcsn\u00fc Bark\u0131n, &#8220;Meslek Y\u00fcksekokulu \u00f6\u011frencileri olarak k\u00f6yde okuyan karde\u015flerimiz i\u00e7in kitap toplama kampanyas\u0131 d\u00fczenledik. Daha \u00f6nce \u015e\u0131rnak halk\u0131n\u0131 kitap [&hellip;]<\/p>\n","protected":false},"author":1,"featured_media":0,"comment_status":"open","ping_status":"open","sticky":false,"template":"","format":"standard","meta":{"footnotes":""},"categories":[1],"tags":[],"class_list":["post-10947","post","type-post","status-publish","format-standard","hentry","category-genel"],"_links":{"self":[{"href":"https:\/\/www.bbyhaber.com\/bby\/wp-json\/wp\/v2\/posts\/10947"}],"collection":[{"href":"https:\/\/www.bbyhaber.com\/bby\/wp-json\/wp\/v2\/posts"}],"about":[{"href":"https:\/\/www.bbyhaber.com\/bby\/wp-json\/wp\/v2\/types\/post"}],"author":[{"embeddable":true,"href":"https:\/\/www.bbyhaber.com\/bby\/wp-json\/wp\/v2\/users\/1"}],"replies":[{"embeddable":true,"href":"https:\/\/www.bbyhaber.com\/bby\/wp-json\/wp\/v2\/comments?post=10947"}],"version-history":[{"count":0,"href":"https:\/\/www.bbyhaber.com\/bby\/wp-json\/wp\/v2\/posts\/10947\/revisions"}],"wp:attachment":[{"href":"https:\/\/www.bbyhaber.com\/bby\/wp-json\/wp\/v2\/media?parent=10947"}],"wp:term":[{"taxonomy":"category","embeddable":true,"href":"https:\/\/www.bbyhaber.com\/bby\/wp-json\/wp\/v2\/categories?post=10947"},{"taxonomy":"post_tag","embeddable":true,"href":"https:\/\/www.bbyhaber.com\/bby\/wp-json\/wp\/v2\/tags?post=10947"}],"curies":[{"name":"wp","href":"https:\/\/api.w.org\/{rel}","templated":true}]}}