{"id":10919,"date":"2013-05-06T21:47:45","date_gmt":"2013-05-06T18:47:45","guid":{"rendered":"http:\/\/www.bbyhaber.com\/bby\/?p=10919"},"modified":"2013-05-06T21:47:56","modified_gmt":"2013-05-06T18:47:56","slug":"edebiyat-muze-kutuphaneleri-yayginlasiyor","status":"publish","type":"post","link":"https:\/\/www.bbyhaber.com\/bby\/2013\/05\/06\/edebiyat-muze-kutuphaneleri-yayginlasiyor","title":{"rendered":"Edebiyat M\u00fcze K\u00fct\u00fcphaneleri Yayg\u0131nla\u015f\u0131yor"},"content":{"rendered":"<p style=\"text-align: justify;\">K\u00fclt\u00fcr ve Turizm Bakanl\u0131\u011f\u0131, k\u00fct\u00fcphaneler arac\u0131l\u0131\u011f\u0131yla edebiyat \u00fcretimine ve T\u00fcrkiye&#8217;nin yaz\u0131nsal \u00e7ekicili\u011finin y\u00fckselmesine katk\u0131 sa\u011flamak \u00fczere hizmete a\u00e7t\u0131\u011f\u0131 edebiyat m\u00fcze k\u00fct\u00fcphanelerine bir yenisini daha ekliyor. \u00dcnl\u00fc seyyah Evliya \u00c7elebi&#8217;nin ismiyle k\u00fclt\u00fcrel hayata katk\u0131lar sunacak olan k\u00fct\u00fcphane, 7 May\u0131s&#8217;ta K\u00fctahya&#8217;da hizmete giriyor.\u00a0K\u00fclt\u00fcr ve Turizm Bakanl\u0131\u011f\u0131, k\u00fct\u00fcphaneler arac\u0131l\u0131\u011f\u0131yla edebiyat \u00fcretimine<!--more--> ve T\u00fcrkiye&#8217;nin yaz\u0131nsal \u00e7ekicili\u011finin y\u00fckselmesine katk\u0131 sa\u011flamak \u00fczere hizmete a\u00e7t\u0131\u011f\u0131 edebiyat m\u00fcze k\u00fct\u00fcphanelerine bir yenisini daha ekliyor. Ankara&#8217;da Mehmet Akif Ersoy, Adana&#8217;da Karacao\u011flan, \u0130stanbul&#8217;da Ahmet Hamdi Tanp\u0131nar, Diyarbak\u0131r&#8217;da Ahmet Arif ve Erzurum&#8217;da Erzurumlu Emrah Edebiyat M\u00fcze K\u00fct\u00fcphaneleri&#8217;nin g\u00f6rd\u00fc\u011f\u00fc yo\u011fun ilgi \u00fczerine K\u00fctahya da edebiyat m\u00fcze k\u00fct\u00fcphanesine kavu\u015fuyor. \u00dcnl\u00fc seyyah Evliya \u00c7elebi&#8217;nin ismiyle k\u00fclt\u00fcrel hayata katk\u0131lar sunacak olan k\u00fct\u00fcphane 7 May\u0131s&#8217;ta K\u00fctahya&#8217;da hizmete giriyor.<\/p>\n<p style=\"text-align: justify;\">&#8216;Evliya \u00c7elebi Edebiyat M\u00fcze K\u00fct\u00fcphanesi&#8217;nde T\u00fcrk ve d\u00fcnya edebiyat\u0131 ile edebiyat kuram\u0131na ili\u015fkin yakla\u015f\u0131k 5 bin kitap, edebiyat ve sanat konulu 83 s\u00fcreli yay\u0131n, K\u00fctahyal\u0131 yazarlara ait yazma eserlerin t\u0131pk\u0131bas\u0131mlar\u0131 ve TEDA projesi kapsam\u0131ndaki \u00e7al\u0131\u015fmalar \u00e7er\u00e7evesinde ba\u015fka dillerde yay\u0131mlanan t\u00fcm eserler okurlar\u0131n hizmetine sunulacak.<\/p>\n<p style=\"text-align: justify;\">A\u00e7\u0131l\u0131\u015f t\u00f6reninin ard\u0131ndan ise edebiyat\u00e7\u0131 Seyit Ali Kahraman, &#8216;K\u00fctahyal\u0131 Evliya \u00c7elebi ve Seyahatnamesi&#8217; ba\u015fl\u0131kl\u0131 bir konferans d\u00fczenleyecek.<\/p>\n<p style=\"text-align: justify;\">Edebiyatla ilgili t\u00fcm ki\u015fi ve kurumlar ile okurlara mesai saatlerine ba\u011fl\u0131 kalmaks\u0131z\u0131n hizmet veren edebiyat m\u00fcze k\u00fct\u00fcphaneleri konsepte uygun materyallerle donat\u0131ld\u0131.<\/p>\n<p style=\"text-align: justify;\">Edebiyat, sanat, k\u00fclt\u00fcr, tarih, felsefe gibi konularda s\u00f6yle\u015fi, bilimsel toplant\u0131 ve k\u00fclt\u00fcrel faaliyetlerin d\u00fczenlendi\u011fi k\u00fct\u00fcphaneler yaz\u0131n hayat\u0131na ilham verecek bir k\u00fclt\u00fcrel bulu\u015fma noktas\u0131 olmas\u0131n\u0131n yan\u0131 s\u0131ra T\u00fcrkiye&#8217;nin k\u00fclt\u00fcr miras\u0131n\u0131n sahiplenilmesi ile k\u00fclt\u00fcr ve turizmin geli\u015ftirilmesine de katk\u0131 sa\u011fl\u0131yor.<\/p>\n<p style=\"text-align: justify;\">K\u00fclt\u00fcr ve Turizm Bakanl\u0131\u011f\u0131 ile K\u00fctahya Belediyesi taraf\u0131ndan te\u015fhir ve tanzim uygulamas\u0131 tamamlanan eski Y\u00fcksek Kahve Binas\u0131&#8217;nda hizmet verecek olan K\u00fctahya Evliya \u00c7elebi Edebiyat K\u00fct\u00fcphanesi ayn\u0131 zamanda 17. y\u00fczy\u0131l\u0131n \u00f6nde gelen gezginlerinden Evliya \u00c7elebi&#8217;nin ismini memleketinde ya\u015fatmas\u0131 a\u00e7\u0131s\u0131ndan da \u00f6nem ta\u015f\u0131yor.<\/p>\n<p style=\"text-align: justify;\">Kaynak:http:\/\/www.malatyagercek.com<\/p>\n","protected":false},"excerpt":{"rendered":"<p>K\u00fclt\u00fcr ve Turizm Bakanl\u0131\u011f\u0131, k\u00fct\u00fcphaneler arac\u0131l\u0131\u011f\u0131yla edebiyat \u00fcretimine ve T\u00fcrkiye&#8217;nin yaz\u0131nsal \u00e7ekicili\u011finin y\u00fckselmesine katk\u0131 sa\u011flamak \u00fczere hizmete a\u00e7t\u0131\u011f\u0131 edebiyat m\u00fcze k\u00fct\u00fcphanelerine bir yenisini daha ekliyor. \u00dcnl\u00fc seyyah Evliya \u00c7elebi&#8217;nin ismiyle k\u00fclt\u00fcrel hayata katk\u0131lar sunacak olan k\u00fct\u00fcphane, 7 May\u0131s&#8217;ta K\u00fctahya&#8217;da hizmete giriyor.\u00a0K\u00fclt\u00fcr ve Turizm Bakanl\u0131\u011f\u0131, k\u00fct\u00fcphaneler arac\u0131l\u0131\u011f\u0131yla edebiyat \u00fcretimine<\/p>\n","protected":false},"author":1,"featured_media":0,"comment_status":"open","ping_status":"open","sticky":false,"template":"","format":"standard","meta":{"footnotes":""},"categories":[1572,71,1],"tags":[],"class_list":["post-10919","post","type-post","status-publish","format-standard","hentry","category-edebiyat-ve-muze-kutuphaneleri","category-muze-kutuphaneleri-2","category-genel"],"_links":{"self":[{"href":"https:\/\/www.bbyhaber.com\/bby\/wp-json\/wp\/v2\/posts\/10919"}],"collection":[{"href":"https:\/\/www.bbyhaber.com\/bby\/wp-json\/wp\/v2\/posts"}],"about":[{"href":"https:\/\/www.bbyhaber.com\/bby\/wp-json\/wp\/v2\/types\/post"}],"author":[{"embeddable":true,"href":"https:\/\/www.bbyhaber.com\/bby\/wp-json\/wp\/v2\/users\/1"}],"replies":[{"embeddable":true,"href":"https:\/\/www.bbyhaber.com\/bby\/wp-json\/wp\/v2\/comments?post=10919"}],"version-history":[{"count":0,"href":"https:\/\/www.bbyhaber.com\/bby\/wp-json\/wp\/v2\/posts\/10919\/revisions"}],"wp:attachment":[{"href":"https:\/\/www.bbyhaber.com\/bby\/wp-json\/wp\/v2\/media?parent=10919"}],"wp:term":[{"taxonomy":"category","embeddable":true,"href":"https:\/\/www.bbyhaber.com\/bby\/wp-json\/wp\/v2\/categories?post=10919"},{"taxonomy":"post_tag","embeddable":true,"href":"https:\/\/www.bbyhaber.com\/bby\/wp-json\/wp\/v2\/tags?post=10919"}],"curies":[{"name":"wp","href":"https:\/\/api.w.org\/{rel}","templated":true}]}}