{"id":10909,"date":"2013-05-05T19:06:26","date_gmt":"2013-05-05T16:06:26","guid":{"rendered":"http:\/\/www.bbyhaber.com\/bby\/?p=10909"},"modified":"2013-05-05T19:08:07","modified_gmt":"2013-05-05T16:08:07","slug":"cankirida-kitap-okuma-eylemi","status":"publish","type":"post","link":"https:\/\/www.bbyhaber.com\/bby\/2013\/05\/05\/cankirida-kitap-okuma-eylemi","title":{"rendered":"\u00c7ank\u0131r\u0131&#8217;da Kitap Okuma Eylemi"},"content":{"rendered":"<p style=\"text-align: justify;\"><a href=\"http:\/\/cankiri.meb.gov.tr\/meb_iys_dosyalar\/2013_05\/k_03154748_dsc_0049.jpg\"><img loading=\"lazy\" decoding=\"async\" class=\"alignleft\" src=\"http:\/\/cankiri.meb.gov.tr\/meb_iys_dosyalar\/2013_05\/k_03154748_dsc_0049.jpg\" alt=\"\" width=\"200\" height=\"150\" \/><\/a>\u00c7ank\u0131r\u0131&#8217;da yakla\u015f\u0131k 50 \u00f6\u011frenci parkta kitap okuma etkinli\u011fi d\u00fczenledi. Milli E\u011fitim M\u00fcd\u00fcrl\u00fc\u011f\u00fc taraf\u0131ndan ba\u015flat\u0131lan &#8220;Okumayan Kalmas\u0131n&#8221; kampanyas\u0131 kapsam\u0131nda \u00c7ank\u0131r\u0131 Lisesi \u00f6\u011frencileri, okulun kar\u015f\u0131s\u0131nda bulunan Lise Park\u0131&#8217;nda yakla\u015f\u0131k yar\u0131m saat kitap okudu. \u00d6\u011frenciler ad\u0131na bir a\u00e7\u0131klama yapan G\u00f6k\u00e7en Merve \u00d6zt\u00fcrk, T\u00fcrkiye&#8217;de kitap okuma oran\u0131n\u0131n olduk\u00e7a d\u00fc\u015f\u00fck oldu\u011funu ve bu oran\u0131 y\u00fckseltmeyi hedeflediklerini s\u00f6yledi.<!--more--><\/p>\n<p style=\"text-align: justify;\">T\u00fcrkiye&#8217;de 600 bin k\u0131raathane bulundu\u011funu dile getiren \u00d6zt\u00fcrk, &#8220;K\u00fct\u00fcphane say\u0131s\u0131 ise bin 434. Bir Norve\u00e7li kitaba y\u0131lda 137 dolar harcarken T\u00fcrkiye&#8217;de ise 0.45 dolar harcanmaktad\u0131r. Yap\u0131lan t\u00fcm istatistikler ortaya \u00e7\u0131kar\u0131yor ki, \u00fclke olarak kitap okuma konusunda olduk\u00e7a gerideyiz&#8221; dedi. \u00d6zt\u00fcrk, belirli aral\u0131klarla kitap okuma etkinli\u011fi d\u00fczenleyeceklerini s\u00f6zlerine ekledi.<\/p>\n<p style=\"text-align: justify;\"><a href=\"http:\/\/cankiri.meb.gov.tr\/meb_iys_dosyalar\/2013_05\/03160205_dsc_0052.jpg\"><img loading=\"lazy\" decoding=\"async\" class=\"alignnone\" src=\"http:\/\/cankiri.meb.gov.tr\/meb_iys_dosyalar\/2013_05\/03160205_dsc_0052.jpg\" alt=\"\" width=\"200\" height=\"150\" \/><\/a>\u00a0<a href=\"http:\/\/cankiri.meb.gov.tr\/meb_iys_dosyalar\/2013_05\/03160205_dsc_0050.jpg\"><img loading=\"lazy\" decoding=\"async\" class=\"alignnone\" src=\"http:\/\/cankiri.meb.gov.tr\/meb_iys_dosyalar\/2013_05\/03160205_dsc_0050.jpg\" alt=\"\" width=\"200\" height=\"150\" \/><\/a><\/p>\n<p style=\"text-align: justify;\">Kaynak:\u00a0http:\/\/yurthaber.mynet.com<\/p>\n","protected":false},"excerpt":{"rendered":"<p>\u00c7ank\u0131r\u0131&#8217;da yakla\u015f\u0131k 50 \u00f6\u011frenci parkta kitap okuma etkinli\u011fi d\u00fczenledi. Milli E\u011fitim M\u00fcd\u00fcrl\u00fc\u011f\u00fc taraf\u0131ndan ba\u015flat\u0131lan &#8220;Okumayan Kalmas\u0131n&#8221; kampanyas\u0131 kapsam\u0131nda \u00c7ank\u0131r\u0131 Lisesi \u00f6\u011frencileri, okulun kar\u015f\u0131s\u0131nda bulunan Lise Park\u0131&#8217;nda yakla\u015f\u0131k yar\u0131m saat kitap okudu. \u00d6\u011frenciler ad\u0131na bir a\u00e7\u0131klama yapan G\u00f6k\u00e7en Merve \u00d6zt\u00fcrk, T\u00fcrkiye&#8217;de kitap okuma oran\u0131n\u0131n olduk\u00e7a d\u00fc\u015f\u00fck oldu\u011funu ve bu oran\u0131 y\u00fckseltmeyi hedeflediklerini s\u00f6yledi.<\/p>\n","protected":false},"author":1,"featured_media":0,"comment_status":"open","ping_status":"open","sticky":false,"template":"","format":"standard","meta":{"footnotes":""},"categories":[1,1496],"tags":[78],"class_list":["post-10909","post","type-post","status-publish","format-standard","hentry","category-genel","category-kitap-okuma-etkinligi","tag-okuma-eylemi"],"_links":{"self":[{"href":"https:\/\/www.bbyhaber.com\/bby\/wp-json\/wp\/v2\/posts\/10909"}],"collection":[{"href":"https:\/\/www.bbyhaber.com\/bby\/wp-json\/wp\/v2\/posts"}],"about":[{"href":"https:\/\/www.bbyhaber.com\/bby\/wp-json\/wp\/v2\/types\/post"}],"author":[{"embeddable":true,"href":"https:\/\/www.bbyhaber.com\/bby\/wp-json\/wp\/v2\/users\/1"}],"replies":[{"embeddable":true,"href":"https:\/\/www.bbyhaber.com\/bby\/wp-json\/wp\/v2\/comments?post=10909"}],"version-history":[{"count":0,"href":"https:\/\/www.bbyhaber.com\/bby\/wp-json\/wp\/v2\/posts\/10909\/revisions"}],"wp:attachment":[{"href":"https:\/\/www.bbyhaber.com\/bby\/wp-json\/wp\/v2\/media?parent=10909"}],"wp:term":[{"taxonomy":"category","embeddable":true,"href":"https:\/\/www.bbyhaber.com\/bby\/wp-json\/wp\/v2\/categories?post=10909"},{"taxonomy":"post_tag","embeddable":true,"href":"https:\/\/www.bbyhaber.com\/bby\/wp-json\/wp\/v2\/tags?post=10909"}],"curies":[{"name":"wp","href":"https:\/\/api.w.org\/{rel}","templated":true}]}}