{"id":10903,"date":"2013-05-04T23:01:21","date_gmt":"2013-05-04T20:01:21","guid":{"rendered":"http:\/\/www.bbyhaber.com\/bby\/?p=10903"},"modified":"2013-05-04T23:02:38","modified_gmt":"2013-05-04T20:02:38","slug":"izmir-kent-ansiklopedisi-okurlari-ile-bulustu","status":"publish","type":"post","link":"https:\/\/www.bbyhaber.com\/bby\/2013\/05\/04\/izmir-kent-ansiklopedisi-okurlari-ile-bulustu","title":{"rendered":"\u0130zmir kent ansiklopedisi okurlar\u0131 ile bulu\u015ftu"},"content":{"rendered":"<p style=\"text-align: justify;\"><a href=\"http:\/\/www.bbyhaber.com\/bby\/wp-content\/uploads\/2013\/05\/izmirkentansiklopedisi.jpg\"><img loading=\"lazy\" decoding=\"async\" class=\"alignleft size-thumbnail wp-image-10904\" title=\"izmirkentansiklopedisi\" src=\"http:\/\/www.bbyhaber.com\/bby\/wp-content\/uploads\/2013\/05\/izmirkentansiklopedisi.jpg\" alt=\"\" width=\"150\" height=\"150\" \/><\/a>\u0130zmir B\u00fcy\u00fck\u015fehir Belediyesi Ahmet Piri\u015ftina Kent Ar\u015fivi ve M\u00fczesi taraf\u0131ndan haz\u0131rlanan \u2018\u0130zmir Ansiklopedisi\u2019 k\u00fclt\u00fcr ve sanat \u00e7evrelerinin yo\u011fun kat\u0131l\u0131m\u0131yla ger\u00e7ekle\u015fen bir etkinlikle tan\u0131t\u0131ld\u0131. K\u00fclt\u00fcrpark Pakistan Pavyonu\u2019 nda d\u00fczenlenen tan\u0131t\u0131ma, \u0130zmir B\u00fcy\u00fck\u015fehir Belediye Ba\u015fkan\u0131 da kat\u0131ld\u0131. \u0130zmir Kent Ansiklopedisi\u2019nin T\u00fcrkiye\u2019de bir ilk oldu\u011funa de\u011finen \u0130zmir B\u00fcy\u00fck\u015fehir Belediye Ba\u015fkan\u0131 Aziz Kocao\u011flu, <!--more-->ansiklopedinin kentin bilinirli\u011fi ve ge\u00e7mi\u015fin gelece\u011fe aktar\u0131lmas\u0131 a\u00e7\u0131s\u0131ndan b\u00fcy\u00fck \u00f6nem ta\u015f\u0131d\u0131\u011f\u0131n\u0131 ifade etti. Ba\u015fkan,\u00a0\u00a0<strong>\u201cBenzer kaynaklar var ama bu kapsamda ve sonu\u00e7land\u0131r\u0131lm\u0131\u015f ba\u015fka bir kent ansiklopedisi \u00e7al\u0131\u015fmas\u0131 yok. S\u0131n\u0131rl\u0131 say\u0131da bas\u0131lan \u0130zmir Kent Ansiklopedisi\u2019ne internet ortam\u0131ndan eri\u015fmek m\u00fcmk\u00fcn\u201d\u00a0<\/strong>dedi. Ba\u015fkan Kocao\u011flu, toplam 10 ciltten olu\u015fan ansiklopedinin \u201cMahalli \u0130dare Yer Adlar\u0131\u201d ve \u201cTarih\u201d ba\u015fl\u0131kl\u0131 ciltlerinin tamamland\u0131\u011f\u0131n\u0131n, di\u011fer 8 cildin ise 29 Ekim 2013 Cumhuriyet\u2019in 90.y\u0131l\u0131 kutlamalar\u0131 kapsam\u0131nda okuyucularla bulu\u015fturulaca\u011f\u0131n\u0131 m\u00fcjdeledi.<\/p>\n<p style=\"text-align: justify;\"><strong>Demokrasinin anahtar\u0131 \u0130zmir&#8217;de<\/strong><\/p>\n<p style=\"text-align: justify;\">Yerel y\u00f6netimlerin klasik g\u00f6revlerinin yan\u0131 s\u0131ra kentin her boyutta kalk\u0131nmas\u0131 i\u00e7in bir\u00e7ok \u00e7al\u0131\u015fma yapmas\u0131 ve kentin altyap\u0131 eksiklerini tamamlamak zorunda oldu\u011funu kaydeden Ba\u015fkan Kocao\u011flu, kalk\u0131nman\u0131n hi\u00e7bir zaman sadece gelir boyutlu olmad\u0131\u011f\u0131n\u0131 ifade etti. Kalk\u0131nman\u0131n s\u00fcrd\u00fcr\u00fclebilir, geli\u015ftirilebilir ve gelecek ku\u015faklara devredilebilir bir kalk\u0131nma olmas\u0131 gerekti\u011fine i\u015faret eden Ba\u015fkan,<strong>\u201c\u00c7ok k\u00fclt\u00fcrl\u00fc, her t\u00fcrl\u00fc \u00f6zg\u00fcrl\u00fc\u011f\u00fcn\u00fc ba\u015fkas\u0131na zarar vermeden as\u0131rlard\u0131r bar\u0131\u015f i\u00e7inde ya\u015fad\u0131\u011f\u0131 bu kentin, \u00fclkede de demokrasinin ve geli\u015fmesin anahtar\u0131 olaca\u011f\u0131na inan\u0131yoruz. Bu inan\u00e7la k\u00fclt\u00fcr ve sanat insanlar\u0131yla birlikte yolumuza devem ediyoruz\u201d<\/strong>\u00a0dedi.<\/p>\n<p style=\"text-align: justify;\"><strong>Her anlam\u0131yla ya\u015fan\u0131las\u0131 bir kent<br \/>\n<\/strong><\/p>\n<p style=\"text-align: justify;\">Dokuz Eyl\u00fcl \u00dcniversitesi Atat\u00fcrk \u0130nk\u0131laplar\u0131 Enstit\u00fcs\u00fc M\u00fcd\u00fcr\u00fc Prof. Dr. Kemal Ar\u0131, \u0130zmir\u2019de ya\u015fayan bir akademisyen olarak kentin tarihsel ve k\u00fclt\u00fcrel birikimini en geni\u015f kapsamda ortaya koyan b\u00f6yle bir \u00e7al\u0131\u015fma yap\u0131ld\u0131\u011f\u0131 i\u00e7in B\u00fcy\u00fck\u015fehir Belediyesi\u2019ne te\u015fekk\u00fcr etti. Ara\u015ft\u0131rmac\u0131 yazar \u0130lhan P\u0131nar ise \u0130zmir\u2019in her anlam\u0131yla ya\u015fanas\u0131 bir kent oldu\u011funu, bu b\u00fcy\u00fck projenin ger\u00e7ekle\u015fmesinde koydu\u011fu iradeden dolay\u0131 B\u00fcy\u00fck\u015fehir Belediye Ba\u015fkan\u0131 Aziz Kocao\u011flu\u2019na te\u015fekk\u00fcr etti.<\/p>\n<p style=\"text-align: justify;\"><strong>6 bin sayfal\u0131k dev eser<br \/>\n<\/strong><\/p>\n<p style=\"text-align: justify;\">\u0130zmir\u2019e ili\u015fkin bug\u00fcne adar yap\u0131lm\u0131\u015f en kapsaml\u0131 ara\u015ft\u0131rmalar\u0131n bir sonucu olan \u0130zmir Ansiklopedisi, 10 b\u00f6l\u00fcmden olu\u015fuyor. 200 ara\u015ft\u0131rmac\u0131 ve yazar\u0131n 2 y\u0131ld\u0131r \u00fczerinde \u00e7al\u0131\u015ft\u0131\u011f\u0131 dev eser toplam 6 bin sayfadan olu\u015fuyor.<\/p>\n<p style=\"text-align: justify;\">Kaynak: \u0130zmir B\u00fcy\u00fck\u015fehir Belediyesi-\u0130zmir Metro Yay\u0131nlar\u0131, Say\u0131:6<\/p>\n","protected":false},"excerpt":{"rendered":"<p>\u0130zmir B\u00fcy\u00fck\u015fehir Belediyesi Ahmet Piri\u015ftina Kent Ar\u015fivi ve M\u00fczesi taraf\u0131ndan haz\u0131rlanan \u2018\u0130zmir Ansiklopedisi\u2019 k\u00fclt\u00fcr ve sanat \u00e7evrelerinin yo\u011fun kat\u0131l\u0131m\u0131yla ger\u00e7ekle\u015fen bir etkinlikle tan\u0131t\u0131ld\u0131. K\u00fclt\u00fcrpark Pakistan Pavyonu\u2019 nda d\u00fczenlenen tan\u0131t\u0131ma, \u0130zmir B\u00fcy\u00fck\u015fehir Belediye Ba\u015fkan\u0131 da kat\u0131ld\u0131. \u0130zmir Kent Ansiklopedisi\u2019nin T\u00fcrkiye\u2019de bir ilk oldu\u011funa de\u011finen \u0130zmir B\u00fcy\u00fck\u015fehir Belediye Ba\u015fkan\u0131 Aziz Kocao\u011flu,<\/p>\n","protected":false},"author":1,"featured_media":0,"comment_status":"open","ping_status":"open","sticky":false,"template":"","format":"standard","meta":{"footnotes":""},"categories":[1],"tags":[476],"class_list":["post-10903","post","type-post","status-publish","format-standard","hentry","category-genel","tag-izmir-kent-ansiklopedisi"],"_links":{"self":[{"href":"https:\/\/www.bbyhaber.com\/bby\/wp-json\/wp\/v2\/posts\/10903"}],"collection":[{"href":"https:\/\/www.bbyhaber.com\/bby\/wp-json\/wp\/v2\/posts"}],"about":[{"href":"https:\/\/www.bbyhaber.com\/bby\/wp-json\/wp\/v2\/types\/post"}],"author":[{"embeddable":true,"href":"https:\/\/www.bbyhaber.com\/bby\/wp-json\/wp\/v2\/users\/1"}],"replies":[{"embeddable":true,"href":"https:\/\/www.bbyhaber.com\/bby\/wp-json\/wp\/v2\/comments?post=10903"}],"version-history":[{"count":0,"href":"https:\/\/www.bbyhaber.com\/bby\/wp-json\/wp\/v2\/posts\/10903\/revisions"}],"wp:attachment":[{"href":"https:\/\/www.bbyhaber.com\/bby\/wp-json\/wp\/v2\/media?parent=10903"}],"wp:term":[{"taxonomy":"category","embeddable":true,"href":"https:\/\/www.bbyhaber.com\/bby\/wp-json\/wp\/v2\/categories?post=10903"},{"taxonomy":"post_tag","embeddable":true,"href":"https:\/\/www.bbyhaber.com\/bby\/wp-json\/wp\/v2\/tags?post=10903"}],"curies":[{"name":"wp","href":"https:\/\/api.w.org\/{rel}","templated":true}]}}