{"id":10892,"date":"2013-05-04T19:22:32","date_gmt":"2013-05-04T16:22:32","guid":{"rendered":"http:\/\/www.bbyhaber.com\/bby\/?p=10892"},"modified":"2013-05-04T19:22:32","modified_gmt":"2013-05-04T16:22:32","slug":"suca-karisan-cocuklara-kitapli-islah-bursa","status":"publish","type":"post","link":"https:\/\/www.bbyhaber.com\/bby\/2013\/05\/04\/suca-karisan-cocuklara-kitapli-islah-bursa","title":{"rendered":"Su\u00e7a kar\u0131\u015fan \u00e7ocuklara kitapl\u0131 \u0131slah-Bursa"},"content":{"rendered":"<p style=\"text-align: justify;\">Bursa\u2019da su\u00e7a kar\u0131\u015fm\u0131\u015f \u00e7ocuklar kitap okuyarak topluma kazand\u0131r\u0131lacak.Bursa \u00c7ocuk \u015eube M\u00fcd\u00fcrl\u00fc\u011f\u00fc\u2019ne adli ve idari i\u015flem yap\u0131lmak \u00fczere getirilen \u00e7ocuklar\u0131n topluma kazand\u0131r\u0131lmalar\u0131 i\u00e7in k\u00fct\u00fcphane projesi hayata ge\u00e7irildi. K\u00fct\u00fcphaneye TUDEM Dershanesi \u00f6\u011frencileri ve velileri 500 kitap, 2 kitapl\u0131k ve 1 adet tablet bilgisayar ba\u011f\u0131\u015flad\u0131. K\u00fct\u00fcphaneden, adli ve idari i\u015flem yap\u0131lmak \u00fczere getirilen \u00e7ocuklar ve refakat\u00e7i yak\u0131nlar\u0131 ile \u00e7evresinde k\u00fct\u00fcphane olmay\u0131p kitap okuma imkan\u0131 bulamayan \u00e7ocuklar faydalanabilecek.<!--more--><\/p>\n<p style=\"text-align: justify;\">Y\u0131ld\u0131r\u0131m \u00c7ocuk \u015eube M\u00fcd\u00fcr Yard\u0131mc\u0131s\u0131 \u0130dris Seyman, \u201cBiz su\u00e7a s\u00fcr\u00fcklenen ve ma\u011fdur \u00e7ocuklar\u0131n topluma kazand\u0131r\u0131lmas\u0131 i\u00e7in \u00e7al\u0131\u015f\u0131yoruz. Arkada\u015flar\u0131m\u0131z arac\u0131l\u0131\u011f\u0131 ile okullarda e\u011fitim veriyoruz. K\u00fct\u00fcphanemizi bu \u00e7ocuklara e\u011fitim vermek i\u00e7in faaliyete ge\u00e7irdik\u201d dedi.\u00a0TUDEM Dershaneleri M\u00fcd\u00fcr\u00fc Tuncer Serol, \u201c\u00c7ocuk \u015eubesi asl\u0131nda e\u011fitime hizmet ediyor. E\u011fitimci olarak bizim kendilerine te\u015fekk\u00fcr etmemiz gerekiyor\u201d \u015feklinde konu\u015ftu.\u00a0\u00c7ocuk \u015eube M\u00fcd\u00fcrl\u00fc\u011f\u00fc\u2019ne kitap hediye eden \u00f6\u011frenciler, su\u00e7a kar\u0131\u015fm\u0131\u015f \u00e7ocuklara verebilecek en iyi hediyenin kitap oldu\u011funu s\u00f6yledi.<\/p>\n<p style=\"text-align: justify;\">Kaynak:http:\/\/www.internethaber.com<\/p>\n","protected":false},"excerpt":{"rendered":"<p>Bursa\u2019da su\u00e7a kar\u0131\u015fm\u0131\u015f \u00e7ocuklar kitap okuyarak topluma kazand\u0131r\u0131lacak.Bursa \u00c7ocuk \u015eube M\u00fcd\u00fcrl\u00fc\u011f\u00fc\u2019ne adli ve idari i\u015flem yap\u0131lmak \u00fczere getirilen \u00e7ocuklar\u0131n topluma kazand\u0131r\u0131lmalar\u0131 i\u00e7in k\u00fct\u00fcphane projesi hayata ge\u00e7irildi. K\u00fct\u00fcphaneye TUDEM Dershanesi \u00f6\u011frencileri ve velileri 500 kitap, 2 kitapl\u0131k ve 1 adet tablet bilgisayar ba\u011f\u0131\u015flad\u0131. K\u00fct\u00fcphaneden, adli ve idari i\u015flem yap\u0131lmak \u00fczere getirilen \u00e7ocuklar ve refakat\u00e7i yak\u0131nlar\u0131 ile [&hellip;]<\/p>\n","protected":false},"author":1,"featured_media":0,"comment_status":"open","ping_status":"open","sticky":false,"template":"","format":"standard","meta":{"footnotes":""},"categories":[1],"tags":[],"class_list":["post-10892","post","type-post","status-publish","format-standard","hentry","category-genel"],"_links":{"self":[{"href":"https:\/\/www.bbyhaber.com\/bby\/wp-json\/wp\/v2\/posts\/10892"}],"collection":[{"href":"https:\/\/www.bbyhaber.com\/bby\/wp-json\/wp\/v2\/posts"}],"about":[{"href":"https:\/\/www.bbyhaber.com\/bby\/wp-json\/wp\/v2\/types\/post"}],"author":[{"embeddable":true,"href":"https:\/\/www.bbyhaber.com\/bby\/wp-json\/wp\/v2\/users\/1"}],"replies":[{"embeddable":true,"href":"https:\/\/www.bbyhaber.com\/bby\/wp-json\/wp\/v2\/comments?post=10892"}],"version-history":[{"count":0,"href":"https:\/\/www.bbyhaber.com\/bby\/wp-json\/wp\/v2\/posts\/10892\/revisions"}],"wp:attachment":[{"href":"https:\/\/www.bbyhaber.com\/bby\/wp-json\/wp\/v2\/media?parent=10892"}],"wp:term":[{"taxonomy":"category","embeddable":true,"href":"https:\/\/www.bbyhaber.com\/bby\/wp-json\/wp\/v2\/categories?post=10892"},{"taxonomy":"post_tag","embeddable":true,"href":"https:\/\/www.bbyhaber.com\/bby\/wp-json\/wp\/v2\/tags?post=10892"}],"curies":[{"name":"wp","href":"https:\/\/api.w.org\/{rel}","templated":true}]}}