{"id":10889,"date":"2013-05-03T09:02:22","date_gmt":"2013-05-03T06:02:22","guid":{"rendered":"http:\/\/www.bbyhaber.com\/bby\/?p=10889"},"modified":"2017-09-23T19:10:48","modified_gmt":"2017-09-23T16:10:48","slug":"iyi-bir-kitap-insana-can-veren-kandir-zonguldak","status":"publish","type":"post","link":"https:\/\/www.bbyhaber.com\/bby\/2013\/05\/03\/iyi-bir-kitap-insana-can-veren-kandir-zonguldak","title":{"rendered":"\u0130yi Bir Kitap \u0130nsana Can Veren Kand\u0131r-Zonguldak"},"content":{"rendered":"<p style=\"text-align: justify;\">B\u00fclent Ecevit \u00dcniversitesi (BE\u00dc) Ere\u011fli E\u011fitim Fak\u00fcltesi s\u0131n\u0131f \u00f6\u011fretmenli\u011fi b\u00f6l\u00fcm\u00fc \u00f6\u011frencileri, &#8220;\u0130yi Bir Kitap \u0130nsana Can Veren Kand\u0131r&#8221; projesini kapsam\u0131nda Ere\u011fli Devlet Hastanesi Fizik Tedavi B\u00f6l\u00fcm\u00fc&#8217;nde k\u00fct\u00fcphane olu\u015fturdu. \u00d6\u011frencilerden Ay\u00e7a \u00d6zt\u00fcrk, gazetecilere yapt\u0131\u011f\u0131 a\u00e7\u0131klamada, proje kapsam\u0131nda dizayn\u0131n\u0131 ger\u00e7ekle\u015ftirdikleri k\u00fct\u00fcphanenin bug\u00fcn a\u00e7\u0131laca\u011f\u0131n\u0131 belirtti. \u00d6zt\u00fcrk, projeyi hayata ge\u00e7irmenin mutlulu\u011funu ya\u015fad\u0131klar\u0131n\u0131 belirterek, &#8220;Umut ediyoruz ki bu k\u00fct\u00fcphaneden \u00e7ok say\u0131da vatanda\u015f yararlanacakt\u0131r&#8221; dedi.<\/p>\n<p style=\"text-align: justify;\">Kaynak:http:\/\/yurthaber.mynet.com<\/p>\n","protected":false},"excerpt":{"rendered":"<p>B\u00fclent Ecevit \u00dcniversitesi (BE\u00dc) Ere\u011fli E\u011fitim Fak\u00fcltesi s\u0131n\u0131f \u00f6\u011fretmenli\u011fi b\u00f6l\u00fcm\u00fc \u00f6\u011frencileri, &#8220;\u0130yi Bir Kitap \u0130nsana Can Veren Kand\u0131r&#8221; projesini kapsam\u0131nda Ere\u011fli Devlet Hastanesi Fizik Tedavi B\u00f6l\u00fcm\u00fc&#8217;nde k\u00fct\u00fcphane olu\u015fturdu. \u00d6\u011frencilerden Ay\u00e7a \u00d6zt\u00fcrk, gazetecilere yapt\u0131\u011f\u0131 a\u00e7\u0131klamada, proje kapsam\u0131nda dizayn\u0131n\u0131 ger\u00e7ekle\u015ftirdikleri k\u00fct\u00fcphanenin bug\u00fcn a\u00e7\u0131laca\u011f\u0131n\u0131 belirtti. \u00d6zt\u00fcrk, projeyi hayata ge\u00e7irmenin mutlulu\u011funu ya\u015fad\u0131klar\u0131n\u0131 belirterek, &#8220;Umut ediyoruz ki bu k\u00fct\u00fcphaneden \u00e7ok [&hellip;]<\/p>\n","protected":false},"author":1,"featured_media":0,"comment_status":"open","ping_status":"open","sticky":false,"template":"","format":"standard","meta":{"footnotes":""},"categories":[1],"tags":[358],"class_list":["post-10889","post","type-post","status-publish","format-standard","hentry","category-genel","tag-hastane-kutuphaneleri"],"_links":{"self":[{"href":"https:\/\/www.bbyhaber.com\/bby\/wp-json\/wp\/v2\/posts\/10889"}],"collection":[{"href":"https:\/\/www.bbyhaber.com\/bby\/wp-json\/wp\/v2\/posts"}],"about":[{"href":"https:\/\/www.bbyhaber.com\/bby\/wp-json\/wp\/v2\/types\/post"}],"author":[{"embeddable":true,"href":"https:\/\/www.bbyhaber.com\/bby\/wp-json\/wp\/v2\/users\/1"}],"replies":[{"embeddable":true,"href":"https:\/\/www.bbyhaber.com\/bby\/wp-json\/wp\/v2\/comments?post=10889"}],"version-history":[{"count":1,"href":"https:\/\/www.bbyhaber.com\/bby\/wp-json\/wp\/v2\/posts\/10889\/revisions"}],"predecessor-version":[{"id":22685,"href":"https:\/\/www.bbyhaber.com\/bby\/wp-json\/wp\/v2\/posts\/10889\/revisions\/22685"}],"wp:attachment":[{"href":"https:\/\/www.bbyhaber.com\/bby\/wp-json\/wp\/v2\/media?parent=10889"}],"wp:term":[{"taxonomy":"category","embeddable":true,"href":"https:\/\/www.bbyhaber.com\/bby\/wp-json\/wp\/v2\/categories?post=10889"},{"taxonomy":"post_tag","embeddable":true,"href":"https:\/\/www.bbyhaber.com\/bby\/wp-json\/wp\/v2\/tags?post=10889"}],"curies":[{"name":"wp","href":"https:\/\/api.w.org\/{rel}","templated":true}]}}