{"id":10876,"date":"2013-05-02T11:38:13","date_gmt":"2013-05-02T08:38:13","guid":{"rendered":"http:\/\/www.bbyhaber.com\/bby\/?p=10876"},"modified":"2018-08-13T16:15:10","modified_gmt":"2018-08-13T13:15:10","slug":"marmara-universitesi-bilgi-yonetimi-kulubu-4-kariyer-gunleri-06-07-08-mayis-2013","status":"publish","type":"post","link":"https:\/\/www.bbyhaber.com\/bby\/2013\/05\/02\/marmara-universitesi-bilgi-yonetimi-kulubu-4-kariyer-gunleri-06-07-08-mayis-2013","title":{"rendered":"Marmara \u00dcniversitesi Bilgi Y\u00f6netimi Kul\u00fcb\u00fc 4.Kariyer G\u00fcnleri-06-07-08 May\u0131s 2013"},"content":{"rendered":"<p style=\"text-align: justify;\"><img loading=\"lazy\" decoding=\"async\" class=\"alignleft\" src=\"http:\/\/www.bbyhaber.com\/bby\/wp-content\/uploads\/bby-forum-logolar\/marmara-imc.jpg\" alt=\"\" width=\"124\" height=\"93\" \/>Marmara \u00dcniversitesi &#8221;Information Management Club&#8221; \u0131n <strong><span style=\"color: #0000ff;\">6-7-8 May\u0131s tarihlerinde<\/span>\u00a0<span style=\"color: #ff0000;\">Marmara \u00dcniversitesi G\u00f6ztepe Kamp\u00fcs\u00fc Teknoloji Fak\u00fcltesi Konferans Salonu<\/span><\/strong>&#8216;nda 4. kez d\u00fczenleyece\u011fi &#8221;Kariyer G\u00fcnleri 2013&#8221; adl\u0131 &#8216;\u00dcCRETS\u0130Z&#8221; ve &#8221;SERT\u0130F\u0130KALI&#8221; organizasyonuna KAR\u0130YER\u0130NE Y\u00d6N VERMEK \u0130STEYEN herkes davetlidir&#8230; (NOT: 14 oturumu tamamlayanlara &#8221;SERT\u0130F\u0130KA&#8221; verilecektir&#8230;)<!--more--><\/p>\n<p>KAR\u0130YER G\u00dcNLER\u0130N\u0130N HEDEFLER\u0130<\/p>\n<p>-Kurumlara kendilerini ve sekt\u00f6rlerini tan\u0131tma olana\u011f\u0131 sunmak<br \/>\n&#8211; Gelecekte kurulu\u015flar\u0131n \u00e7e\u015fitli birimlerine kat\u0131lacak mezun adaylar\u0131m\u0131z\u0131n hedeflerini belirlemede katk\u0131da bulunmak,<br \/>\n&#8211; \u00f6\u011frencilerimize staj imkanlar\u0131 sunmak,<br \/>\n&#8211; \u00d6\u011frencilerin firmalarla daha yak\u0131n ileti\u015fimde olmas\u0131n\u0131 sa\u011flamak<br \/>\n&#8211; Mezun ve mezun olacak \u00f6\u011frencilerimize i\u015f g\u00f6r\u00fc\u015fmesi olanaklar\u0131 sa\u011flamak,<br \/>\n&#8211; \u00d6\u011frencilerimizin mesleki bilgi ve becerilerini artt\u0131r\u0131c\u0131 oturumlar\u0131n olmas\u0131yla beraber meslekte daha \u00fcst d\u00fczeyde bilgi ve tecr\u00fcbeye sahip olmalar\u0131n\u0131 sa\u011flamak,<br \/>\n&#8211; Mezuniyet sonras\u0131 i\u015f olanaklar\u0131 ve \u00e7al\u0131\u015fma politikalar\u0131 hakk\u0131nda \u00f6\u011frencilerin bilgi edinmelerini sa\u011flamak<\/p>\n<p><strong><a href=\"http:\/\/www.informationmanagementclub.org\/\" target=\"_blank\"><span style=\"color: #0000ff;\">Kay\u0131t i\u00e7in t\u0131klay\u0131n\u0131z<\/span><\/a><\/strong><\/p>\n<p><strong><span style=\"color: #0000ff;\"><a href=\"https:\/\/www.facebook.com\/events\/374884992628440\/\" target=\"_blank\"><span style=\"color: #0000ff;\">Facebook kat\u0131l\u0131m sayfas\u0131 i\u00e7in t\u0131klay\u0131n\u0131z<\/span><\/a><\/span><\/strong><\/p>\n<p>&nbsp;<\/p>\n","protected":false},"excerpt":{"rendered":"<p>Marmara \u00dcniversitesi &#8221;Information Management Club&#8221; \u0131n 6-7-8 May\u0131s tarihlerinde\u00a0Marmara \u00dcniversitesi G\u00f6ztepe Kamp\u00fcs\u00fc Teknoloji Fak\u00fcltesi Konferans Salonu&#8216;nda 4. kez d\u00fczenleyece\u011fi &#8221;Kariyer G\u00fcnleri 2013&#8221; adl\u0131 &#8216;\u00dcCRETS\u0130Z&#8221; ve &#8221;SERT\u0130F\u0130KALI&#8221; organizasyonuna KAR\u0130YER\u0130NE Y\u00d6N VERMEK \u0130STEYEN herkes davetlidir&#8230; (NOT: 14 oturumu tamamlayanlara &#8221;SERT\u0130F\u0130KA&#8221; verilecektir&#8230;)<\/p>\n","protected":false},"author":1,"featured_media":0,"comment_status":"open","ping_status":"open","sticky":false,"template":"","format":"standard","meta":{"footnotes":""},"categories":[1588],"tags":[1413,1395,1462],"class_list":["post-10876","post","type-post","status-publish","format-standard","hentry","category-marmara-universitesi-bby-bolumu-bilgi-yonetimi-kulubu","tag-bby-bilgi-toplulugu-gruplari","tag-bby-mesleki-etkinlikler-arsivi","tag-marmara-bby"],"_links":{"self":[{"href":"https:\/\/www.bbyhaber.com\/bby\/wp-json\/wp\/v2\/posts\/10876"}],"collection":[{"href":"https:\/\/www.bbyhaber.com\/bby\/wp-json\/wp\/v2\/posts"}],"about":[{"href":"https:\/\/www.bbyhaber.com\/bby\/wp-json\/wp\/v2\/types\/post"}],"author":[{"embeddable":true,"href":"https:\/\/www.bbyhaber.com\/bby\/wp-json\/wp\/v2\/users\/1"}],"replies":[{"embeddable":true,"href":"https:\/\/www.bbyhaber.com\/bby\/wp-json\/wp\/v2\/comments?post=10876"}],"version-history":[{"count":1,"href":"https:\/\/www.bbyhaber.com\/bby\/wp-json\/wp\/v2\/posts\/10876\/revisions"}],"predecessor-version":[{"id":24925,"href":"https:\/\/www.bbyhaber.com\/bby\/wp-json\/wp\/v2\/posts\/10876\/revisions\/24925"}],"wp:attachment":[{"href":"https:\/\/www.bbyhaber.com\/bby\/wp-json\/wp\/v2\/media?parent=10876"}],"wp:term":[{"taxonomy":"category","embeddable":true,"href":"https:\/\/www.bbyhaber.com\/bby\/wp-json\/wp\/v2\/categories?post=10876"},{"taxonomy":"post_tag","embeddable":true,"href":"https:\/\/www.bbyhaber.com\/bby\/wp-json\/wp\/v2\/tags?post=10876"}],"curies":[{"name":"wp","href":"https:\/\/api.w.org\/{rel}","templated":true}]}}