{"id":10855,"date":"2013-04-30T14:29:17","date_gmt":"2013-04-30T11:29:17","guid":{"rendered":"http:\/\/www.bbyhaber.com\/bby\/?p=10855"},"modified":"2013-04-30T14:31:33","modified_gmt":"2013-04-30T11:31:33","slug":"gorme-engelliler-kitaplari-sesli-okuyor","status":"publish","type":"post","link":"https:\/\/www.bbyhaber.com\/bby\/2013\/04\/30\/gorme-engelliler-kitaplari-sesli-okuyor","title":{"rendered":"G\u00f6rme engelliler kitaplar\u0131 &#8220;sesli&#8221; okuyor"},"content":{"rendered":"<p style=\"text-align: justify;\"><img loading=\"lazy\" decoding=\"async\" class=\"alignleft\" src=\"http:\/\/image.haber7.com\/haber\/haber7\/photos\/yeni_cihazlar_gorme_engellilerin_hizmetinde13656691380_h1012879.jpg\" alt=\"\" width=\"294\" height=\"150\" \/>Bo\u011fazi\u00e7i \u00dcniversitesi (B\u00dc) b\u00fcnyesindeki G\u00f6rme Engelliler Teknoloji Laboratuvar\u0131 (GETEM), &#8220;e-k\u00fct\u00fcphane&#8221; projesiyle g\u00f6rme engellilerin, g\u00f6n\u00fcll\u00fclerin seslendirdi\u011fi kitaplar\u0131 internet ya da telefon yoluyla okumas\u0131na imkan sa\u011fl\u0131yor. GETEM Sistem \u00c7\u00f6z\u00fcmleyicisi Ak\u0131n \u00d6zkan, AA muhabirine yapt\u0131\u011f\u0131 a\u00e7\u0131klamada, projenin, <!--more-->T\u00fcrkiye&#8217;de say\u0131lar\u0131 yakla\u015f\u0131k 400 bin civar\u0131nda olan g\u00f6rme engellilerin yan\u0131 s\u0131ra engelleri nedeniyle bas\u0131l\u0131 kaynaklardan s\u0131n\u0131rs\u0131zca faydalanamayan bireyleri de kapsad\u0131\u011f\u0131n\u0131 s\u00f6yledi.<\/p>\n<p style=\"text-align: justify;\">G\u00f6rme engellilerin yeni \u00e7\u0131kan kitaplara eri\u015febilmelerinin \u00f6nemine i\u015faret eden \u00d6zkan, yeni kitaplar\u0131 herkesle ayn\u0131 anda okuman\u0131n g\u00f6rme engelli bireylerin de hakk\u0131 oldu\u011funu vurgulad\u0131.<\/p>\n<p style=\"text-align: justify;\">\u00d6zkan, k\u00fct\u00fcphanedeki kitaplar\u0131n a\u011f\u0131rl\u0131kl\u0131 olarak T\u00fcrk\u00e7e ve \u0130ngilizce yay\u0131nlardan olu\u015ftu\u011funu anlatarak, &#8220;K\u00fct\u00fcphanede hikaye, roman, \u015fiir t\u00fcr\u00fcndeki kitaplar\u0131n yan\u0131 s\u0131ra \u00fcniversitelerde okutulan ders malzemesi, baz\u0131 derslerin ve konferanslar\u0131n kay\u0131tlar\u0131 ile bilimsel makale ve kitaplar bulunuyor&#8221; dedi.<\/p>\n<p style=\"text-align: justify;\">Bir\u00e7ok yay\u0131n eviyle yapt\u0131klar\u0131 anla\u015fmalarla g\u00f6rme engellilerin faydalanabilece\u011fi sesli kitaplar\u0131n k\u00fct\u00fcphaneye dahil edildi\u011fini dile getiren \u00d6zkan, Telif Haklar\u0131 Yasas\u0131&#8217;n\u0131n ek 11. maddesine g\u00f6re, b\u00fct\u00fcn eserlerin g\u00f6n\u00fcll\u00fc okuyucular sayesinde s\u0131k\u0131nt\u0131s\u0131z seslendirilebildi\u011fini ifade etti.<\/p>\n<p style=\"text-align: justify;\">\u00d6zkan, g\u00f6rme engellilerin, g\u00f6n\u00fcll\u00fclerin seslendirdi\u011fi kitaplar\u0131 internet ya da telefon yoluyla okuyabildi\u011fini belirterek, bunun i\u00e7in <a href=\"http:\/\/www.getem.boun.edu.tr\/\" target=\"_blank\">GETEM<\/a>&#8216;in internet sitesindeki formun doldurulmas\u0131 gerekti\u011fini kaydetti.<\/p>\n<p style=\"text-align: justify;\">Projede \u00f6nemli bir yere sahip olan g\u00f6n\u00fcll\u00fc okuyucu say\u0131s\u0131nda art\u0131\u015f ya\u015fand\u0131\u011f\u0131n\u0131 aktaran \u00d6zkan, k\u00fct\u00fcphanedeki eserleri Milli K\u00fct\u00fcphane Konu\u015fan Kitapl\u0131k, \u0130stanbul B\u00fcy\u00fck\u015fehir Belediyesi sesli K\u00fct\u00fcphane, Alt\u0131nokta K\u00f6rler Derne\u011fi K\u00fct\u00fcphanesi, T\u00fcrkiye G\u00f6rme \u00d6z\u00fcrl\u00fcler Kitapl\u0131\u011f\u0131 gibi bir\u00e7ok kurulu\u015fla kar\u015f\u0131l\u0131kl\u0131 payla\u015ft\u0131klar\u0131n\u0131 s\u00f6yledi.<\/p>\n<p style=\"text-align: justify;\">\u00d6zkan, herkesin kullan\u0131m\u0131na a\u00e7\u0131k olan k\u00fct\u00fcphanenin yo\u011fun ilgi g\u00f6rd\u00fc\u011f\u00fcn\u00fc belirtti.<\/p>\n<p style=\"text-align: justify;\">Ak\u0131n \u00d6zkan, g\u00f6rme engellilerin, kimseye muhta\u00e7 olmadan kar\u015f\u0131dan kar\u015f\u0131ya ge\u00e7mek, ATM&#8217;lerden para \u00e7ekmek ve otob\u00fcse binebilmek i\u00e7in de sesli uyar\u0131 sistemleri konusundaki zorluklar\u0131n a\u015f\u0131lmas\u0131n\u0131 istediklerini s\u00f6zlerine ekledi.<\/p>\n<p style=\"text-align: justify;\">Kaynak:http:\/\/www.haber7.com\/<\/p>\n","protected":false},"excerpt":{"rendered":"<p>Bo\u011fazi\u00e7i \u00dcniversitesi (B\u00dc) b\u00fcnyesindeki G\u00f6rme Engelliler Teknoloji Laboratuvar\u0131 (GETEM), &#8220;e-k\u00fct\u00fcphane&#8221; projesiyle g\u00f6rme engellilerin, g\u00f6n\u00fcll\u00fclerin seslendirdi\u011fi kitaplar\u0131 internet ya da telefon yoluyla okumas\u0131na imkan sa\u011fl\u0131yor. GETEM Sistem \u00c7\u00f6z\u00fcmleyicisi Ak\u0131n \u00d6zkan, AA muhabirine yapt\u0131\u011f\u0131 a\u00e7\u0131klamada, projenin,<\/p>\n","protected":false},"author":1,"featured_media":0,"comment_status":"open","ping_status":"open","sticky":false,"template":"","format":"standard","meta":{"footnotes":""},"categories":[1,1487,1503],"tags":[465],"class_list":["post-10855","post","type-post","status-publish","format-standard","hentry","category-genel","category-gorme-engelli-kutuphane","category-sesli-kutuphane","tag-gorme-engelli-e-kitap"],"_links":{"self":[{"href":"https:\/\/www.bbyhaber.com\/bby\/wp-json\/wp\/v2\/posts\/10855"}],"collection":[{"href":"https:\/\/www.bbyhaber.com\/bby\/wp-json\/wp\/v2\/posts"}],"about":[{"href":"https:\/\/www.bbyhaber.com\/bby\/wp-json\/wp\/v2\/types\/post"}],"author":[{"embeddable":true,"href":"https:\/\/www.bbyhaber.com\/bby\/wp-json\/wp\/v2\/users\/1"}],"replies":[{"embeddable":true,"href":"https:\/\/www.bbyhaber.com\/bby\/wp-json\/wp\/v2\/comments?post=10855"}],"version-history":[{"count":0,"href":"https:\/\/www.bbyhaber.com\/bby\/wp-json\/wp\/v2\/posts\/10855\/revisions"}],"wp:attachment":[{"href":"https:\/\/www.bbyhaber.com\/bby\/wp-json\/wp\/v2\/media?parent=10855"}],"wp:term":[{"taxonomy":"category","embeddable":true,"href":"https:\/\/www.bbyhaber.com\/bby\/wp-json\/wp\/v2\/categories?post=10855"},{"taxonomy":"post_tag","embeddable":true,"href":"https:\/\/www.bbyhaber.com\/bby\/wp-json\/wp\/v2\/tags?post=10855"}],"curies":[{"name":"wp","href":"https:\/\/api.w.org\/{rel}","templated":true}]}}