{"id":10851,"date":"2013-04-30T14:23:09","date_gmt":"2013-04-30T11:23:09","guid":{"rendered":"http:\/\/www.bbyhaber.com\/bby\/?p=10851"},"modified":"2015-04-29T10:16:43","modified_gmt":"2015-04-29T07:16:43","slug":"milli-kutuphane-koleksiyonlari-abde-europeana-newspapers-projesi","status":"publish","type":"post","link":"https:\/\/www.bbyhaber.com\/bby\/2013\/04\/30\/milli-kutuphane-koleksiyonlari-abde-europeana-newspapers-projesi","title":{"rendered":"Milli K\u00fct\u00fcphane Koleksiyonlar\u0131 AB&#8217;de-Europeana Newspapers Projesi"},"content":{"rendered":"<p style=\"text-align: justify;\"><img loading=\"lazy\" decoding=\"async\" class=\"alignleft\" src=\"http:\/\/www.bbyhaber.com\/bby\/wp-content\/uploads\/2015\/04\/Europeana.jpg\" alt=\"\" width=\"156\" height=\"72\" \/>K\u00fclt\u00fcr ve Turizm Bakanl\u0131\u011f\u0131, 400 bin koleksiyonu Avrupa Dijital K\u00fct\u00fcphanesi ile payla\u015f\u0131yor. K\u00fclt\u00fcr ve Turizm Bakanl\u0131\u011f\u0131, Milli K\u00fct\u00fcphane Ba\u015fkanl\u0131\u011f\u0131 koleksiyonunda yer alan 400 bin sayfa gazete i\u00e7eri\u011fini\u00a0 &#8220;Europeana Newspapers Projesi&#8221; kapsam\u0131nda Avrupa Dijital K\u00fct\u00fcphanesi ile payla\u015facak. Ba\u015fkanl\u0131k bu kapsamda 3 May\u0131s 2013 Cuma g\u00fcn\u00fc saat 09.30&#8217;da ba\u015flayacak &#8220;Europeana Newspapers Projesi Bilgilendirme G\u00fcn\u00fc Toplant\u0131s\u0131&#8221;na <!--more-->ev sahipli\u011fi yapacak. Yunus Emre Toplant\u0131 Salonu&#8217;nda uluslararas\u0131 d\u00fczeyde ger\u00e7ekle\u015ftirilecek etkinlikte partnerler projeyi tan\u0131tacak ve ard\u0131ndan d\u00fczenlenecek panelde yer alan panelistler de &#8220;T\u00fcrkiye&#8217;nin AB proje deneyimleri ve dijitalle\u015ftirme&#8221; konusunu de\u011ferlendirecek.<\/p>\n<p style=\"text-align: justify;\"><strong>Proje Partnerleri<\/strong><\/p>\n<p style=\"text-align: justify;\">Europeana Newspapers Projesi&#8217;nin partnerleri aras\u0131nda Ulrike K\u00f6lsch&amp;Hans-Jorg Lieder (Proje Koordinat\u00f6r\u00fc-Berlin Devlet K\u00fct\u00fcphanesi), Susan Reilly (Association of European Research Libaries-LIBER), Clemens Neudecker (Hollanda Milli K\u00fct\u00fcphanesi), G\u00fcnter M\u00fchlberger (Innsbruck \u00dcniversite K\u00fct\u00fcphanesi) yer al\u0131yor.<\/p>\n<p style=\"text-align: justify;\"><strong>Say\u0131salla\u015ft\u0131rma&amp;OCR Paneli<\/strong><\/p>\n<p style=\"text-align: justify;\">Milli K\u00fct\u00fcphane&#8217;de d\u00fczenlenecek toplant\u0131 \u00e7er\u00e7evesinde ger\u00e7ekle\u015ftirilecek &#8220;T\u00fcrkiye&#8217;nin AB proje deneyimleri ve dijitalle\u015ftirme -Say\u0131salla\u015ft\u0131rma&amp;OCR-&#8221; panelinin moderat\u00f6rl\u00fc\u011f\u00fcn\u00fc Prof. Dr. Nazan \u00d6zen\u00e7 U\u00e7ak- (Hacettepe \u00dcniversitesi) yapacak.<\/p>\n<p style=\"text-align: justify;\">Panelin kat\u0131l\u0131mc\u0131lar\u0131 aras\u0131nda Prof. Dr. B\u00fclent Y\u0131lmaz (Hacettepe \u00dcniversitesi), Prof. Dr. Ya\u015far Tonta (Hacettepe \u00dcniversitesi), \u00d6zhan Y\u0131lmaz-Uzman (Kalk\u0131nma Bakanl\u0131\u011f\u0131), Hakan Koray \u00d6zl\u00fck (K\u00fct\u00fcphaneler ve Yay\u0131nlar Genel M\u00fcd\u00fcrl\u00fc\u011f\u00fc), Hasan Bahad\u0131r Ayd\u0131nonat (K\u00fct\u00fcphaneler ve Yay\u0131nlar Genel M\u00fcd\u00fcrl\u00fc\u011f\u00fc) yer al\u0131yor.<\/p>\n<p style=\"text-align: justify;\"><strong>Projeyi 12 \u00dclke Destekliyor<\/strong><\/p>\n<p style=\"text-align: justify;\">Berlin Devlet K\u00fct\u00fcphanesi&#8217;nin y\u00fcr\u00fctt\u00fc\u011f\u00fc ve 2012-2014 y\u0131llar\u0131 aras\u0131nda devam edecek olan projeye Almanya, Fransa, Hollanda, Estonya, Avusturya, Finlandiya, Polonya, \u0130ngiltere, T\u00fcrkiye, S\u0131rbistan, \u0130talya ve Litvanya olmak \u00fczere toplam 12 Avrupa \u00fclkesi payda\u015f olarak kat\u0131l\u0131yor.<\/p>\n<p style=\"text-align: justify;\"><strong>400 Bin \u0130\u00e7erik Payla\u015f\u0131lacak<\/strong><\/p>\n<p style=\"text-align: justify;\">Milli K\u00fct\u00fcphane Ba\u015fkanl\u0131\u011f\u0131 bu kapsamda koleksiyonundaki 200 bin sayfa Osmanl\u0131ca (1928 y\u0131l\u0131na kadar EHT-Eski Harfli T\u00fcrk\u00e7e) gazetenin k\u00fcnye bilgisi ve pul (thumbnail) g\u00f6r\u00fcnt\u00fcs\u00fc ile 200 bin sayfa Latin harfli T\u00fcrk\u00e7e (1929 y\u0131l\u0131ndan 1967 y\u0131l\u0131na kadar) gazetenin k\u00fcnye bilgisini, pul (thumbnail) g\u00f6r\u00fcnt\u00fcs\u00fcn\u00fc ve OCR i\u015flemi uygulanan metnini &#8216;Avrupa Dijital K\u00fct\u00fcphanesi&#8217; ile payla\u015facak.<\/p>\n<p style=\"text-align: justify;\"><strong>Projenin \u00d6nceli\u011fi AB Stratejileri \u00a0<\/strong><\/p>\n<p style=\"text-align: justify;\">Avrupa Birli\u011fi Rekabet Edebilirlik ve Yenilik \u00c7er\u00e7eve Program\u0131 (CIP) alt\u0131ndaki \u00fc\u00e7 alt programdan biri olan &#8220;Avrupa Gazeteleri Projesi&#8221; Bilgi ve \u0130leti\u015fim Teknolojileri Politika Destek Program\u0131nda (ICT PSP), Avrupa Birli\u011fi&#8217;nin 2020 y\u0131l\u0131na kadar uygulayaca\u011f\u0131 Avrupa i\u00e7in Say\u0131sal G\u00fcndem (Digital Agenda for Europe) stratejisinde belirlenen politika alanlar\u0131 ve \u00f6nceliklerini dikkate alarak haz\u0131rland\u0131.<\/p>\n<p style=\"text-align: justify;\"><strong>T\u00fcrkiye Projeyi Say\u0131sal Gazete \u0130\u00e7erikleriyle Destekliyor<\/strong><\/p>\n<p style=\"text-align: justify;\">K\u00fclt\u00fcr ve Turizm Bakanl\u0131\u011f\u0131 ve Kalk\u0131nma Bakanl\u0131\u011f\u0131&#8217;n\u0131n i\u015fbirli\u011finde ger\u00e7ekle\u015ftirilen 2011 y\u0131l\u0131 \u00e7a\u011fr\u0131s\u0131 \u00e7er\u00e7evesindeki incelemeler sonucu Milli K\u00fct\u00fcphane Ba\u015fkanl\u0131\u011f\u0131 &#8220;Europeana Newspapers&#8221; projesine say\u0131sal gazete i\u00e7erikleri ile dahil oldu.<\/p>\n<p style=\"text-align: justify;\"><strong>Bilgi ve \u0130leti\u015fim Teknolojilerinin Kullan\u0131m\u0131 Art\u0131r\u0131lacak<\/strong><\/p>\n<p style=\"text-align: justify;\">&#8220;Avrupa Gazeteleri Projesi&#8221; rekabet\u00e7i ve yenilik\u00e7i bir bilgi toplumunun geli\u015fiminin h\u0131zland\u0131r\u0131lmas\u0131, tek Avrupa bilgi alan\u0131n\u0131n geli\u015ftirilmesi, bilgi ve ileti\u015fim teknolojilerinin (B\u0130T) topluma yayg\u0131nla\u015ft\u0131r\u0131lmas\u0131 ve etkin kullan\u0131m\u0131n\u0131n sa\u011flanmas\u0131n\u0131 ama\u00e7l\u0131yor. Elektronik hizmetlere eri\u015fimin sa\u011flanmas\u0131, kamu-\u00f6zel sekt\u00f6r i\u015fbirli\u011finin desteklenmesi, B\u0130T kullan\u0131lan hizmetlerde kalite ve etkinli\u011fin art\u0131r\u0131lmas\u0131 amac\u0131yla birlikte \u00e7al\u0131\u015fabilirlik ve B\u0130T tabanl\u0131 yenilik\u00e7i hizmetlerin uygulamas\u0131n\u0131 esas alan projeyle B\u0130T&#8217;in kullan\u0131m\u0131yla bilgi toplumu politikalar\u0131n\u0131n uygulanmas\u0131na destek olacak projelerin geli\u015ftirilmesi de \u00f6ng\u00f6r\u00fcl\u00fcyor.<\/p>\n<p style=\"text-align: justify;\">Kaynak:www.yeniadana.net<\/p>\n","protected":false},"excerpt":{"rendered":"<p>K\u00fclt\u00fcr ve Turizm Bakanl\u0131\u011f\u0131, 400 bin koleksiyonu Avrupa Dijital K\u00fct\u00fcphanesi ile payla\u015f\u0131yor. K\u00fclt\u00fcr ve Turizm Bakanl\u0131\u011f\u0131, Milli K\u00fct\u00fcphane Ba\u015fkanl\u0131\u011f\u0131 koleksiyonunda yer alan 400 bin sayfa gazete i\u00e7eri\u011fini\u00a0 &#8220;Europeana Newspapers Projesi&#8221; kapsam\u0131nda Avrupa Dijital K\u00fct\u00fcphanesi ile payla\u015facak. Ba\u015fkanl\u0131k bu kapsamda 3 May\u0131s 2013 Cuma g\u00fcn\u00fc saat 09.30&#8217;da ba\u015flayacak &#8220;Europeana Newspapers Projesi Bilgilendirme G\u00fcn\u00fc Toplant\u0131s\u0131&#8221;na<\/p>\n","protected":false},"author":1,"featured_media":0,"comment_status":"open","ping_status":"open","sticky":false,"template":"","format":"standard","meta":{"footnotes":""},"categories":[727],"tags":[151,61],"class_list":["post-10851","post","type-post","status-publish","format-standard","hentry","category-kulturel-miras-2","tag-europeana-library","tag-kulturel-miras"],"_links":{"self":[{"href":"https:\/\/www.bbyhaber.com\/bby\/wp-json\/wp\/v2\/posts\/10851"}],"collection":[{"href":"https:\/\/www.bbyhaber.com\/bby\/wp-json\/wp\/v2\/posts"}],"about":[{"href":"https:\/\/www.bbyhaber.com\/bby\/wp-json\/wp\/v2\/types\/post"}],"author":[{"embeddable":true,"href":"https:\/\/www.bbyhaber.com\/bby\/wp-json\/wp\/v2\/users\/1"}],"replies":[{"embeddable":true,"href":"https:\/\/www.bbyhaber.com\/bby\/wp-json\/wp\/v2\/comments?post=10851"}],"version-history":[{"count":0,"href":"https:\/\/www.bbyhaber.com\/bby\/wp-json\/wp\/v2\/posts\/10851\/revisions"}],"wp:attachment":[{"href":"https:\/\/www.bbyhaber.com\/bby\/wp-json\/wp\/v2\/media?parent=10851"}],"wp:term":[{"taxonomy":"category","embeddable":true,"href":"https:\/\/www.bbyhaber.com\/bby\/wp-json\/wp\/v2\/categories?post=10851"},{"taxonomy":"post_tag","embeddable":true,"href":"https:\/\/www.bbyhaber.com\/bby\/wp-json\/wp\/v2\/tags?post=10851"}],"curies":[{"name":"wp","href":"https:\/\/api.w.org\/{rel}","templated":true}]}}