{"id":10848,"date":"2013-04-30T13:49:13","date_gmt":"2013-04-30T10:49:13","guid":{"rendered":"http:\/\/www.bbyhaber.com\/bby\/?p=10848"},"modified":"2013-04-30T14:07:55","modified_gmt":"2013-04-30T11:07:55","slug":"vanda-300-yillik-tarihi-kitap-bulundu","status":"publish","type":"post","link":"https:\/\/www.bbyhaber.com\/bby\/2013\/04\/30\/vanda-300-yillik-tarihi-kitap-bulundu","title":{"rendered":"Van&#8217;da 300 y\u0131ll\u0131k tarihi kitap bulundu"},"content":{"rendered":"<p style=\"text-align: justify;\"><a href=\"http:\/\/www.renklihaber.net\/files\/news\/thumb\/vanda-300-yillik-tarihi-kitap-bulundu0dd736bd5f053b522257.jpg\"><img loading=\"lazy\" decoding=\"async\" class=\"alignleft\" src=\"http:\/\/www.renklihaber.net\/files\/news\/thumb\/vanda-300-yillik-tarihi-kitap-bulundu0dd736bd5f053b522257.jpg\" alt=\"\" width=\"228\" height=\"152\" \/><\/a>Van Emniyet M\u00fcd\u00fcrl\u00fc\u011f\u00fc ekipleri taraf\u0131ndan yap\u0131lan operasyonda 300 y\u0131ll\u0131k el yaz\u0131m\u0131 S\u00fcryanice yaz\u0131lm\u0131\u015f kitap ele ge\u00e7irildi. Ka\u00e7ak\u00e7\u0131l\u0131k ve Organize Su\u00e7larla M\u00fccadele (KOM) \u015eube M\u00fcd\u00fcrl\u00fc\u011f\u00fc ekipleri, yapt\u0131klar\u0131 istihbarat \u00e7al\u0131\u015fmalar neticesinde tarihi eser ka\u00e7ak\u00e7\u0131l\u0131\u011f\u0131n\u0131 yap\u0131laca\u011f\u0131 bilgisine ula\u015ft\u0131. Bu bilgiler do\u011frultusunda harekete ge\u00e7en ekipler, Van&#8217;da bir eve d\u00fczenledikleri operasyonda 300 y\u0131ll\u0131k ke\u00e7i derisi ile kapl\u0131 filigraml\u0131 Aherli ya\u011fl\u0131 ka\u011f\u0131da el yaz\u0131s\u0131 ile yaz\u0131lm\u0131\u015f S\u00fcryanice dini kitap ele ge\u00e7irildi. Tarihi kitap Y\u00fcz\u00fcnc\u00fc Y\u0131l \u00dcniversitesi&#8217;ne g\u00f6t\u00fcr\u00fclerek uzmanlara inceletildi.<!--more--> Uzmanlar\u0131n kitap \u00fczerinde yapt\u0131klar\u0131 inceleme sonucu kitab\u0131n orijinal olarak yaz\u0131ld\u0131\u011f\u0131 ve paha bi\u00e7ilemez bir eser oldu\u011fu belirtildi. Olayla ilgili bir ki\u015fi g\u00f6zalt\u0131na al\u0131n\u0131rken, soru\u015fturman\u0131n devam etti\u011fi belirtildi.<\/p>\n<p style=\"text-align: justify;\">Kaynak:http:\/\/www.haber7.com<\/p>\n","protected":false},"excerpt":{"rendered":"<p>Van Emniyet M\u00fcd\u00fcrl\u00fc\u011f\u00fc ekipleri taraf\u0131ndan yap\u0131lan operasyonda 300 y\u0131ll\u0131k el yaz\u0131m\u0131 S\u00fcryanice yaz\u0131lm\u0131\u015f kitap ele ge\u00e7irildi. Ka\u00e7ak\u00e7\u0131l\u0131k ve Organize Su\u00e7larla M\u00fccadele (KOM) \u015eube M\u00fcd\u00fcrl\u00fc\u011f\u00fc ekipleri, yapt\u0131klar\u0131 istihbarat \u00e7al\u0131\u015fmalar neticesinde tarihi eser ka\u00e7ak\u00e7\u0131l\u0131\u011f\u0131n\u0131 yap\u0131laca\u011f\u0131 bilgisine ula\u015ft\u0131. Bu bilgiler do\u011frultusunda harekete ge\u00e7en ekipler, Van&#8217;da bir eve d\u00fczenledikleri operasyonda 300 y\u0131ll\u0131k ke\u00e7i derisi ile kapl\u0131 filigraml\u0131 Aherli ya\u011fl\u0131 [&hellip;]<\/p>\n","protected":false},"author":1,"featured_media":0,"comment_status":"open","ping_status":"open","sticky":false,"template":"","format":"standard","meta":{"footnotes":""},"categories":[1,1500,1509],"tags":[1441],"class_list":["post-10848","post","type-post","status-publish","format-standard","hentry","category-genel","category-nadir-eserler","category-yazma-eserler","tag-yazma-eser-kutuphaneleri"],"_links":{"self":[{"href":"https:\/\/www.bbyhaber.com\/bby\/wp-json\/wp\/v2\/posts\/10848"}],"collection":[{"href":"https:\/\/www.bbyhaber.com\/bby\/wp-json\/wp\/v2\/posts"}],"about":[{"href":"https:\/\/www.bbyhaber.com\/bby\/wp-json\/wp\/v2\/types\/post"}],"author":[{"embeddable":true,"href":"https:\/\/www.bbyhaber.com\/bby\/wp-json\/wp\/v2\/users\/1"}],"replies":[{"embeddable":true,"href":"https:\/\/www.bbyhaber.com\/bby\/wp-json\/wp\/v2\/comments?post=10848"}],"version-history":[{"count":0,"href":"https:\/\/www.bbyhaber.com\/bby\/wp-json\/wp\/v2\/posts\/10848\/revisions"}],"wp:attachment":[{"href":"https:\/\/www.bbyhaber.com\/bby\/wp-json\/wp\/v2\/media?parent=10848"}],"wp:term":[{"taxonomy":"category","embeddable":true,"href":"https:\/\/www.bbyhaber.com\/bby\/wp-json\/wp\/v2\/categories?post=10848"},{"taxonomy":"post_tag","embeddable":true,"href":"https:\/\/www.bbyhaber.com\/bby\/wp-json\/wp\/v2\/tags?post=10848"}],"curies":[{"name":"wp","href":"https:\/\/api.w.org\/{rel}","templated":true}]}}