{"id":10845,"date":"2013-04-28T16:24:47","date_gmt":"2013-04-28T13:24:47","guid":{"rendered":"http:\/\/www.bbyhaber.com\/bby\/?p=10845"},"modified":"2013-04-28T16:25:04","modified_gmt":"2013-04-28T13:25:04","slug":"her-mahalleye-kutuphane-ve-okuma-salonu-adana","status":"publish","type":"post","link":"https:\/\/www.bbyhaber.com\/bby\/2013\/04\/28\/her-mahalleye-kutuphane-ve-okuma-salonu-adana","title":{"rendered":"Her mahalleye k\u00fct\u00fcphane ve okuma salonu-Adana"},"content":{"rendered":"<p style=\"text-align: justify;\">Adana B\u00fcy\u00fck\u015fehir Belediyesi\u2019nin \u201cAdana\u2019n\u0131n Renkleri\u201d projesi kapsam\u0131nda \u00c7ukurova Kalk\u0131nma Ajans\u0131 deste\u011fiyle olu\u015fturdu\u011fu k\u00fct\u00fcphane ve okuma salonlar\u0131 B\u00fcy\u00fck\u015fehir Belediyesi Ba\u015fkan Vekili Zihni Ald\u0131rmaz taraf\u0131ndan t\u00f6renle a\u00e7\u0131ld\u0131. Beyazevler Mahallesi Yal\u00e7\u0131npark\u2019ta d\u00fczenlenen a\u00e7\u0131l\u0131\u015f t\u00f6reninde konu\u015fan B\u00fcy\u00fck\u015fehir Belediyesi Ba\u015fkan Vekili Zihni Ald\u0131rmaz, \u201cGen\u00e7ler bizim i\u00e7in \u00e7ok \u00f6nemli. <!--more-->Bu nedenle \u00c7ukurova Kalk\u0131nma Ajans\u0131\u2019n\u0131n deste\u011fiyle 5 mahallede k\u00fct\u00fcphane ve okuma salonlar\u0131 yapt\u0131k, iki gen\u00e7lik merkezi a\u00e7t\u0131k. \u015eakirpa\u015fa\u2019daki gen\u00e7lik merkezinde \u00fcniversiteye haz\u0131rlanan bin \u00f6\u011frenciye \u00fccretsiz haz\u0131rl\u0131k kursu veriyoruz. Mimar Sinan K\u00fclt\u00fcr Park\u0131 i\u00e7indeki gen\u00e7lik merkezinde ise gen\u00e7ler sanat e\u011fitim al\u0131yor. Ayr\u0131ca 113 bin 500 gencimize spor yapt\u0131r\u0131yoruz. Gen\u00e7ler ve \u00e7ocuklar bizim \u00f6nceli\u011fimiz. Gen\u00e7lerimize hizmek i\u00e7in \u00e7aba harc\u0131yoruz. Buradaki okuma salonlar\u0131nda gen\u00e7lerimiz internete girebilecek, g\u00fcnl\u00fck gazeteleri okuyacak, k\u00fct\u00fcphaneden yararlanacak\u201d dedi.<\/p>\n<p style=\"text-align: justify;\">K\u00fct\u00fcphane ve okuma salonlar\u0131n\u0131n kurulmas\u0131nda eme\u011fi ge\u00e7enlere te\u015fekk\u00fcr eden Zihni Ald\u0131rmaz, bu salonlar\u0131n daha sonra her mahalleye kurmay\u0131 d\u00fc\u015f\u00fcnd\u00fckleri mahalle ofislerinin bir par\u00e7as\u0131 oldu\u011funu anlatt\u0131. Zihni Ald\u0131rmaz, mahalle ofislerinde muhtarl\u0131k binas\u0131n\u0131n d\u0131\u015f\u0131nda vatanda\u015flar\u0131n resmi dairelerdeki i\u015flerini g\u00f6rebilece\u011fi birimler olaca\u011f\u0131n\u0131 kaydetti.Proje orta\u011f\u0131 Akdeniz Ara\u015ft\u0131rmalar\u0131 Enstit\u00fcs\u00fc Derne\u011fi Ba\u015fkan\u0131 \u0130smail \u00c7etin de konu\u015fmas\u0131nda proje ile ilgili bilgi verdi, Zihni Ald\u0131rmaz\u2019a projeleri hayata ge\u00e7irdi\u011fi i\u00e7in te\u015fekk\u00fcr etti. Konu\u015fmalar\u0131n ard\u0131ndan a\u00e7\u0131l\u0131\u015f ger\u00e7ekle\u015ftirildi. Zihni Ald\u0131rmaz a\u00e7\u0131l\u0131\u015f\u0131 gen\u00e7ler \u00e7ocuklar ve konuklarla birlikte yapt\u0131.<\/p>\n<p style=\"text-align: justify;\">A\u00e7\u0131l\u0131\u015fa Milli E\u011fitim M\u00fcd\u00fcr Yard\u0131mc\u0131s\u0131 Muharrem Gelen, Muhtarlar Birli\u011fi Adana \u015eube Ba\u015fkan\u0131 Soner \u015eim\u015fir ve muhtarlar, B\u00fcy\u00fck\u015fehir Belediyesi Genel Sekreteri Nermin Akray, Meclis \u00dcyesi Necmi \u00d6zcanl\u0131 ve belediye b\u00fcrokratlar\u0131 ile \u00e7ok say\u0131da mahalle sakini kat\u0131ld\u0131.<\/p>\n<p style=\"text-align: justify;\"><a href=\"http:\/\/www.adana.bel.tr\/adanabeltr\/data\/pagetopic\/3366\/1.jpg\"><img loading=\"lazy\" decoding=\"async\" class=\"alignnone\" src=\"http:\/\/www.adana.bel.tr\/adanabeltr\/data\/pagetopic\/3366\/1.jpg\" alt=\"\" width=\"150\" height=\"150\" \/><\/a> <a href=\"http:\/\/www.adana.bel.tr\/adanabeltr\/data\/pagetopic\/3366\/4.jpg\"><img loading=\"lazy\" decoding=\"async\" class=\"alignnone\" src=\"http:\/\/www.adana.bel.tr\/adanabeltr\/data\/pagetopic\/3366\/4.jpg\" alt=\"\" width=\"150\" height=\"150\" \/><\/a><a href=\"http:\/\/www.adana.bel.tr\/adanabeltr\/data\/pagetopic\/3366\/1.jpg\"><br \/>\n<\/a>Kaynak: http:\/\/www.adana.bel.tr\/<\/p>\n","protected":false},"excerpt":{"rendered":"<p>Adana B\u00fcy\u00fck\u015fehir Belediyesi\u2019nin \u201cAdana\u2019n\u0131n Renkleri\u201d projesi kapsam\u0131nda \u00c7ukurova Kalk\u0131nma Ajans\u0131 deste\u011fiyle olu\u015fturdu\u011fu k\u00fct\u00fcphane ve okuma salonlar\u0131 B\u00fcy\u00fck\u015fehir Belediyesi Ba\u015fkan Vekili Zihni Ald\u0131rmaz taraf\u0131ndan t\u00f6renle a\u00e7\u0131ld\u0131. Beyazevler Mahallesi Yal\u00e7\u0131npark\u2019ta d\u00fczenlenen a\u00e7\u0131l\u0131\u015f t\u00f6reninde konu\u015fan B\u00fcy\u00fck\u015fehir Belediyesi Ba\u015fkan Vekili Zihni Ald\u0131rmaz, \u201cGen\u00e7ler bizim i\u00e7in \u00e7ok \u00f6nemli.<\/p>\n","protected":false},"author":1,"featured_media":0,"comment_status":"open","ping_status":"open","sticky":false,"template":"","format":"standard","meta":{"footnotes":""},"categories":[1],"tags":[],"class_list":["post-10845","post","type-post","status-publish","format-standard","hentry","category-genel"],"_links":{"self":[{"href":"https:\/\/www.bbyhaber.com\/bby\/wp-json\/wp\/v2\/posts\/10845"}],"collection":[{"href":"https:\/\/www.bbyhaber.com\/bby\/wp-json\/wp\/v2\/posts"}],"about":[{"href":"https:\/\/www.bbyhaber.com\/bby\/wp-json\/wp\/v2\/types\/post"}],"author":[{"embeddable":true,"href":"https:\/\/www.bbyhaber.com\/bby\/wp-json\/wp\/v2\/users\/1"}],"replies":[{"embeddable":true,"href":"https:\/\/www.bbyhaber.com\/bby\/wp-json\/wp\/v2\/comments?post=10845"}],"version-history":[{"count":0,"href":"https:\/\/www.bbyhaber.com\/bby\/wp-json\/wp\/v2\/posts\/10845\/revisions"}],"wp:attachment":[{"href":"https:\/\/www.bbyhaber.com\/bby\/wp-json\/wp\/v2\/media?parent=10845"}],"wp:term":[{"taxonomy":"category","embeddable":true,"href":"https:\/\/www.bbyhaber.com\/bby\/wp-json\/wp\/v2\/categories?post=10845"},{"taxonomy":"post_tag","embeddable":true,"href":"https:\/\/www.bbyhaber.com\/bby\/wp-json\/wp\/v2\/tags?post=10845"}],"curies":[{"name":"wp","href":"https:\/\/api.w.org\/{rel}","templated":true}]}}