{"id":1084,"date":"2011-01-16T16:14:41","date_gmt":"2011-01-16T16:14:41","guid":{"rendered":"http:\/\/www.bbyhaber.com\/bby\/?p=1084"},"modified":"2012-09-29T14:14:25","modified_gmt":"2012-09-29T11:14:25","slug":"milli-kutuphane-raf-sistemi-yapilarak-kurtariliyor","status":"publish","type":"post","link":"https:\/\/www.bbyhaber.com\/bby\/2011\/01\/16\/milli-kutuphane-raf-sistemi-yapilarak-kurtariliyor","title":{"rendered":"Milli K\u00fct\u00fcphane, raf sistemi yap\u0131larak kurtar\u0131l\u0131yor"},"content":{"rendered":"<p style=\"text-align: justify;\" align=\"justify\">Yer sorunu ya\u015fad\u0131\u011f\u0131 gerek\u00e7esiyle yasa kapsam\u0131na al\u0131nan \u0130zmir Milli K\u00fct\u00fcphanesi i\u00e7in \u0130zmir B\u00fcy\u00fck\u015fehir Belediyesi taraf\u0131ndan 100 bin kitapl\u0131k raf sistemi kuruldu. Yer yetersizli\u011fi gerek\u00e7e g\u00f6sterilerek K\u00fclt\u00fcr ve Turizm Bakanl\u0131\u011f\u0131 taraf\u0131ndan Basma Yaz\u0131 ve Resimleri Derleme Kanunu kapsam\u0131ndan \u00e7\u0131kar\u0131lmas\u0131 planlanan \u0130zmir Milli K\u00fct\u00fcphanesi i\u00e7in B\u00fcy\u00fck\u015fehir Belediyesi devreye girdi. G\u00fcndeme al\u0131nan karar\u0131n gerek\u00e7esinin ortadan kald\u0131r\u0131lmas\u0131 i\u00e7in gereken raf sistemi, Ba\u015fkan Aziz Kocao\u011flu&#8217;nun talimat\u0131yla ESHOT Genel M\u00fcd\u00fcrl\u00fc\u011f\u00fc taraf\u0131ndan kuruldu.<!--more--><\/p>\n<p style=\"text-align: justify;\" align=\"justify\">\u0130zmir Milli K\u00fct\u00fcphane Vakf\u0131 Ba\u015fkan\u0131 Ulvi Pu\u011f, en az 5-6 y\u0131ll\u0131k yer sorununun B\u00fcy\u00fck\u015fehir Belediyesi sayesinde \u00e7\u00f6z\u00fcld\u00fc\u011f\u00fcn\u00fc belirterek, Ba\u015fkan Kocao\u011flu&#8217;na duyarl\u0131l\u0131\u011f\u0131 nedeniyle te\u015fekk\u00fcr etti. Pu\u011f, kurulan sistemin foto\u011fraflanarak K\u00fclt\u00fcr ve Turizm Bakanl\u0131\u011f\u0131&#8217;na sunulaca\u011f\u0131n\u0131 ve bu karar\u0131n iptalini isteyeceklerini s\u00f6yledi.<\/p>\n<p style=\"text-align: justify;\" align=\"justify\">1912 y\u0131l\u0131nda kurulan ve Mustafa Kemal Atat\u00fcrk&#8217;\u00fcn talimat\u0131yla Derleme Kanunu kapsam\u0131na al\u0131nan \u0130zmir Milli K\u00fct\u00fcphanesi, bu kararla T\u00fcrkiye&#8217;de \u00e7\u0131kan t\u00fcm eserlerin bir kopyas\u0131n\u0131 i\u00e7eren \u00fclkedeki 5 k\u00fct\u00fcphaneden biri haline geldi. Atat\u00fcrk&#8217;\u00fcn b\u00fcy\u00fck \u00f6nem verdi\u011fi ve 3 kez ziyaret etti\u011fi \u0130zmir Milli K\u00fct\u00fcphanesi, bu sayede 700 bini a\u015fk\u0131n kitaba sahip oldu. Ayn\u0131 zamanda 5 bin civar\u0131nda el yazmas\u0131, paha bi\u00e7ilmez ta\u015f bask\u0131 kitaplar\u0131, 1930&#8217;lardan bu yana saklanan t\u00fcm gazete koleksiyonlar\u0131 ile alan\u0131ndaki en b\u00fcy\u00fck kurumlardan biri oldu. Ancak 2010 y\u0131l\u0131nda K\u00fclt\u00fcr ve Turizm Bakanl\u0131\u011f\u0131&#8217;n\u0131n haz\u0131rlad\u0131\u011f\u0131 kanun tasar\u0131s\u0131nda, \u0130zmir Milli K\u00fct\u00fcphanesi &#8216;Derleme Kanunu&#8217; kapsam\u0131ndan \u00e7\u0131kar\u0131ld\u0131. Tasar\u0131n\u0131n yasala\u015fmas\u0131 halinde Milli K\u00fct\u00fcphane&#8217;nin can damar\u0131n\u0131n kesilece\u011fini d\u00fc\u015f\u00fcnen kurum y\u00f6neticileri ise acil olarak \u00e7are aray\u0131\u015f\u0131na girdi.<\/p>\n<p style=\"text-align: justify;\" align=\"justify\">\u0130zmir&#8217;in simgeleri aras\u0131na giren Milli K\u00fct\u00fcphane&#8217;nin i\u015flevsizle\u015fme tehlikesi ile kar\u015f\u0131la\u015fmas\u0131, ayn\u0131 zamanda kentteki ve \u00e7evre illerdeki ara\u015ft\u0131rmac\u0131lar\u0131n da kaynak ara\u015ft\u0131rmas\u0131 i\u00e7in \u0130stanbul ve Ankara&#8217;ya gitmek zorunda kalmas\u0131 anlam\u0131na gelen bu tasar\u0131ya Bakanl\u0131\u011f\u0131n g\u00f6sterdi\u011fi gerek\u00e7e, kurumun yer s\u0131k\u0131nt\u0131s\u0131 ya\u015famas\u0131yd\u0131. \u0130zmir&#8217;in b\u00f6yle bir de\u011feri yitirmemesi gerekti\u011fini d\u00fc\u015f\u00fcnen \u0130zmir B\u00fcy\u00fck\u015fehir Belediye Ba\u015fkan\u0131 Aziz Kocao\u011flu, bu noktada devreye girerek, sorunun giderilmesi i\u00e7in gerekli birimlere talimat verdi. ESHOT Genel M\u00fcd\u00fcrl\u00fc\u011f\u00fc ekipleri, yeni raflar\u0131n imalat\u0131 i\u00e7in \u00e7al\u0131\u015fmaya ba\u015flad\u0131. \u0130ki katl\u0131 basamak sistemiyle planlanan 5 metre y\u00fcksekli\u011findeki raflar\u0131n yap\u0131m\u0131, 6 i\u015f\u00e7i taraf\u0131ndan 3 haftada tamamland\u0131. K\u00fct\u00fcphaneden faydalananlar\u0131n rahats\u0131z olmamas\u0131 i\u00e7in \u00e7al\u0131\u015fmalar gece saatlerinde yap\u0131ld\u0131. Raflar\u0131n imalat\u0131 a\u015famas\u0131nda 2 ton k\u00f6\u015febent ve 1 ton sa\u00e7 kullan\u0131ld\u0131. Sonu\u00e7ta ortaya 100 bin kitap kapasiteli dev bir raf sistemi \u00e7\u0131kt\u0131.<\/p>\n<p style=\"text-align: justify;\" align=\"justify\">\u0130zmir Milli K\u00fct\u00fcphane Vakf\u0131 Y\u00f6netim Kurulu Ba\u015fkan\u0131 Ulvi Pu\u011f, B\u00fcy\u00fck\u015fehir Belediyesi&#8217;nin b\u00fcy\u00fck deste\u011fiyle kentin simgelerinden biri olan kurumun kurtulu\u015f form\u00fcl\u00fcn\u00fcn hayata ge\u00e7irildi\u011fini s\u00f6yledi. B\u00fct\u00e7e olarak devletten hi\u00e7bir \u015fey beklemeden kendi ya\u011f\u0131yla kavrulan bir kurum olduklar\u0131n\u0131 dile getiren Pu\u011f, \u015f\u00f6yle devam etti:<\/p>\n<p style=\"text-align: justify;\" align=\"justify\">&#8220;B\u00fcy\u00fck\u015fehir Belediye Ba\u015fkan\u0131m\u0131z Aziz Kocao\u011flu&#8217;ndan her zamanki gibi yard\u0131m talebinde bulunduk. O da her zamanki duyarl\u0131l\u0131\u011f\u0131yla yard\u0131m talebimize cevap verdi. Salonumuzun raflama i\u015flemlerini yapt\u0131rd\u0131. Bizim en az 5-6 y\u0131ll\u0131k yer problemimiz giderilmi\u015f oldu. \u015eimdi biz foto\u011fraflarla belgeledikten sonra K\u00fclt\u00fcr Bakanl\u0131\u011f\u0131&#8217;ndan randevu talep edece\u011fiz ve bu b\u00fcy\u00fck yanl\u0131\u015ftan d\u00f6n\u00fclmesini bir kez daha kendilerinden rica edece\u011fiz.&#8221;<\/p>\n<p style=\"text-align: justify;\" align=\"justify\">Yap\u0131lan \u00e7al\u0131\u015fman\u0131n en az 50-100 y\u0131l s\u00fcresince kullan\u0131labilecek evladiyelik bir sistem oldu\u011funu dile getiren Ulvi Pu\u011f, &#8220;\u0130ki y\u0131l sonra k\u00fct\u00fcphanemizin 100. kurulu\u015f y\u0131ld\u00f6n\u00fcm\u00fcn\u00fc kutlayaca\u011f\u0131z. O g\u00fcne kadar modern bir k\u00fct\u00fcphane binas\u0131n\u0131 hizmete sokmak istiyoruz, buray\u0131 da de\u011ferli eserlerimizi sergileyece\u011fimiz bir m\u00fcze haline getirmek amac\u0131nday\u0131z.&#8221; diye konu\u015ftu.<strong style=\"text-align: justify;\"><\/strong><\/p>\n<p style=\"text-align: justify;\" align=\"justify\">Kaynak: http:\/\/www.timeturk.com\/<\/p>\n","protected":false},"excerpt":{"rendered":"<p>Yer sorunu ya\u015fad\u0131\u011f\u0131 gerek\u00e7esiyle yasa kapsam\u0131na al\u0131nan \u0130zmir Milli K\u00fct\u00fcphanesi i\u00e7in \u0130zmir B\u00fcy\u00fck\u015fehir Belediyesi taraf\u0131ndan 100 bin kitapl\u0131k raf sistemi kuruldu. Yer yetersizli\u011fi gerek\u00e7e g\u00f6sterilerek K\u00fclt\u00fcr ve Turizm Bakanl\u0131\u011f\u0131 taraf\u0131ndan Basma Yaz\u0131 ve Resimleri Derleme Kanunu kapsam\u0131ndan \u00e7\u0131kar\u0131lmas\u0131 planlanan \u0130zmir Milli K\u00fct\u00fcphanesi i\u00e7in B\u00fcy\u00fck\u015fehir Belediyesi devreye girdi. G\u00fcndeme al\u0131nan karar\u0131n gerek\u00e7esinin ortadan kald\u0131r\u0131lmas\u0131 i\u00e7in gereken [&hellip;]<\/p>\n","protected":false},"author":1,"featured_media":0,"comment_status":"open","ping_status":"open","sticky":false,"template":"","format":"standard","meta":{"footnotes":""},"categories":[1,1581],"tags":[],"class_list":["post-1084","post","type-post","status-publish","format-standard","hentry","category-genel","category-izmir-milli-kutuphane"],"_links":{"self":[{"href":"https:\/\/www.bbyhaber.com\/bby\/wp-json\/wp\/v2\/posts\/1084"}],"collection":[{"href":"https:\/\/www.bbyhaber.com\/bby\/wp-json\/wp\/v2\/posts"}],"about":[{"href":"https:\/\/www.bbyhaber.com\/bby\/wp-json\/wp\/v2\/types\/post"}],"author":[{"embeddable":true,"href":"https:\/\/www.bbyhaber.com\/bby\/wp-json\/wp\/v2\/users\/1"}],"replies":[{"embeddable":true,"href":"https:\/\/www.bbyhaber.com\/bby\/wp-json\/wp\/v2\/comments?post=1084"}],"version-history":[{"count":0,"href":"https:\/\/www.bbyhaber.com\/bby\/wp-json\/wp\/v2\/posts\/1084\/revisions"}],"wp:attachment":[{"href":"https:\/\/www.bbyhaber.com\/bby\/wp-json\/wp\/v2\/media?parent=1084"}],"wp:term":[{"taxonomy":"category","embeddable":true,"href":"https:\/\/www.bbyhaber.com\/bby\/wp-json\/wp\/v2\/categories?post=1084"},{"taxonomy":"post_tag","embeddable":true,"href":"https:\/\/www.bbyhaber.com\/bby\/wp-json\/wp\/v2\/tags?post=1084"}],"curies":[{"name":"wp","href":"https:\/\/api.w.org\/{rel}","templated":true}]}}