{"id":10836,"date":"2013-04-28T13:52:40","date_gmt":"2013-04-28T10:52:40","guid":{"rendered":"http:\/\/www.bbyhaber.com\/bby\/?p=10836"},"modified":"2013-05-09T18:37:07","modified_gmt":"2013-05-09T15:37:07","slug":"kutuphaneciler-1-mayista-alanlara-cikiyor","status":"publish","type":"post","link":"https:\/\/www.bbyhaber.com\/bby\/2013\/04\/28\/kutuphaneciler-1-mayista-alanlara-cikiyor","title":{"rendered":"K\u00fct\u00fcphaneciler 1 May\u0131s\u2019ta Alanlara \u00c7\u0131k\u0131yor"},"content":{"rendered":"<p style=\"text-align: justify;\"><a href=\"http:\/\/www.bbyhaber.com\/bby\/wp-content\/uploads\/2013\/04\/1mayis-bbyozlukhaklari-afis.jpg\"><img loading=\"lazy\" decoding=\"async\" class=\"alignleft\" src=\"http:\/\/www.bbyhaber.com\/bby\/wp-content\/uploads\/2013\/04\/1mayis-bbyozlukhaklari-afis.jpg\" alt=\"\" width=\"225\" height=\"290\" \/><\/a>K\u00fct\u00fcphaneciler 1 May\u0131s\u2019ta Alanlara \u00c7\u0131k\u0131yor.TA\u015eERONLA\u015eMAYA, SANS\u00dcRE, YASAKLARA HAYIR! EME\u011eE, B\u0130L\u0130ME, B\u0130LG\u0130YE, D\u00dc\u015e\u00dcNCEYE \u00d6ZG\u00dcRL\u00dcK.<!--more--><\/p>\n<p style=\"text-align: justify;\">Mesle\u011fimiz, gelece\u011fimiz, eme\u011fimiz i\u00e7in,<br \/>\nTa\u015feronla\u015fmaya kar\u015f\u0131 durmak,<br \/>\nE\u015fit i\u015fe e\u015fit \u00fccreti talep etmek,<br \/>\n\u0130nsanca ya\u015fan\u0131l\u0131r k\u00fct\u00fcphaneci maa\u015flar\u0131,<br \/>\nK\u00fct\u00fcphanecilerin k\u00fct\u00fcphanelerde istihdam\u0131,<br \/>\nNitelikli k\u00fct\u00fcphane hizmetleri,<br \/>\nDemokrasi, insan haklar\u0131, insanca ya\u015fam,<br \/>\nAdalet, e\u015fit yurtta\u015fl\u0131k, bar\u0131\u015f,<br \/>\nBir arada ya\u015fam ve d\u00fc\u015f\u00fcnce \u00f6zg\u00fcrl\u00fc\u011f\u00fc i\u00e7in, 1 May\u0131s\u2019ta Alanlara \u00c7\u0131k\u0131yoruz.<\/p>\n<p style=\"text-align: justify;\"><strong><span style=\"color: #ff0000;\">\u00c7al\u0131\u015fma Ya\u015fam\u0131ndaki Sorunlar\u0131m\u0131z<\/span><\/strong><br \/>\nVak\u0131f \u00dcniversitelerinde, \u00f6zel e\u011fitim kurumlar\u0131n\u0131n d\u00fc\u015f\u00fck \u00fccret politikas\u0131,<br \/>\nG\u00fcvencesiz \u00e7al\u0131\u015fma ya\u015fam\u0131,<br \/>\nE\u011fitim Kurumlar\u0131nda akademik de\u011fer g\u00f6rmeyen k\u00fct\u00fcphaneciler,<br \/>\nK\u00fct\u00fcphanecilikte ta\u015feronla\u015fma,<br \/>\nAyn\u0131 kurumda farkl\u0131 \u00f6zl\u00fck haklar\u0131yla k\u00fct\u00fcphaneci \u00e7al\u0131\u015ft\u0131r\u0131lmas\u0131,<br \/>\nMobbing,<br \/>\nK\u00fct\u00fcphane\/Bilgi Merkezleri\/Ar\u015fiv \u00c7al\u0131\u015fanlar\u0131n\u0131n \u00d6zl\u00fck Haklar\u0131, Teknik Kadro-Unvan Sorunu vd.<\/p>\n<p style=\"text-align: justify;\"><span style=\"color: #ff0000;\"><strong>Taleplerimiz<\/strong><\/span><br \/>\n-K\u00fct\u00fcphane\/Bilgi Merkezi\/Ar\u015fiv meslek alan\u0131n\u0131 i\u00e7eren MESLEK YASASI,<br \/>\n-K\u00fct\u00fcphanecinin\/Ar\u015fivcinin meslek tan\u0131m\u0131n\u0131n yap\u0131lmas\u0131,<br \/>\n-Demokratik toplum yap\u0131s\u0131na uygun t\u00fcm yurtta\u015flara hizmet sunacak zenginlikte, nitelikte \u00e7o\u011fulcu halk k\u00fct\u00fcphaneleri, semt k\u00fct\u00fcphaneleri ve nitelikli k\u00fct\u00fcphane hizmetleri,<br \/>\n-Bilimsel e\u011fitim, nitelikli \u00fcniversite k\u00fct\u00fcphaneleri,<br \/>\n-\u00c7ocuklar\u0131n uluslararas\u0131 s\u00f6zle\u015fmelerle garanti alt\u0131na al\u0131nan k\u00fct\u00fcphane ve bilgiye e\u015fit ve serbest eri\u015fim hakk\u0131 olan \u00e7ocuk k\u00fct\u00fcphaneleri, okul k\u00fct\u00fcphaneleri, gezici k\u00fct\u00fcphaneler,<br \/>\n-Engelliler i\u00e7in engelsiz k\u00fct\u00fcphaneler\/Engelsiz bilgiye eri\u015fim merkezleri.<br \/>\n-K\u00fct\u00fcphanelerde k\u00fct\u00fcphanecilik\/ar\u015fivcilik ve Bilgi ve Belge Y\u00f6netimi B\u00f6l\u00fcm\u00fc mezunlar\u0131n\u0131n istihdam\u0131, halk k\u00fct\u00fcphanelerine ve yerel y\u00f6netim k\u00fct\u00fcphanelerine her k\u00fct\u00fcphaneye en az bir k\u00fct\u00fcphaneci istihdam\u0131,<br \/>\n-G\u00fcvenceli \u00e7al\u0131\u015fma ya\u015fam\u0131,<br \/>\n-E\u015fit i\u015fe e\u015fit \u00fccret ve insanca ya\u015fan\u0131labilir bir \u00fccret politikas\u0131.<br \/>\n-Kitaplara, yazarlara, internete, d\u00fc\u015f\u00fcnceye \u00f6zg\u00fcrl\u00fck,<br \/>\n-Sans\u00fcrs\u00fcz T\u00fcrkiye,<br \/>\n-\u00d6zg\u00fcr bilgi dola\u015f\u0131m\u0131, \u00f6zg\u00fcr bilim\/bilgiye a\u00e7\u0131k eri\u015fim, bilginin toplumsalla\u015fmas\u0131.<\/p>\n<p style=\"text-align: justify;\"><strong>K\u00fct\u00fcphane, bilgi merkezi, ar\u015fiv \u00e7al\u0131\u015fanlar\u0131n\u0131, bilgi ve belge y\u00f6netimi b\u00f6l\u00fcm\u00fc \u00f6\u011frencilerini, akademisyenleri; mesle\u011fimiz, eme\u011fimiz ve gelece\u011fimiz i\u00e7in 1 May\u0131s\u2019ta T\u00fcrk K\u00fct\u00fcphaneciler Derne\u011fi \u00d6zl\u00fck Haklar\u0131 \u00c7al\u0131\u015fma Grubu ile 1 May\u0131s\u2019ta Alanlara \u00e7\u0131kmaya \u00e7a\u011f\u0131r\u0131yoruz.<\/strong><\/p>\n<p style=\"text-align: justify;\">Ya\u015fas\u0131n 1 May\u0131s \u201c\u0130\u015f\u00e7i Bayram\u0131 Emek ve Dayan\u0131\u015fma G\u00fcn\u00fc\u201d<br \/>\nTA\u015eERONLA\u015eMAYA, SANS\u00dcRE, YASAKLARA HAYIR!<br \/>\nEME\u011eE, B\u0130L\u0130ME, B\u0130LG\u0130YE, D\u00dc\u015e\u00dcNCEYE \u00d6ZG\u00dcRL\u00dcK<\/p>\n<p><span style=\"color: #0000ff;\"><strong>T\u00fcrk K\u00fct\u00fcphaneciler Derne\u011fi \u00d6zl\u00fck Haklar\u0131 \u00c7al\u0131\u015fma Grubu<\/strong><\/span><br \/>\n<span style=\"text-decoration: underline;\"><em>(Toplanma alan\u0131\/alanlar\u0131 ve toplanma saatleri Sal\u0131 g\u00fcn\u00fc netle\u015fecek. T\u00fcm meslekta\u015flar\u0131m\u0131zla payla\u015f\u0131lacakt\u0131r)<\/em><\/span><\/p>\n<p style=\"text-align: justify;\">Kaynak: Ayd\u0131n \u0130leri<\/p>\n","protected":false},"excerpt":{"rendered":"<p>K\u00fct\u00fcphaneciler 1 May\u0131s\u2019ta Alanlara \u00c7\u0131k\u0131yor.TA\u015eERONLA\u015eMAYA, SANS\u00dcRE, YASAKLARA HAYIR! EME\u011eE, B\u0130L\u0130ME, B\u0130LG\u0130YE, D\u00dc\u015e\u00dcNCEYE \u00d6ZG\u00dcRL\u00dcK.<\/p>\n","protected":false},"author":1,"featured_media":0,"comment_status":"open","ping_status":"open","sticky":false,"template":"","format":"standard","meta":{"footnotes":""},"categories":[1476],"tags":[483,1398],"class_list":["post-10836","post","type-post","status-publish","format-standard","hentry","category-aydin-ileri","tag-1-mayis-kutuphaneciler","tag-bby-ozluk-haklari"],"_links":{"self":[{"href":"https:\/\/www.bbyhaber.com\/bby\/wp-json\/wp\/v2\/posts\/10836"}],"collection":[{"href":"https:\/\/www.bbyhaber.com\/bby\/wp-json\/wp\/v2\/posts"}],"about":[{"href":"https:\/\/www.bbyhaber.com\/bby\/wp-json\/wp\/v2\/types\/post"}],"author":[{"embeddable":true,"href":"https:\/\/www.bbyhaber.com\/bby\/wp-json\/wp\/v2\/users\/1"}],"replies":[{"embeddable":true,"href":"https:\/\/www.bbyhaber.com\/bby\/wp-json\/wp\/v2\/comments?post=10836"}],"version-history":[{"count":0,"href":"https:\/\/www.bbyhaber.com\/bby\/wp-json\/wp\/v2\/posts\/10836\/revisions"}],"wp:attachment":[{"href":"https:\/\/www.bbyhaber.com\/bby\/wp-json\/wp\/v2\/media?parent=10836"}],"wp:term":[{"taxonomy":"category","embeddable":true,"href":"https:\/\/www.bbyhaber.com\/bby\/wp-json\/wp\/v2\/categories?post=10836"},{"taxonomy":"post_tag","embeddable":true,"href":"https:\/\/www.bbyhaber.com\/bby\/wp-json\/wp\/v2\/tags?post=10836"}],"curies":[{"name":"wp","href":"https:\/\/api.w.org\/{rel}","templated":true}]}}