{"id":10826,"date":"2013-04-26T13:41:13","date_gmt":"2013-04-26T10:41:13","guid":{"rendered":"http:\/\/www.bbyhaber.com\/bby\/?p=10826"},"modified":"2013-04-26T13:41:29","modified_gmt":"2013-04-26T10:41:29","slug":"minik-yureklerden-koy-okuluna-kutuphane-bitlis","status":"publish","type":"post","link":"https:\/\/www.bbyhaber.com\/bby\/2013\/04\/26\/minik-yureklerden-koy-okuluna-kutuphane-bitlis","title":{"rendered":"Minik Y\u00fcreklerden K\u00f6y Okuluna K\u00fct\u00fcphane-Bitlis"},"content":{"rendered":"<p style=\"text-align: justify;\">Bitlis\u2019in Tatvan il\u00e7esindeki minik Muay Thai ve Kickbox sporcular\u0131, \u201cTatvan\u2019\u0131n k\u00fct\u00fcphanesiz k\u00f6y okulu kalmas\u0131n\u201d slogan\u0131yla ba\u015flatt\u0131klar\u0131 kitap kampanyas\u0131 kapsam\u0131nda ilk k\u00fct\u00fcphaneyi E\u011frita\u015f k\u00f6y\u00fcne kurdular. Kitap toplamaya oturduklar\u0131 ev, bina ve mahalleden ba\u015flayan minik sporcular, yakla\u015f\u0131k 15 g\u00fcn gibi k\u0131sa bir s\u00fcrede ansiklopedi, hikaye, roman ve di\u011fer kaynak kitaplardan olu\u015fan bin kitap toplayarak il\u00e7eye yakla\u015f\u0131k 20 kilometre uzakl\u0131kta bulunan E\u011frita\u015f k\u00f6y\u00fcnde bulunan k\u00fct\u00fcphanesiz k\u00f6y okuluna ilk k\u00fct\u00fcphaneyi kurarak \u00f6rnek bir davran\u0131\u015fa imza att\u0131lar. <!--more--><\/p>\n<p style=\"text-align: justify;\">Tak\u0131m hocalar\u0131 \u00d6mer U\u011fur\u2019la birlikte toplad\u0131klar\u0131 kitaplar\u0131 k\u00f6y okuluna g\u00f6t\u00fcren minik sporcular, kendilerini okul kap\u0131s\u0131nda d\u00f6rt g\u00f6zle bekleyen arkada\u015flar\u0131yla birlikte kitaplar\u0131 okula ta\u015f\u0131yarak k\u00fct\u00fcphaneyi kurdular. Okullar\u0131nda k\u00fct\u00fcphaneye kavu\u015fman\u0131n sevincini ya\u015fayan k\u00f6y okulu \u00f6\u011frencileri, minik arkada\u015flar\u0131na g\u00f6sterdikleri fedakarl\u0131k \u00f6rne\u011finden dolay\u0131 te\u015fekk\u00fcr ettiler.<\/p>\n<p style=\"text-align: justify;\"><a href=\"http:\/\/img6.mynet.com\/yurthaber3\/2013\/04\/bitlis\/minik-yureklerden-koy-okuluna-kutuphane-jw6_galeri.jpg\"><img loading=\"lazy\" decoding=\"async\" class=\"alignnone\" src=\"http:\/\/img6.mynet.com\/yurthaber3\/2013\/04\/bitlis\/minik-yureklerden-koy-okuluna-kutuphane-jw6_galeri.jpg\" alt=\"\" width=\"150\" height=\"150\" \/><\/a> <a href=\"http:\/\/img6.mynet.com\/yurthaber3\/2013\/04\/bitlis\/minik-yureklerden-koy-okuluna-kutuphane-c5x_galeri.jpg\"><img loading=\"lazy\" decoding=\"async\" class=\"alignnone\" src=\"http:\/\/img6.mynet.com\/yurthaber3\/2013\/04\/bitlis\/minik-yureklerden-koy-okuluna-kutuphane-c5x_galeri.jpg\" alt=\"\" width=\"150\" height=\"150\" \/><\/a><\/p>\n<p style=\"text-align: justify;\">Kampanyaya destek veren g\u00f6n\u00fcll\u00fc \u00f6\u011frencilerden Merve Subas\u0131, hedeflerinin bu y\u0131lki okul d\u00f6nemine kadar Tatvan\u2019a ba\u011fl\u0131 10 k\u00f6y okuluna k\u00fct\u00fcphane kurmak oldu\u011funu s\u00f6yledi. Kampanyaya kickbox ve Muay Thai sporcular\u0131ndan olu\u015fan 100 \u00f6\u011frencinin destek verdi\u011fini anlatan Suba\u015f\u0131, \u201cAmac\u0131m\u0131z il\u00e7emizdeki k\u00f6y okullar\u0131n\u0131 k\u00fct\u00fcphanesiz b\u0131rakmamak. Bu y\u00fczden sporcu arkada\u015flar\u0131mla birlikte \u2018Tatvan\u2019\u0131n k\u00fct\u00fcphanesiz k\u00f6y okulu kalmas\u0131n\u2019 slogan\u0131yla kitap kampanyas\u0131 ba\u015flatt\u0131k. Bu kapsamda ilk k\u00f6y okuluna ilk k\u00fct\u00fcphanemizi bin kitapla kurduk\u201d dedi.<\/p>\n<p>\u201cKULLANMADI\u011eINIZ K\u0130TAPLARI B\u0130ZE ULA\u015eTIRIN\u201d<\/p>\n<p style=\"text-align: justify;\">K\u00f6y okullar\u0131ndaki \u00f6\u011frencilerin k\u00fct\u00fcphaneden ve kitaplardan uzak kalmamas\u0131 i\u00e7in kampanyay\u0131 devam ettireceklerini ifade eden Suba\u015f\u0131, \u201cT\u00fcm arkada\u015flar\u0131m\u0131z bu kampanyaya destek verdi. Kampanyaya ilk olarak evimizden, oturdu\u011fumuz binadan ve oturdu\u011fumuz mahalleden kitap toplayarak ba\u015flad\u0131k. Ev ev, bina bina, mahalle mahalle dola\u015ft\u0131k ve k\u00fct\u00fcphane i\u00e7in gerekli olan bin kitab\u0131 toplad\u0131k. Bug\u00fcnde toplad\u0131\u011f\u0131m\u0131z kitaplar\u0131 E\u011frita\u015f k\u00f6y\u00fcndeki okula getirdik ve kampanya kapsam\u0131nda ilk k\u00fct\u00fcphanemizi kurduk. Bu k\u00f6y okulundaki \u00f6\u011frenciler bu giri\u015fimimizden dolay\u0131 \u00e7ok sevindiler, onlar\u0131n sevinci bizleri de mutlu etti\u201d diye konu\u015ftu.<\/p>\n<p style=\"text-align: justify;\">Tatvan\u2019daki t\u00fcm k\u00f6y okullar\u0131na k\u00fct\u00fcphane kurulana kadar kampanyan\u0131n devam edece\u011fini kaydeden Merve Suba\u015f\u0131, \u201cKampanyan\u0131n daha h\u0131zl\u0131 \u015fekilde devam etmesi i\u00e7in herkesten kitap deste\u011fi bekliyoruz. Evlerinde okumad\u0131klar\u0131 ya da fazla kitab\u0131 olanlar bize ula\u015ft\u0131rs\u0131n. Bizlere kitap ba\u011f\u0131\u015flayarak destek olmak isteyenler, kitaplar\u0131n\u0131 Tatvan Kapal\u0131 Spor Salonuna getirmeleri yeterli olacakt\u0131r\u201d \u015feklinde konu\u015ftu. E\u011frita\u015f K\u00f6y\u00fc M. Zeki Peker \u0130lkokulu \u00f6\u011frencilerinden B\u00fcnyamin Ayaz da, okullar\u0131na k\u00fct\u00fcphane kuran arkada\u015flar\u0131na te\u015fekk\u00fcr ettiklerini s\u00f6yledi.<\/p>\n<p>Kaynak:http:\/\/yurthaber.mynet.com\/<\/p>\n","protected":false},"excerpt":{"rendered":"<p>Bitlis\u2019in Tatvan il\u00e7esindeki minik Muay Thai ve Kickbox sporcular\u0131, \u201cTatvan\u2019\u0131n k\u00fct\u00fcphanesiz k\u00f6y okulu kalmas\u0131n\u201d slogan\u0131yla ba\u015flatt\u0131klar\u0131 kitap kampanyas\u0131 kapsam\u0131nda ilk k\u00fct\u00fcphaneyi E\u011frita\u015f k\u00f6y\u00fcne kurdular. Kitap toplamaya oturduklar\u0131 ev, bina ve mahalleden ba\u015flayan minik sporcular, yakla\u015f\u0131k 15 g\u00fcn gibi k\u0131sa bir s\u00fcrede ansiklopedi, hikaye, roman ve di\u011fer kaynak kitaplardan olu\u015fan bin kitap toplayarak il\u00e7eye yakla\u015f\u0131k 20 [&hellip;]<\/p>\n","protected":false},"author":1,"featured_media":0,"comment_status":"open","ping_status":"open","sticky":false,"template":"","format":"standard","meta":{"footnotes":""},"categories":[1,1498],"tags":[],"class_list":["post-10826","post","type-post","status-publish","format-standard","hentry","category-genel","category-koy-kutuphaneleri"],"_links":{"self":[{"href":"https:\/\/www.bbyhaber.com\/bby\/wp-json\/wp\/v2\/posts\/10826"}],"collection":[{"href":"https:\/\/www.bbyhaber.com\/bby\/wp-json\/wp\/v2\/posts"}],"about":[{"href":"https:\/\/www.bbyhaber.com\/bby\/wp-json\/wp\/v2\/types\/post"}],"author":[{"embeddable":true,"href":"https:\/\/www.bbyhaber.com\/bby\/wp-json\/wp\/v2\/users\/1"}],"replies":[{"embeddable":true,"href":"https:\/\/www.bbyhaber.com\/bby\/wp-json\/wp\/v2\/comments?post=10826"}],"version-history":[{"count":0,"href":"https:\/\/www.bbyhaber.com\/bby\/wp-json\/wp\/v2\/posts\/10826\/revisions"}],"wp:attachment":[{"href":"https:\/\/www.bbyhaber.com\/bby\/wp-json\/wp\/v2\/media?parent=10826"}],"wp:term":[{"taxonomy":"category","embeddable":true,"href":"https:\/\/www.bbyhaber.com\/bby\/wp-json\/wp\/v2\/categories?post=10826"},{"taxonomy":"post_tag","embeddable":true,"href":"https:\/\/www.bbyhaber.com\/bby\/wp-json\/wp\/v2\/tags?post=10826"}],"curies":[{"name":"wp","href":"https:\/\/api.w.org\/{rel}","templated":true}]}}