{"id":10819,"date":"2013-04-25T17:15:42","date_gmt":"2013-04-25T14:15:42","guid":{"rendered":"http:\/\/www.bbyhaber.com\/bby\/?p=10819"},"modified":"2014-01-23T15:52:42","modified_gmt":"2014-01-23T13:52:42","slug":"ankoslink-2013","status":"publish","type":"post","link":"https:\/\/www.bbyhaber.com\/bby\/2013\/04\/25\/ankoslink-2013","title":{"rendered":"ANKOSLink 2013 Konferans\u0131 Ba\u015flad\u0131"},"content":{"rendered":"<p style=\"text-align: justify;\">25-27 Nisan tarihleri aras\u0131nda Antalya Belek\u2019teki Maritime Kongre Merkezi&#8217;nde yap\u0131lan toplant\u0131ya; 150 farkl\u0131 kurumdan 300\u2019\u00fcn \u00fczerinde kurum temsilcisi, yay\u0131nc\u0131l\u0131k, k\u00fct\u00fcphane otomasyonu, k\u00fct\u00fcphane g\u00fcvenli\u011fi gibi alanlarda faaliyet g\u00f6steren 60\u2019dan fazla firmadan yakla\u015f\u0131k 200 firma temsilcinin kat\u0131laca\u011f\u0131 ve 47 firman\u0131n stant a\u00e7aca\u011f\u0131 belirtiliyor. ANKOS toplant\u0131s\u0131n\u0131n ilk defa bu y\u0131l ulusal ve b\u00f6lgesel bir toplant\u0131 \u00f6zelli\u011fine kavu\u015ftu\u011funu s\u00f6yleyen Kadir Has \u00dcniversitesi Bilgi Merkezi M\u00fcd\u00fcr\u00fc ve ANKOS Ba\u015fkan\u0131 Ertu\u011frul \u00c7imen, ge\u00e7en 12 y\u0131lda toplant\u0131lar\u0131n daima bir \u00fcniversite ev sahipli\u011finde yap\u0131ld\u0131\u011f\u0131n\u0131, bu y\u0131l ise h\u0131zla artan lojistik, teknik ve di\u011fer altyap\u0131 ihtiya\u00e7lar\u0131 nedeniyle bir kongre merkezine ta\u015f\u0131d\u0131klar\u0131n\u0131 belirtti.<!--more--><\/p>\n<p style=\"text-align: justify;\">\u00c7imen, konu ba\u015fl\u0131klar\u0131 aras\u0131nda T\u00fcrkiye&#8217;nin bilgi toplama stratejisi, ulusal ve uluslararas\u0131 i\u015f birlikleri ile ilgili bildiriler, sunumlar, T\u00fcrkiye&#8217;nin uluslararas\u0131 elektronik yay\u0131nc\u0131l\u0131k alan\u0131ndaki faaliyetlere nas\u0131l daha \u00e7ok katk\u0131 sa\u011flayabilece\u011fi ile ilgili \u00e7ok geni\u015f bir alanda sunumlar ve g\u00f6r\u00fc\u015fmeler yap\u0131laca\u011f\u0131n\u0131 bildirdi. Yakla\u015f\u0131k 500 ki\u015filik bir kat\u0131l\u0131mc\u0131 grubu ile birlikte olduklar\u0131n\u0131 ifade eden \u00c7imen, kat\u0131l\u0131mc\u0131lar\u0131n \u00f6nemli bir k\u0131sm\u0131n\u0131n k\u00fct\u00fcphane y\u00f6neticilerinden olu\u015ftu\u011funu aktard\u0131.<\/p>\n<p style=\"text-align: justify;\">AVRUPA K\u00dcT\u00dcPHANELER\u0130NE T\u00dcRK\u00c7E ER\u0130\u015e\u0130M<br \/>\nToplant\u0131daki konu ba\u015fl\u0131klar\u0131ndan biri olan, Avrupa k\u00fct\u00fcphanelerine T\u00fcrk\u00e7e eri\u015fimle ilgili de bilgi veren \u00c7imen, s\u00f6zlerini \u015f\u00f6yle s\u00fcrd\u00fcrd\u00fc: \u201cEuropeana Newspapers Online Projesi, Milli K\u00fct\u00fcphane Ba\u015fkanl\u0131\u011f\u0131 taraf\u0131ndan y\u00fcr\u00fct\u00fclen uluslararas\u0131 bir i\u015fbirli\u011finin sonucu hayata ge\u00e7mi\u015f bir proje. Europeana Projesi olarak yayg\u0131n \u015fekilde bulunuyor. Bir Avrupa dijital k\u00fct\u00fcphanesi olu\u015fturuluyor ve Avrupa&#8217;y\u0131 olu\u015fturan t\u00fcm toplumlar\u0131n ge\u00e7mi\u015ften gelen k\u00fclt\u00fcrel miras kay\u0131tlar\u0131 \u00f6nce elektronik ortama aktar\u0131l\u0131p ondan sonra da dijital olarak herhangi bir s\u0131n\u0131rlama olmaks\u0131z\u0131n b\u00fct\u00fcn kullan\u0131c\u0131lar\u0131n eri\u015fimine a\u00e7\u0131l\u0131yor. Milli K\u00fct\u00fcphane T\u00fcrkiye\u2019den temsilci olarak bu projede yer al\u0131yor. T\u00fcrkiye\u2019nin Europeana Projesi&#8217;nin i\u00e7erisinde yer almas\u0131 i\u00e7in \u00f6nemli \u00e7al\u0131\u015fmalar yapt\u0131lar. Bunun \u015f\u00f6yle bir avantaj\u0131 olacak. Biz hep i\u00e7eriye s\u0131n\u0131rl\u0131 eri\u015fimden ve yeterince i\u00e7erik sunulamad\u0131\u011f\u0131ndan \u015fikayet ederiz. Yap\u0131lan bu \u00e7al\u0131\u015fma umuyorum bir ilk ad\u0131m olacak ve t\u00fcm d\u00fcnyadan T\u00fcrk\u00e7e i\u00e7eri\u011fin daha \u00e7ok g\u00f6r\u00fclebilir bir platformu olacak.\u201d Projenin tan\u0131t\u0131mlar\u0131na ba\u015flan\u0131ld\u0131\u011f\u0131n\u0131 kaydeden \u00c7imen, bu hizmetin asl\u0131nda uzun s\u00fcredir kullan\u0131c\u0131lar\u0131n eri\u015fimine a\u00e7\u0131k oldu\u011funu, ancak yayg\u0131n \u015fekilde duyurular\u0131n yeni yap\u0131lmaya ba\u015fland\u0131\u011f\u0131n\u0131 belirtti.<\/p>\n<p style=\"text-align: justify;\">G\u00d6RSEL VE \u0130\u015e\u0130TSEL \u2018D\u0130G\u0130LAB\u2019 PROJES\u0130<br \/>\nANKOSLink toplant\u0131s\u0131nda yer alan projelerden bir tanesinin de g\u00f6rsel ve i\u015fitsel medyalar\u0131n tek platformu olan \u2018Digilab\u2019 Projesi oldu\u011fu belirtilirken, Proje Y\u00f6neticisi Taha Kayao\u011flu, Alternatif Medya olarak ge\u00e7ti\u011fimiz y\u0131l da bu toplant\u0131ya kat\u0131ld\u0131klar\u0131n\u0131 s\u00f6yledi.<\/p>\n<p style=\"text-align: justify;\">Alternatif Medya\u2019n\u0131n yay\u0131nc\u0131l\u0131k yapan bir kurulu\u015f oldu\u011funu kaydeden Kayao\u011flu, \u201cTek fark\u0131 bug\u00fcn burada bulunan bas\u0131l\u0131 yay\u0131nc\u0131l\u0131\u011f\u0131n bir t\u0131k \u00f6tesinde dijital yay\u0131nc\u0131l\u0131k anlam\u0131nda her t\u00fcrl\u00fc i\u015fi yapan, web tabanlar\u0131 video a\u011f\u0131rl\u0131kl\u0131 i\u015fler. Bizim burada olmam\u0131z\u0131n nedeni Digilab Projesi; Dijilab g\u00f6r\u00fcnt\u00fcl\u00fc ve sesli medyalar\u0131n depoland\u0131\u011f\u0131 bir platformdur. Bug\u00fcn Anadolu \u00fcniversiteleri k\u00fct\u00fcphanelerinde \u00e7e\u015fitli video i\u00e7erikli, film veya e\u011fitim materyali var. Fakat art\u0131k i\u00e7eri\u011finde g\u00f6r\u00fcnt\u00fc ve genel ses olacak. Art\u0131k \u00fcniversiteler bu t\u00fcr i\u00e7eriklere yat\u0131r\u0131m yap\u0131yorlar. B\u00fcy\u00fck \u015fehir \u00fcniversiteleri dahil olmak \u00fczere bin, 5 bin belki 10 bin tane film sat\u0131n al\u0131yorlar. Sonra onlar\u0131 ya kiral\u0131yorlar geri almak \u00fczere, fakat bu tarz DVD veya VCD&#8217;lerde \u00f6\u011frencilerin bunu \u00e7o\u011faltmas\u0131, telif hakk\u0131 sorunlar\u0131 olabiliyor ya da DVD bozuluyor ve de zahmetli bir i\u015f. Biz burada farkl\u0131 bir yol d\u00fc\u015f\u00fcnd\u00fck. Dedik ki; kurum kendi i\u00e7erisinde makinesinin i\u00e7erisine koysun ve bir tane t\u0131ka basarak DVD\u2019yi kendi serverlerinde y\u00fcklesinler\u201d \u015feklinde konu\u015ftu<\/p>\n<p style=\"text-align: justify;\">Art\u0131k herkesin geli\u015fen d\u00fcnyada iPad, iPhone ve bilgisayar gibi \u00f6zelliklere sahip oldu\u011funu belirten Kayao\u011flu, \u00fcniversitelerin bu sistemi ald\u0131\u011f\u0131 takdirde \u00f6\u011frencilerin bu program b\u00fcnyesindeki g\u00f6r\u00fcnt\u00fcleri kolayca izleyebilece\u011fini vurgulad\u0131. Kayao\u011flu konu\u015fmalar\u0131n\u0131 \u015f\u00f6yle s\u00fcrd\u00fcrd\u00fc: \u201cParalel element denilen mant\u0131kla art\u0131k g\u00f6r\u00fcnt\u00fclerin, DVD\u2019lerin depolama alanlar\u0131nda \u00e7ok b\u00fcy\u00fck yerler kaplamadan k\u00fc\u00e7\u00fck boyutlarla bir\u00e7ok DVD\u2019yi i\u00e7erisinde bar\u0131nd\u0131racak \u015fekilde \u2018digilab\u2019 teknolojisini geli\u015ftirdik. Bir videonun i\u00e7erisinde \u00e7e\u015fitli sesler, alt yaz\u0131lar vard\u0131r. Biz burada bir tane g\u00f6r\u00fcnt\u00fc yap\u0131p altlar\u0131ndaki b\u00fct\u00fcn sesleri ile alt yaz\u0131lar\u0131 birbirinden kopar\u0131yoruz. Bir sesi bir alt yaz\u0131 ile birlikte b\u00fcy\u00fck bir dosya olmaktansa hepsini ayr\u0131 ayr\u0131 g\u00f6r\u00fcp, k\u00fc\u00e7\u00fck bir dosya halinde depoluyoruz. Sistem \u00e7a\u011fr\u0131ld\u0131\u011f\u0131 zaman, mesela ses \u0130ngilizce, alt yaz\u0131 T\u00fcrk\u00e7e olsun dedi\u011fimizde, sadece altl\u0131\u011f\u0131na koyup d\u00fcz bir \u015fekilde g\u00f6t\u00fcrmesini sa\u011fl\u0131yorlar, depolama alan\u0131nda da yer kazan\u0131yorlar.\u201d\u0130nternetten izlenebilen g\u00f6r\u00fcnt\u00fclerle digilab sistemi aras\u0131ndaki farka da de\u011finen Kayao\u011flu, \u201c\u0130nternet gibi platformlar sadece \u00fcniversitede de\u011fil b\u00fct\u00fcn kurumlarda \u00e7e\u015fitli internet altyap\u0131s\u0131 gerektiriyor. E\u011fer \u00f6\u011frenci internetten buna eri\u015firse kurum i\u00e7erisindeki internet altyap\u0131s\u0131 bir s\u00fcre sonra a\u015fa\u011f\u0131lara d\u00fc\u015fer ve internet kullan\u0131m\u0131 artt\u0131\u011f\u0131ndan ba\u015fka insanlar interneti kullanamaz hale gelirler. Bu platform bunu da engelliyor. Kendi i\u00e7erisinde sadece lokal olarak \u00e7al\u0131\u015ft\u0131\u011f\u0131, herhangi internet kullan\u0131lmad\u0131\u011f\u0131 i\u00e7in \u00f6\u011frenciler \u00e7ok rahat bir \u015fekilde kullan\u0131r. Ne videoda bir yava\u015flama olur, ne de kurum internet yap\u0131s\u0131nda bir yava\u015flama olur\u201d dedi.<\/p>\n<p style=\"text-align: justify;\">Kaynak: http:\/\/www.beyazgazete.com\/<\/p>\n","protected":false},"excerpt":{"rendered":"<p>25-27 Nisan tarihleri aras\u0131nda Antalya Belek\u2019teki Maritime Kongre Merkezi&#8217;nde yap\u0131lan toplant\u0131ya; 150 farkl\u0131 kurumdan 300\u2019\u00fcn \u00fczerinde kurum temsilcisi, yay\u0131nc\u0131l\u0131k, k\u00fct\u00fcphane otomasyonu, k\u00fct\u00fcphane g\u00fcvenli\u011fi gibi alanlarda faaliyet g\u00f6steren 60\u2019dan fazla firmadan yakla\u015f\u0131k 200 firma temsilcinin kat\u0131laca\u011f\u0131 ve 47 firman\u0131n stant a\u00e7aca\u011f\u0131 belirtiliyor. ANKOS toplant\u0131s\u0131n\u0131n ilk defa bu y\u0131l ulusal ve b\u00f6lgesel bir toplant\u0131 \u00f6zelli\u011fine kavu\u015ftu\u011funu s\u00f6yleyen [&hellip;]<\/p>\n","protected":false},"author":1,"featured_media":0,"comment_status":"open","ping_status":"open","sticky":false,"template":"","format":"standard","meta":{"footnotes":""},"categories":[1537],"tags":[1015],"class_list":["post-10819","post","type-post","status-publish","format-standard","hentry","category-ankoslink","tag-ankos"],"_links":{"self":[{"href":"https:\/\/www.bbyhaber.com\/bby\/wp-json\/wp\/v2\/posts\/10819"}],"collection":[{"href":"https:\/\/www.bbyhaber.com\/bby\/wp-json\/wp\/v2\/posts"}],"about":[{"href":"https:\/\/www.bbyhaber.com\/bby\/wp-json\/wp\/v2\/types\/post"}],"author":[{"embeddable":true,"href":"https:\/\/www.bbyhaber.com\/bby\/wp-json\/wp\/v2\/users\/1"}],"replies":[{"embeddable":true,"href":"https:\/\/www.bbyhaber.com\/bby\/wp-json\/wp\/v2\/comments?post=10819"}],"version-history":[{"count":0,"href":"https:\/\/www.bbyhaber.com\/bby\/wp-json\/wp\/v2\/posts\/10819\/revisions"}],"wp:attachment":[{"href":"https:\/\/www.bbyhaber.com\/bby\/wp-json\/wp\/v2\/media?parent=10819"}],"wp:term":[{"taxonomy":"category","embeddable":true,"href":"https:\/\/www.bbyhaber.com\/bby\/wp-json\/wp\/v2\/categories?post=10819"},{"taxonomy":"post_tag","embeddable":true,"href":"https:\/\/www.bbyhaber.com\/bby\/wp-json\/wp\/v2\/tags?post=10819"}],"curies":[{"name":"wp","href":"https:\/\/api.w.org\/{rel}","templated":true}]}}