{"id":10793,"date":"2013-04-23T14:44:03","date_gmt":"2013-04-23T11:44:03","guid":{"rendered":"http:\/\/www.bbyhaber.com\/bby\/?p=10793"},"modified":"2013-04-23T14:44:54","modified_gmt":"2013-04-23T11:44:54","slug":"metrobuste-kitap-okuma-etkinligi-istanbul","status":"publish","type":"post","link":"https:\/\/www.bbyhaber.com\/bby\/2013\/04\/23\/metrobuste-kitap-okuma-etkinligi-istanbul","title":{"rendered":"Metrob\u00fcste kitap okuma etkinli\u011fi-\u0130stanbul"},"content":{"rendered":"<p style=\"text-align: justify;\"><a href=\"http:\/\/haber.stargazete.com\/imgsdisk\/2013\/04\/23\/230420131121481784840_2.jpg\"><img loading=\"lazy\" decoding=\"async\" class=\"alignleft\" src=\"http:\/\/haber.stargazete.com\/imgsdisk\/2013\/04\/23\/230420131121481784840_2.jpg\" alt=\"\" width=\"218\" height=\"150\" \/><\/a>\u0130stanbul&#8217;da, farkl\u0131 \u00fcniversitelerde e\u011fitim g\u00f6ren \u00f6\u011frenciler, T\u00fcrkiye&#8217;de kitap okuma oran\u0131n d\u00fc\u015f\u00fck olmas\u0131na dikkat \u00e7ekmek i\u00e7in metrob\u00fcste okuma etkinli\u011fi d\u00fczenledi. &#8216;Okub\u00fcs&#8217; slogan\u0131yla bir araya gelen \u00f6\u011frenciler metrob\u00fcste kitap okudu. \u0130stanbul K\u00fclt\u00fcr Akademi \u00fcyesi bir grup \u00f6\u011frenci, Avc\u0131lar metrob\u00fcs dura\u011f\u0131nda bir araya gelerek kitap okuma etkinli\u011fi d\u00fczenledi. \u00dczerinde &#8216;Anlamak i\u00e7in oku, bilmek i\u00e7in oku, metrob\u00fcste kitap okunur&#8217; yaz\u0131l\u0131 ti\u015f\u00f6rt giyen \u00f6\u011frenciler kendilerini izleyen vatanda\u015flar\u0131n \u015fa\u015fk\u0131n bak\u0131\u015flar\u0131 alt\u0131nda metrob\u00fcse bindi. Avc\u0131lar&#8217;dan Zincirlikuyu&#8217;ya kadar kitap okuyan \u00f6\u011frenciler, etkinlikle herkesi kitap okumaya davet etti.<!--more--><\/p>\n<p style=\"text-align: justify;\">\u0130stanbul K\u00fclt\u00fcr \u00dcniversitesi Hukuk Fak\u00fcltesi 2. s\u0131n\u0131f \u00f6\u011frencisi Yusuf Ahmet Dikici, T\u00fcrkiye&#8217;deki okuma oran\u0131n\u0131n \u00e7ok d\u00fc\u015f\u00fck olmas\u0131ndan dolay\u0131 b\u00f6yle bir etkinlik d\u00fczenlediklerini anlatt\u0131. Dikici, &#8220;\u0130nsanlar\u0131m\u0131za okuman\u0131n \u00f6nemini anlatmak i\u00e7in b\u00f6yle bir etkinli\u011fe kat\u0131ld\u0131k. \u0130nsanlar\u0131m\u0131z metrob\u00fcslerde, metrolarda ve tramvaylarda zamanlar\u0131 bo\u015f ge\u00e7mesine ra\u011fmen hi\u00e7bir \u015fekilde kitap okumuyorlar. Kitab\u0131 ge\u00e7tik en ufak bir \u015fey dahi okumuyorlar. Gazeteler ve g\u00fcnl\u00fck dergiler insanlar\u0131m\u0131z i\u00e7in al\u0131\u015f\u0131lagelmi\u015f bir \u015fey olmu\u015ftur. Bunlar\u0131 insanlar\u0131m\u0131za tekrar hat\u0131rlatabilmek i\u00e7in b\u00f6yle bir etkinlik yapma ihtiyac\u0131 duyduk.&#8221; diye konu\u015ftu.<\/p>\n<p style=\"text-align: justify;\">Etkinlikte yer alan Marmara \u00dcniversitesi \u0130\u015fletme Fak\u00fcltesi 3. s\u0131n\u0131f \u00f6\u011frencisi Abd\u00fclkadir Kutlu ise insanlar\u0131n dikkatini kitap okumaya \u00e7ekmek istediklerini kaydetti. T\u00fcrkiye&#8217;de insanlar\u0131n \u00e7ok fazla kitap okumad\u0131\u011f\u0131n\u0131 s\u00f6yleyen Kutlu, toplu ta\u015f\u0131ma ara\u00e7lar\u0131nda ge\u00e7irilen zaman\u0131n okuyarak de\u011ferlendirmesi gerekti\u011fini belirtti. Kutlu, &#8220;D\u00fcnya \u00e7ap\u0131nda 40 \u00fclkede yap\u0131lan bir ara\u015ft\u0131rmaya g\u00f6re baz\u0131 \u00fclkelerde kitap okuma oran\u0131 \u00e7ok d\u00fc\u015f\u00fck ve maalesef T\u00fcrkiye&#8217;de bu \u00fclkeler aras\u0131nda yer al\u0131yor. Bu ara\u015ft\u0131rmaya g\u00f6re Almanya&#8217;da bir ki\u015finin g\u00fcnl\u00fck kitap okuma s\u00fcresi 24 dakikad\u0131r. Bu durum T\u00fcrkiye&#8217;de sadece ve sadece 12 saniye olarak belirlenmi\u015f.&#8221; ifadelerini kulland\u0131.<\/p>\n<p style=\"text-align: justify;\">Kaynak: http:\/\/haber.stargazete.com<\/p>\n","protected":false},"excerpt":{"rendered":"<p>\u0130stanbul&#8217;da, farkl\u0131 \u00fcniversitelerde e\u011fitim g\u00f6ren \u00f6\u011frenciler, T\u00fcrkiye&#8217;de kitap okuma oran\u0131n d\u00fc\u015f\u00fck olmas\u0131na dikkat \u00e7ekmek i\u00e7in metrob\u00fcste okuma etkinli\u011fi d\u00fczenledi. &#8216;Okub\u00fcs&#8217; slogan\u0131yla bir araya gelen \u00f6\u011frenciler metrob\u00fcste kitap okudu. \u0130stanbul K\u00fclt\u00fcr Akademi \u00fcyesi bir grup \u00f6\u011frenci, Avc\u0131lar metrob\u00fcs dura\u011f\u0131nda bir araya gelerek kitap okuma etkinli\u011fi d\u00fczenledi. \u00dczerinde &#8216;Anlamak i\u00e7in oku, bilmek i\u00e7in oku, metrob\u00fcste kitap okunur&#8217; [&hellip;]<\/p>\n","protected":false},"author":1,"featured_media":0,"comment_status":"open","ping_status":"open","sticky":false,"template":"","format":"standard","meta":{"footnotes":""},"categories":[1],"tags":[],"class_list":["post-10793","post","type-post","status-publish","format-standard","hentry","category-genel"],"_links":{"self":[{"href":"https:\/\/www.bbyhaber.com\/bby\/wp-json\/wp\/v2\/posts\/10793"}],"collection":[{"href":"https:\/\/www.bbyhaber.com\/bby\/wp-json\/wp\/v2\/posts"}],"about":[{"href":"https:\/\/www.bbyhaber.com\/bby\/wp-json\/wp\/v2\/types\/post"}],"author":[{"embeddable":true,"href":"https:\/\/www.bbyhaber.com\/bby\/wp-json\/wp\/v2\/users\/1"}],"replies":[{"embeddable":true,"href":"https:\/\/www.bbyhaber.com\/bby\/wp-json\/wp\/v2\/comments?post=10793"}],"version-history":[{"count":0,"href":"https:\/\/www.bbyhaber.com\/bby\/wp-json\/wp\/v2\/posts\/10793\/revisions"}],"wp:attachment":[{"href":"https:\/\/www.bbyhaber.com\/bby\/wp-json\/wp\/v2\/media?parent=10793"}],"wp:term":[{"taxonomy":"category","embeddable":true,"href":"https:\/\/www.bbyhaber.com\/bby\/wp-json\/wp\/v2\/categories?post=10793"},{"taxonomy":"post_tag","embeddable":true,"href":"https:\/\/www.bbyhaber.com\/bby\/wp-json\/wp\/v2\/tags?post=10793"}],"curies":[{"name":"wp","href":"https:\/\/api.w.org\/{rel}","templated":true}]}}