{"id":1076,"date":"2011-02-03T16:05:45","date_gmt":"2011-02-03T16:05:45","guid":{"rendered":"http:\/\/www.bbyhaber.com\/bby\/?p=1076"},"modified":"2012-10-01T09:42:34","modified_gmt":"2012-10-01T06:42:34","slug":"tokat-il-halk-kutuphanes%e2%80%8binin-tartisma-yaratan-bir-uygulamasi-sansur","status":"publish","type":"post","link":"https:\/\/www.bbyhaber.com\/bby\/2011\/02\/03\/tokat-il-halk-kutuphanes%e2%80%8binin-tartisma-yaratan-bir-uygulamasi-sansur","title":{"rendered":"Tokat \u0130l Halk K\u00fct\u00fcphanes\u200bi&#8217;nin Tart\u0131\u015fma Yaratan Bir Uygulamas\u0131-SANS\u00dcR"},"content":{"rendered":"<div style=\"text-align: justify;\">\n<p style=\"text-align: justify;\" align=\"justify\">T\u00fcrk K\u00fct\u00fcphaneciler Derne\u011fi D\u00fc\u015f\u00fcnce \u00d6zg\u00fcrl\u00fc\u011f\u00fc Grubu TKD D\u00d6G, T\u00fcrkiye\u2019de bilgi hizmetleri alan\u0131nda \u00e7al\u0131\u015fanlar\u0131n d\u00fc\u015f\u00fcnce \u00f6zg\u00fcrl\u00fc\u011f\u00fc konusundaki duyarl\u0131l\u0131klar\u0131n\u0131 geli\u015ftirme; k\u00fct\u00fcphane, ar\u015fiv gibi bilgi merkezlerinde d\u00fc\u015f\u00fcnce \u00f6zg\u00fcrl\u00fc\u011f\u00fcne uymayan, sans\u00fcr anlam\u0131na gelecek uygulamalara dikkat \u00e7ekerek, bu uygulamalar\u0131 azaltma ve olanakl\u0131ysa ortadan kald\u0131r\u0131lmas\u0131na katk\u0131da bulunma amac\u0131yla kurulmu\u015f olan ve bu y\u00f6nde \u00e7aba harcayan g\u00f6n\u00fcll\u00fc bir \u00e7al\u0131\u015fma grubudur.<!--more--> Bu \u00e7er\u00e7evede 2008 y\u0131l\u0131nda bir Bildirge haz\u0131rlam\u0131\u015f; Ankara ve \u0130stanbul\u2019da bu konuda birer \u00e7al\u0131\u015ftay d\u00fczenlemi\u015ftir. \u00c7al\u0131\u015fmalar\u0131n\u0131 s\u00fcrd\u00fcrmeyi planlayan TKD D\u00d6G d\u00fc\u015f\u00fcnce \u00f6zg\u00fcrl\u00fc\u011f\u00fc konusunda t\u00fcm bilgi \u00e7al\u0131\u015fanlar\u0131 i\u00e7in temel ilkeler olmas\u0131 gerekti\u011fine inand\u0131\u011f\u0131 ve mesleki eti\u011fin de ana \u00e7er\u00e7evesini olu\u015fturan baz\u0131 \u00f6n kabullerle yola \u00e7\u0131km\u0131\u015ft\u0131r. Bunlar;<\/p>\n<p style=\"text-align: justify;\" align=\"justify\">1. Bilgi hizmetleri alan\u0131nda sans\u00fcr, bilgi kaynaklar\u0131n\u0131n se\u00e7imi, d\u00fczenlenmesi ve hizmete sunulmas\u0131nda mesleki \u00f6l\u00e7\u00fctler yerine siyasi, ideolojik, dinsel, ticari vb. \u00f6znel \u00f6l\u00e7\u00fctlerle davranmak anlam\u0131na gelmektedir.<br \/>\n2. D\u00fc\u015f\u00fcnce \u00f6zg\u00fcrl\u00fc\u011f\u00fcn\u00fcn bilgi hizmetlerine yans\u0131yan yan\u0131, kullan\u0131c\u0131lar\u0131n bilgiye eri\u015fiminde e\u015fitlik\u00e7i davranmay\u0131 zorunlu k\u0131lar.<br \/>\n3. Bilgi alan\u0131nda \u00e7al\u0131\u015fanlar d\u00fc\u015f\u00fcnce \u00f6zg\u00fcrl\u00fc\u011f\u00fcnden yana davran\u0131rlar ve sans\u00fcre kar\u015f\u0131 \u00e7\u0131karlar. Bilgi hizmetlerinde sans\u00fcr anlam\u0131na gelebilecek en k\u00fc\u00e7\u00fck bir uygulama dahi hi\u00e7bir ko\u015ful ve zamanda savunulamaz.<\/p>\n<p style=\"text-align: justify;\" align=\"justify\">S\u00f6z\u00fc edilen bu \u00f6n kabuller mesle\u011fimizin evrensel d\u00fczeyde benimsenmi\u015f temel ilkeleridir.<\/p>\n<p style=\"text-align: justify;\" align=\"justify\">Grubun kurulmas\u0131na kaynakl\u0131k eden bir ba\u015fka verili durum ise, \u201cT\u00fcrkiye\u2019de mesle\u011fimize ili\u015fkin d\u00fc\u015f\u00fcnce \u00f6zg\u00fcrl\u00fc\u011f\u00fc bilincinin geli\u015ftirilmesine gereksinim oldu\u011fu\u201d belirlemesi idi. Bu \u00e7er\u00e7evede Grup, TKD ad\u0131na, \u00fclkemizdeki bilgi merkezlerinde sans\u00fcr ile m\u00fccadele etmeyi ana hedef olarak belirlemi\u015ftir.<\/p>\n<p style=\"text-align: justify;\" align=\"justify\">Bu mesaja da konu olan, Grubun bir sans\u00fcr uygulamas\u0131 olarak de\u011ferlendirilece\u011fini d\u00fc\u015f\u00fcnd\u00fc\u011f\u00fc ve yanl\u0131\u015fl\u0131\u011f\u0131na ili\u015fkin duyarl\u0131l\u0131\u011f\u0131n\u0131 meslekta\u015flarla payla\u015fmay\u0131 tercih etti\u011fi olay Tokat\u2019\u0131n Zile \u0130l\u00e7e Halk K\u00fct\u00fcphanesi\u2019nde k\u00fct\u00fcphaneci olarak \u00e7al\u0131\u015fan ve meslekte deneyimli bir meslekta\u015f\u0131m\u0131z\u0131n hepimize aktard\u0131\u011f\u0131 bir uygulama idi. Meslekta\u015f\u0131m\u0131z\u0131n son derece duyarl\u0131 yakla\u015f\u0131m\u0131 anlam\u0131na gelen bu payla\u015f\u0131m\u0131 T\u00fcrkiye\u2019deki k\u00fct\u00fcphanelerde sans\u00fcr\u00fcn hala fark\u0131nda olunarak ya da olunmayarak, iyi niyetle ya da k\u00f6t\u00fc niyetle varl\u0131\u011f\u0131n\u0131 korudu\u011funu ortaya koyan bir ger\u00e7e\u011fin dile getirilmesiydi. Ancak bu meslekta\u015f\u0131m\u0131za ve TKD D\u00d6G\u2019e bir ba\u015fka meslekta\u015f\u0131n yan\u0131t\u0131 durumun \u201cvehametini\u201d art\u0131rm\u0131\u015ft\u0131r.<\/p>\n<p style=\"text-align: justify;\" align=\"justify\">Tokat \u0130l Halk K\u00fct\u00fcphanesi ve Zile \u0130l\u00e7e Halk K\u00fct\u00fcphanesi\u2019nin konu oldu\u011fu olay, \u0130lgili \u0130l Halk K\u00fct\u00fcphanesi M\u00fcd\u00fcr\u00fc ve sorunu dile getiren Zile \u0130l\u00e7e Halk K\u00fct\u00fcphanesi k\u00fct\u00fcphanecisi meslekta\u015f\u0131m\u0131z ile yap\u0131lan g\u00f6r\u00fc\u015fmelerden elde edilen bilgilere g\u00f6re \u00f6zetle \u015f\u00f6yledir:<\/p>\n<p style=\"text-align: justify;\" align=\"justify\">K\u00fclt\u00fcr ve Turizm Bakanl\u0131\u011f\u0131 KYGM\u2019nin Tokat Valili\u011fi\u2019ne 29.07.2010 tarih ve 101958 say\u0131l\u0131 yaz\u0131s\u0131 ile \u201chalk k\u00fct\u00fcphanelerine al\u0131nacak kitaplar\u0131n se\u00e7iminde okuyucu istekleri ve g\u00fcncellik\u201d \u00f6l\u00e7\u00fctlerine dikkat \u00e7ekilmi\u015f ve Tokat \u0130l Halk K\u00fct\u00fcphanesine Zile il\u00e7esindeki 2 halk k\u00fct\u00fcphanesi i\u00e7in 2 000 TL kitap al\u0131m \u00f6dene\u011fi g\u00f6nderilmi\u015ftir. Bunun \u00fczerine Zile \u0130l\u00e7e Halk K\u00fct\u00fcphanesi\u2019nde \u00e7al\u0131\u015fan 2 k\u00fct\u00fcphaneci meslekta\u015f\u0131m\u0131z Genel M\u00fcd\u00fcrl\u00fc\u011f\u00fcn de dikkat \u00e7ekti\u011fi ve zaten halk k\u00fct\u00fcphaneleri i\u00e7in olmas\u0131 gereken \u00f6l\u00e7\u00fctler \u0131\u015f\u0131\u011f\u0131nda 87 adet kitap belirlemi\u015f ve al\u0131nmas\u0131 istemi ve Zile Kaymakaml\u0131\u011f\u0131\u2019n\u0131n 1.09.2010 tarih ve 198 say\u0131l\u0131 yaz\u0131s\u0131 ile listeyi Tokat \u0130l Halk K\u00fct\u00fcphanesine iletmi\u015ftir. Bir s\u00fcre sonra Tokat \u0130l Halk K\u00fct\u00fcphanesi taraf\u0131ndan sat\u0131n al\u0131narak Zile \u0130l\u00e7e Halk K\u00fct\u00fcphanesi\u2019ne g\u00f6nderilen kitaplar aras\u0131nda listeden sadece 5 kitap oldu\u011fu g\u00f6r\u00fclm\u00fc\u015ft\u00fcr. Hem Zile \u0130l\u00e7e Halk K\u00fct\u00fcphanesinin yapt\u0131\u011f\u0131 liste hem de \u0130l Halk K\u00fct\u00fcphanesi\u2019nin g\u00f6nderdi\u011fi liste elimizde bulunmaktad\u0131r. \u0130l Halk K\u00fct\u00fcphanesi taraf\u0131ndan g\u00f6nderilen kitaplar\u0131n a\u011f\u0131rl\u0131kla bir g\u00f6r\u00fc\u015f\u00fc yans\u0131tt\u0131\u011f\u0131 s\u00f6ylenebilir. (\u0130steyen meslekta\u015flar\u0131m\u0131za g\u00f6nderebiliriz.) Ancak bunun yan\u0131 s\u0131ra \u0130l\u00e7enin, kendi okuyucu profiline g\u00f6re olu\u015fturdu\u011fu ve &#8211;kan\u0131m\u0131zca mesleki \u00f6l\u00e7\u00fctlere uygun say\u0131labilecek liste hi\u00e7 dikkate al\u0131nmam\u0131\u015ft\u0131r. \u0130l Halk K\u00fct\u00fcphanesi M\u00fcd\u00fcr\u00fcn\u00fcn bu sorumuza verdi\u011fi yan\u0131t, \u201clistenin kendilerine k\u00fct\u00fcphanedeki in\u015faat i\u015fleri nedeniyle ula\u015fmam\u0131\u015f olabilece\u011fi, durumun bu y\u0131la \u00f6zg\u00fc oldu\u011fu ve ortada b\u00fcy\u00fct\u00fclecek bir sorun olmad\u0131\u011f\u0131\u201d y\u00f6n\u00fcnde idi. (Oysa yaz\u0131 yukar\u0131da belirtilen say\u0131 ve tarih ile il\u00e7e halk k\u00fct\u00fcphanesi taraf\u0131ndan kendilerine g\u00f6nderilmi\u015ftir.) Listeye \u0130l Halk K\u00fct\u00fcphanesi m\u00fcd\u00fcr\u00fcn\u00fcn ya da m\u00fcd\u00fcrl\u00fck ad\u0131na yetkili bir meslekta\u015f\u0131n (konu ile ilgili g\u00f6r\u00fc\u015fmemizde \u0130l Halk K\u00fct\u00fcphanesi M\u00fcd\u00fcr\u00fc, k\u00fct\u00fcphanecisinin g\u00f6nderdi\u011fi mesaj\u0131 hen\u00fcz okumad\u0131\u011f\u0131n\u0131 belirtmi\u015ftir.) kaleme alaca\u011f\u0131 bu i\u00e7erikteki bir mesaj, durumun, \u201cal\u0131nan kitaplar\u0131n a\u011f\u0131rl\u0131kla belirli g\u00f6r\u00fc\u015f do\u011frultusunda olmas\u0131\u201d g\u00f6z ard\u0131 edilmeden, de\u011ferlendirilmesini ku\u015fkusuz kolayla\u015ft\u0131racakt\u0131. Ancak bu yap\u0131lmam\u0131\u015f, uygulaman\u0131n sorumlusu olup-olmad\u0131\u011f\u0131n\u0131 bilmedi\u011fimiz Tokat \u0130l Halk K\u00fct\u00fcphanesi\u2019nden bir ba\u015fka meslekta\u015f\u0131m\u0131z\u0131n \u0130l\u00e7e Halk K\u00fct\u00fcphanecisini, Grubumuzu ve Derne\u011fimizi su\u00e7layan, \u201csayg\u0131\u201d s\u0131n\u0131rlar\u0131 i\u00e7inde ifade edilemeyecek ve en hafif tabirle \u201cuygun olmayan\u201d yan\u0131t\u0131 bu a\u00e7\u0131klamay\u0131 zorunlu k\u0131lm\u0131\u015ft\u0131r.<\/p>\n<p style=\"text-align: justify;\" align=\"justify\">1. Tokat \u0130l Halk K\u00fct\u00fcphanesi\u2019nin s\u00f6z konusu olaydaki tutumu sans\u00fcr anlam\u0131na gelecek bir uygulamad\u0131r. Hangi ideoloji ya da inan\u00e7la yap\u0131lm\u0131\u015f olursa olsun kitap se\u00e7iminde mesleki \u00f6l\u00e7\u00fctler d\u0131\u015f\u0131nda yap\u0131lan se\u00e7imler sans\u00fcrd\u00fcr. K\u00fct\u00fcphaneler elbette ideolojik ya da inan\u00e7 ile ilgili yay\u0131nlar alabilir. Ancak bunda tek tarafl\u0131 se\u00e7im sans\u00fcr anlam\u0131na gelir. Bu konuda isterse s\u00f6z konusu il halk k\u00fct\u00fcphanesi her iki listeyi de kutup-l e g\u00f6nderebilir ve bu konudaki de\u011ferlendirmeyi meslekta\u015flar yapabilir.<br \/>\n2. \u0130l Halk K\u00fct\u00fcphaneleri yasal olarak son karar verici de olsa \u0130l\u00e7esinin g\u00f6r\u00fc\u015f\u00fcn\u00fc de dikkate almas\u0131 etik bir gerekliliktir. Ayr\u0131ca \u00f6teden beri halk k\u00fct\u00fcphanelerinin yerel kurumlar oldu\u011fu, her birisinin okuyucu profilinin farkl\u0131 oldu\u011fu ve bu nedenle yay\u0131n se\u00e7imlerini kendilerinin yapmas\u0131 gerekti\u011fini savunmuyor muyuz? Halk k\u00fct\u00fcphaneleri i\u00e7in do\u011fru olan da bu de\u011fil mi? Bu do\u011fruyu ad\u0131 ge\u00e7en \u0130l\u00e7e i\u00e7in neden yok sayal\u0131m?<br \/>\n3. Listenin kendilerine ula\u015fmam\u0131\u015f olmas\u0131 da bu olayda hakl\u0131 bir gerek\u00e7e olamaz. \u0130l Halk K\u00fct\u00fcphanesinin il\u00e7elerin, k\u00fct\u00fcphanecisi varsa, g\u00f6r\u00fc\u015f\u00fcn\u00fc sormas\u0131, isteklerini almas\u0131 d\u00fc\u015f\u00fcnce \u00f6zg\u00fcrl\u00fc\u011f\u00fc ad\u0131na daha do\u011fru olmaz m\u0131? Bu konuda dile getirilen baz\u0131 b\u00fcrokratik gereklilikler yasal olarak do\u011fru olmakla birlikte temel ilke d\u00fc\u015f\u00fcnce \u00f6zg\u00fcrl\u00fc\u011f\u00fc olmal\u0131d\u0131r.<br \/>\n4. Tokat \u0130l Halk K\u00fct\u00fcphanesi ad\u0131na m\u0131 yoksa ki\u015fisel olarak m\u0131 yan\u0131t verdi\u011fi anla\u015f\u0131lmayan meslekta\u015f\u0131m\u0131z\u0131n olay\u0131 d\u00fc\u015f\u00fcnce \u00f6zg\u00fcrl\u00fc\u011f\u00fc a\u00e7\u0131s\u0131ndan de\u011ferlendirmek yerine, ba\u011flam\u0131n\u0131n da anlam\u0131n\u0131 de\u011fi\u015ftirmedi\u011fi \u201cGEREKT\u0130\u011e\u0130NDE SANS\u00dcR de yapar\u0131m, yapt\u0131m da\u2026\u201d c\u00fcmlesi, \u201cbir k\u00fct\u00fcphaneciyi sans\u00fcr\u00fc savunma\u201d noktas\u0131na g\u00f6t\u00fcrebilecek, meslek olarak ve tabi TKD D\u00d6G olarak i\u015fimizin hi\u00e7 de kolay olmad\u0131\u011f\u0131n\u0131 ve almam\u0131z gereken epeyce yol oldu\u011funu ortaya koymaktad\u0131r. Meslekta\u015flar\u0131m\u0131z\u0131n b\u00f6yle bir c\u00fcmleyi asla s\u00f6ylememeleri ve bu y\u00f6nde davranmamalar\u0131 gerekti\u011fi a\u00e7\u0131kt\u0131r. Meslekta\u015f\u0131m\u0131z\u0131n, \u201ckitab\u0131 ben de okudum ve bir \u00e7ocuk psikolo\u011funa\/psikolo\u011fa, rehber \u00f6\u011fretmene vb. dan\u0131\u015ft\u0131m, onlar\u0131n da olumlu g\u00f6r\u00fc\u015flerine uyarak kitab\u0131 \u00e7ocuk dermesinden \u00e7\u0131kard\u0131k\u201d bi\u00e7iminde bir a\u00e7\u0131klamas\u0131 daha uygun olmaz m\u0131yd\u0131? B\u00f6yle yap\u0131lsayd\u0131 s\u00f6z\u00fc edilen uygulama ku\u015fkusuz sans\u00fcr olarak de\u011ferlendirilemezdi.<br \/>\n5. TKD D\u00d6G\u2019\u00fcn s\u00f6z konusu olay hakk\u0131nda \u00f6n yarg\u0131l\u0131 davrand\u0131\u011f\u0131 ve erken tepki verdi\u011fi ele\u015ftirisi, \u201cerken tepki verme\u201d a\u00e7\u0131s\u0131ndan belirli \u00f6l\u00e7\u00fcde do\u011frudur. Ancak olay\u0131n i\u00e7eri\u011fi TKD D\u00d6G\u2019\u00fcn ele\u015ftirisini yanl\u0131\u015flamamaktad\u0131r. Kald\u0131 ki, TKD D\u00d6G, ele\u015ftirisinde olas\u0131l\u0131ksal bir dil kullanm\u0131\u015f, \u201cE\u011fer bu sonucun olu\u015fmas\u0131nda k\u00fct\u00fcphanecilerin katk\u0131s\u0131 varsa\u2026\u201d diyerek, kesin bir ifadeden ka\u00e7\u0131nm\u0131\u015ft\u0131r. Ayr\u0131ca, utan\u00e7 duyulan\u0131n \u201cki\u015fi\u201d de\u011fil \u201colay\/durum\u201d oldu\u011fu da a\u00e7\u0131kt\u0131r. Ke\u015fke, olay\u0131n i\u00e7eri\u011fi yanl\u0131\u015f olsayd\u0131. Biz b\u00f6yle bir konuda \u00f6z\u00fcr dilemekten mesle\u011fimiz ad\u0131na sevin\u00e7 duyard\u0131k. \u00dclkemiz k\u00fct\u00fcphanelerinde sans\u00fcr yok, aksine mesleki duyarl\u0131l\u0131k var diye sevinirdik.<br \/>\n6. Bir meslekta\u015f bir ba\u015fka meslekta\u015f\u0131 i\u00e7in \u201cNice elbiseler g\u00f6rd\u00fcm, i\u00e7inde insan yok\u201d gibi bir ifadeyi nas\u0131l kullanabilir? Birbirimizin d\u00fc\u015fman\u0131 m\u0131y\u0131z? Varsayal\u0131m ki meslekta\u015f\u0131m\u0131z yanl\u0131\u015f bir bilgi verdi. Siz do\u011frusunu s\u00f6ylersiniz, herkes \u00f6\u011frenir, yanl\u0131\u015f yapan zaten yanl\u0131\u015f\u0131n\u0131 anlar, do\u011fruyu bulmu\u015f oluruz. Birbirimize nezaket i\u00e7inde davranmak\/ele\u015ftirmek daha do\u011fru bir yakla\u015f\u0131m olmaz m\u0131? Bu kadar incitici \u00fcslup kullanmak zorunda m\u0131y\u0131z? Kald\u0131 ki, Zile\u2019li meslekta\u015f\u0131m\u0131z\u0131n olay\u0131 aktar\u0131\u015f\u0131nda ve TKD D\u00d6G\u2019\u00fcn ele\u015ftirisinde bir ki\u015fiselle\u015ftirme, isim anma, hakaret yoktur ve olay tabanl\u0131d\u0131r. TKD D\u00d6G meslekta\u015flara hakaret etmeyi akl\u0131ndan bile ge\u00e7irmez. Ancak sans\u00fcr kar\u015f\u0131s\u0131nda da kararl\u0131 bir dil kullanmaktan \u00e7ekinmez. Evet, \u201csans\u00fcr bir olgu olarak, hele de g\u00fcn\u00fcm\u00fczde, bir utan\u00e7 kayna\u011f\u0131d\u0131r\u201d. Farkl\u0131 d\u00fc\u015f\u00fcnmek evrensel nitelikli meslek eti\u011fine temelden kar\u015f\u0131 \u00e7\u0131kmakt\u0131r. TKD D\u00d6G\u2019\u00fcn bu olayda s\u00f6yledi\u011fi budur.<br \/>\n7. Bir meslekta\u015f\u0131n ki\u015fisel olarak bir tak\u0131m eksikliklerinin oldu\u011funu varsaysa da meslek \u00f6rg\u00fct\u00fcne kar\u015f\u0131 bu denli kolay nitelemelerde bulunmas\u0131, deyim yerindeyse \u201cbir d\u00fc\u015fman gibi alg\u0131lamas\u0131\u201d kayg\u0131 vericidir. \u00dcz\u00fcc\u00fcd\u00fcr. Ele\u015ftiriler \u00e7ok daha sayg\u0131l\u0131 bir dille temellendirilebilir.<\/p>\n<p style=\"text-align: justify;\" align=\"justify\">Tokat \u0130l Halk K\u00fct\u00fcphanesi olay\u0131, bir ger\u00e7e\u011fi meslek grubu olarak ciddi bi\u00e7imde d\u00fc\u015f\u00fcnmemiz gerekti\u011fini ortaya koymaktad\u0131r VE GENEL TEMMEN\u0130LER OLARAK \u015eUNLAR S\u00d6YLENEB\u0130L\u0130R:<\/p>\n<p style=\"text-align: justify;\" align=\"justify\">B\u0130R K\u00dcT\u00dcPHANEC\u0130 SANS\u00dcRDEN YANA DAVRANMAMALIDIR. NE YAZIK K\u0130 \u00dcLKEM\u0130ZDE BU SORUN VARDIR VE BELK\u0130 DE YAYGINDIR. BU KABUL ED\u0130LEMEZ B\u0130R DURUMDUR.<\/p>\n<p style=\"text-align: justify;\" align=\"justify\">SEVG\u0130L\u0130 MESLEKTA\u015eLAR!<\/p>\n<p style=\"text-align: justify;\" align=\"justify\">SANS\u00dcRE KAR\u015eI OLMALIYIZ, B\u0130R K\u00dcT\u00dcPHANEC\u0130 SANS\u00dcRDEN YANA OLAMAZ! NE OKUYACA\u011eIMIZ YA DA K\u0130\u015e\u0130SEL K\u0130TAPLI\u011eIMIZDA NE T\u00dcR YAYINLARI BULUNDURACA\u011eIMIZ B\u0130Z\u0130M G\u00d6NL\u00dcM\u00dcZE KALMI\u015eTIR. ANCAK B\u0130R KAMU K\u00dcT\u00dcPHANES\u0130NDE \u0130NSANLARIN NE OKUYACA\u011eINI DUYGULARIMIZLA, S\u0130YAS\u0130 D\u00dc\u015e\u00dcNCE YA DA \u0130NANCIMIZLA BEL\u0130RLEYEMEY\u0130Z\/BEL\u0130RLEMEMEL\u0130Y\u0130Z.<\/p>\n<p style=\"text-align: justify;\" align=\"justify\">L\u00dcTFEN K\u00dcT\u00dcPHANELER\u0130M\u0130ZE KAYNAK SE\u00c7ERKEN TEK YANLI DE\u011e\u0130L, HER G\u00d6R\u00dc\u015eTEN KAYNA\u011eI \u0130\u00c7ERECEK B\u0130\u00c7\u0130MDE DAVRANALIM. AKS\u0130, SANS\u00dcRD\u00dcR.<\/p>\n<p style=\"text-align: justify;\" align=\"justify\">TKD D\u00d6G olarak \u00fclkemizde mesle\u011fimize ili\u015fkin sans\u00fcre kar\u015f\u0131 kararl\u0131 bi\u00e7imde \u00e7aba harcayaca\u011f\u0131m\u0131z\u0131, bu t\u00fcrden olumsuz olaylar\u0131n \u00fcst\u00fcne gidece\u011fimizi, bu olaylar\u0131 meslekta\u015flar\u0131m\u0131z ile a\u00e7\u0131k\u00e7a payla\u015faca\u011f\u0131m\u0131z\u0131, k\u0131nayaca\u011f\u0131m\u0131z\u0131 ve gerekti\u011finde mesleki yapt\u0131r\u0131mlar uygulanmas\u0131 i\u00e7in giri\u015fimlerde bulunaca\u011f\u0131m\u0131z\u0131 belirtmek isteriz.<\/p>\n<p style=\"text-align: justify;\">Bilginize sayg\u0131lar\u0131m\u0131zla sunar\u0131z.<\/p>\n<p style=\"text-align: justify;\"><span style=\"color: #ff0000;\"><strong>\u0130K\u0130NC\u0130 A\u00c7IKLAMA (07\/02\/2011):<\/strong><\/span><\/p>\n<p style=\"text-align: justify;\">TOKAT \u0130l Halk K\u00fct\u00fcphanesi\u2019nin Zile \u0130l\u00e7e Halk K\u00fct\u00fcphanesi ile ilgili etik olmayan uygulamasina ili\u015fkin olarak hem il halk k\u00fct\u00fcphanesi hem de ki\u015fisel olarak verilen yan\u0131tlara ili\u015fkin a\u00e7\u0131klama a\u015fa\u011f\u0131dad\u0131r.<br \/>\n1. Tart\u0131\u015fma yaratan durum ki\u015fi ya da ki\u015filerle ilgili de\u011fil, d\u00fc\u015f\u00fcnce \u00f6zg\u00fcrl\u00fc\u011f\u00fcne uygun olmayan bir uygulamad\u0131r. Konuyu ki\u015fisel ve duygusal boyuta ta\u015f\u0131mak, tart\u0131\u015fma zeminini ba\u015fka y\u00f6ne kayd\u0131rmak anlaml\u0131 de\u011fildir. Tart\u0131\u015fma konusu TKD D\u00d6G de\u011fil, ad\u0131 ge\u00e7en ilde ger\u00e7ekle\u015fen bir uygulamad\u0131r.<\/p>\n<p>2. Olay, TKD D\u00d6G ile ad\u0131 ge\u00e7en ki\u015fi ya da ki\u015filer aras\u0131nda bir olay de\u011fildir. Olay, t\u00fcm k\u00fct\u00fcphaneleri ve k\u00fct\u00fcphanecileri yak\u0131ndan ilgilendiren ve d\u00fc\u015f\u00fcnce \u00f6zg\u00fcrl\u00fc\u011f\u00fcne uymayan bir uygulamad\u0131r. Tart\u0131\u015f\u0131lmas\u0131 gereken sorun \u00fclkemizde bir k\u00fct\u00fcphanecinin \u201cGerekirse sans\u00fcr uygular\u0131m, uygulad\u0131m da\u2026\u201d diyebilmesi ve bu g\u00f6r\u00fc\u015f\u00fcn\u00fc hala \u201csavunabiliyor\u201d olmas\u0131d\u0131r. Hi\u00e7bir yerel ko\u015ful sans\u00fcr\u00fc hakl\u0131 k\u0131lamaz. Benzer bir uygulama kim taraf\u0131ndan nerede yap\u0131l\u0131rsa yap\u0131ls\u0131n TKD D\u00d6G\u2019\u00fcn yakla\u015f\u0131m\u0131 ayn\u0131 olacakt\u0131r.<\/p>\n<p>3. T\u00fcrk K\u00fct\u00fcphaneciler Derne\u011fi ad\u0131na \u00e7al\u0131\u015fan TKD D\u00d6G\u2019\u00fc, Dernekten ayr\u0131 \u00e7al\u0131\u015fan bir grupmu\u015f gibi g\u00f6stermenin uygun olmayaca\u011f\u0131 a\u00e7\u0131kt\u0131r. Kald\u0131 ki, Genel Ba\u015fkan\u0131 da dahil olmak \u00fczere TKD Genel Merkez Y\u00f6netim Kurulu \u00fcyesi 3 meslekta\u015f\u0131m\u0131z da bu Grubun halen \u00fcyesidir<\/p>\n<p>4. Olay\u0131n muhataplar\u0131 olarak Tokat \u0130l Halk K\u00fct\u00fcphanesi ve Zile \u0130l\u00e7e Halk K\u00fct\u00fcphanesi, ad\u0131 ge\u00e7en hocam\u0131z taraf\u0131ndan TKD D\u00d6G ad\u0131na aranm\u0131\u015ft\u0131r. \u0130lgili hocam\u0131z TKD D\u00d6G\u2019\u00fcn kurucular\u0131 aras\u0131ndad\u0131r ve halen de \u00fcyesidir. Bu g\u00f6r\u00fc\u015fmeler sadece ilgili taraflardan bilgi almak ad\u0131na ger\u00e7ekle\u015fmi\u015f ve o \u00e7er\u00e7evede kalm\u0131\u015ft\u0131r. G\u00f6r\u00fc\u015fmelerde konunun KYGM ile s\u00f6z\u00fc edilen nitelikte ili\u015fkilendirilmesi hi\u00e7bir bi\u00e7imde s\u00f6z konusu olmam\u0131\u015ft\u0131r. Ayr\u0131ca, Grup \u00fcyesi bu hocam\u0131z\u0131n \u015fahs\u0131na y\u00f6nelik ifadeleri de kendisine kar\u015f\u0131 yap\u0131lm\u0131\u015f sayg\u0131s\u0131zl\u0131k ve haks\u0131zl\u0131k olarak de\u011ferlendiriyoruz.<\/p>\n<p>5. Zile \u0130l\u00e7e Halk K\u00fct\u00fcphanesi taraf\u0131ndan Kaymakaml\u0131k imzas\u0131 ile Tokat Valili\u011fi\u2019ne g\u00f6nderilen ve Zile \u0130l\u00e7e Halk K\u00fct\u00fcphanesi i\u00e7in al\u0131nmas\u0131 istenen yay\u0131n listesine ili\u015fkin \u00fcst yaz\u0131n\u0131n tarih ve say\u0131s\u0131 \u00f6nceki a\u00e7\u0131klamada verilmi\u015ftir. \u0130stenirse yaz\u0131n\u0131n takibi yap\u0131labilir. Ayr\u0131ca, bu anlamda bir di\u011fer sorun da, k\u00fct\u00fcphanecisi olan ve kendi listesini daha \u00f6nceki y\u0131llarda yapan bir il\u00e7eye sorulmadan onun ad\u0131na yay\u0131n al\u0131nmas\u0131d\u0131r.<\/p>\n<p>6. Uygulaman\u0131n yasalara uygunlu\u011fu de\u011fil, etik boyutu tart\u0131\u015fma konusudur ve o tart\u0131\u015f\u0131lmaktad\u0131r. \u0130kisi ayn\u0131 \u015fey de\u011fildir. Ayr\u0131ca, bu konuda KYGM\u2019nin t\u00fcm il halk k\u00fct\u00fcphanelerine g\u00f6nderdi\u011fi kan\u0131m\u0131zca son derece olumlu yakla\u015f\u0131m\u0131na ili\u015fkin 3.01.2011 tarih ve 826.01.38 say\u0131l\u0131 yaz\u0131s\u0131 dikkatlice okunmal\u0131d\u0131r.<\/p>\n<p>7. Konunun as\u0131l tart\u0131\u015f\u0131lmas\u0131 gereken yan\u0131na ili\u015fkin olarak daha somut veriler \u00fczerinden konu\u015fabilmek ve bu y\u00f6nde gelen meslekta\u015f taleplerini de kar\u015f\u0131lamak ad\u0131na Tokat \u0130l Halk K\u00fct\u00fcphanesi, e\u011fer Zile \u0130l\u00e7e Halk K\u00fct\u00fcphanesi\u2019ne 2010 y\u0131l\u0131nda objektif kriterlere g\u00f6re kitap se\u00e7erek sat\u0131n ald\u0131\u011f\u0131n\u0131 d\u00fc\u015f\u00fcn\u00fcyorsa, bu listeyi ve kendisine ba\u011fl\u0131 Zile \u0130l\u00e7e Halk K\u00fct\u00fcphanesi\u2019nden kendilerine ula\u015fmad\u0131\u011f\u0131n\u0131 s\u00f6yledikleri listeyi ilgili k\u00fct\u00fcphaneden elde edip meslekta\u015flar ile kutup-l ve di\u011fer tart\u0131\u015fma listelerinde payla\u015fmal\u0131d\u0131r(Elimizde fax olarak mevcut olmasina ra\u011fmen, listelerin ilgili K\u00fct\u00fcphane tarafindan payla\u015f\u0131lmas\u0131n\u0131n daha uygun olacagini dusunuyoruz).<br \/>\nBu ba\u011flamda, t\u00fcm halk k\u00fct\u00fcphanelerimizi de \u015feffaf olmaya ve her y\u0131l ald\u0131klar\u0131 yay\u0131n listelerini meslekta\u015flar\u0131 ile elektronik tart\u0131\u015fma listeleri \u00fczerinden payla\u015fmaya davet ediyoruz.<\/p>\n<p>Bilgilerinize sunulur.<\/p>\n<p><strong>Kaynak:<\/strong> TKD D\u00d6G<\/p>\n<p style=\"text-align: justify;\"><strong><span style=\"color: #ff0000;\">OLAYLA \u0130LG\u0130L\u0130 TKD BA\u015eKANININ A\u00c7IKLAMASI (07\/02\/2011):<\/span><\/strong><\/p>\n<p style=\"text-align: justify;\">Son d\u00f6nemde Tokat \u0130l Halk K\u00fct\u00fcphanesi ve Zile \u0130l\u00e7e Halk K\u00fct\u00fcphanesi ile ilgili yap\u0131lan tart\u0131\u015fmalarla ilgili bir a\u00e7\u0131klama yapmak gerekli g\u00f6r\u00fclm\u00fc\u015ft\u00fcr. T\u00fcrk K\u00fct\u00fcphaneciler Derne\u011fi d\u00fc\u015f\u00fcnce \u00f6zg\u00fcrl\u00fc\u011f\u00fc ve sans\u00fcr konular\u0131na son derece duyarl\u0131d\u0131r. TKD D\u00fc\u015f\u00fcnce \u00d6zg\u00fcrl\u00fc\u011f\u00fc Bildirgesi yay\u0131mlam\u0131\u015f olmas\u0131 bu konudaki duyarl\u0131l\u0131\u011f\u0131n bir g\u00f6stergesidir. Ayr\u0131ca bu bildirge, IFLA\u2019n\u0131n WEB sayfas\u0131nda yer alan birka\u00e7 bildirgeden biri olmu\u015ftur. TKD T\u00fcrkiye\u2019de bilgi hizmetleri alan\u0131nda sans\u00fcr\u00fcn her t\u00fcrl\u00fc uygulamas\u0131na kar\u015f\u0131d\u0131r ve bu konuda m\u00fccadele etmeyi bir g\u00f6rev sayar. Daha \u00f6nce de bu konuda TKD\u2019in bas\u0131na yans\u0131yan giri\u015fimleri olmu\u015ftur.<\/p>\n<p>TKD D\u00fc\u015f\u00fcnce \u00d6zg\u00fcrl\u00fc\u011f\u00fc Grubu (TKD-D\u00d6G) T\u00fcrk K\u00fct\u00fcphaneciler Derne\u011fi\u2019nin d\u00fc\u015f\u00fcnce \u00f6zg\u00fcrl\u00fc\u011f\u00fc konusunda \u00e7al\u0131\u015fmalar\u0131na katk\u0131 sa\u011flamak \u00fczere olu\u015fturulmu\u015f s\u00fcrekli \u00e7al\u0131\u015fma grubudur. Bu ba\u011flamda, Tokat \u0130l Halk K\u00fct\u00fcphanesi eksenli yap\u0131lan tart\u0131\u015fmalarda TKD-D\u00d6G\u2019\u00fc T\u00fcrk K\u00fct\u00fcphaneciler Derne\u011fi\u2019nden ayr\u0131 tutma yakla\u015f\u0131m\u0131n\u0131 do\u011fru de\u011fildir. Kald\u0131 ki gruplar\u0131n nas\u0131l \u00e7al\u0131\u015faca\u011f\u0131 TKD t\u00fcz\u00fc\u011f\u00fcnde a\u00e7\u0131k\u00e7a belirtilmi\u015ftir. Ad\u0131 ge\u00e7en Grup Derne\u011fimiz ad\u0131na \u00f6nemli i\u015flevler \u00fcstleni\u015f bir par\u00e7as\u0131d\u0131r.<\/p>\n<p>Ayr\u0131ca, yine ayn\u0131 konu \u00e7er\u00e7evesinde, bu mesle\u011fe her y\u00f6nden katk\u0131 sa\u011flayan, \u00f6zellikle halk k\u00fct\u00fcphaneleri alan\u0131nda akademik ve pratik y\u00f6nden b\u00fcy\u00fck u\u011fra\u015flar veren, s\u00f6z\u00fc edilen konuda da grup \u00fcyesi olarak \u00e7aba harcayan hocam\u0131z Prof. Dr. B\u00fclent Y\u0131lmaz\u2019a y\u00f6nelik olarak yap\u0131lan hakaret ve sayg\u0131s\u0131zl\u0131\u011f\u0131 kabul etmedi\u011fimizi ve k\u0131nad\u0131\u011f\u0131m\u0131z\u0131 bildirmek isteriz.<br \/>\nSayg\u0131lar\u0131mla<\/p>\n<p>TKD Y\u00f6netim Kurulu Ad\u0131na<br \/>\nAli Fuat KARTAL<br \/>\nGenel Ba\u015fkan<br \/>\n<strong><\/strong><\/p>\n<\/div>\n","protected":false},"excerpt":{"rendered":"<p>T\u00fcrk K\u00fct\u00fcphaneciler Derne\u011fi D\u00fc\u015f\u00fcnce \u00d6zg\u00fcrl\u00fc\u011f\u00fc Grubu TKD D\u00d6G, T\u00fcrkiye\u2019de bilgi hizmetleri alan\u0131nda \u00e7al\u0131\u015fanlar\u0131n d\u00fc\u015f\u00fcnce \u00f6zg\u00fcrl\u00fc\u011f\u00fc konusundaki duyarl\u0131l\u0131klar\u0131n\u0131 geli\u015ftirme; k\u00fct\u00fcphane, ar\u015fiv gibi bilgi merkezlerinde d\u00fc\u015f\u00fcnce \u00f6zg\u00fcrl\u00fc\u011f\u00fcne uymayan, sans\u00fcr anlam\u0131na gelecek uygulamalara dikkat \u00e7ekerek, bu uygulamalar\u0131 azaltma ve olanakl\u0131ysa ortadan kald\u0131r\u0131lmas\u0131na katk\u0131da bulunma amac\u0131yla kurulmu\u015f olan ve bu y\u00f6nde \u00e7aba harcayan g\u00f6n\u00fcll\u00fc bir \u00e7al\u0131\u015fma grubudur.<\/p>\n","protected":false},"author":1,"featured_media":0,"comment_status":"open","ping_status":"open","sticky":false,"template":"","format":"standard","meta":{"footnotes":""},"categories":[519,1607,1608],"tags":[139,848],"class_list":["post-1076","post","type-post","status-publish","format-standard","hentry","category-sansur-2","category-turk-kutuphaneciler-dernegi-tkd","category-turk-kutuphaneciler-dernegi-dusunce-ozgurlugu-grubu-tkd-dog","tag-dusunce-ozgurlugu","tag-halk-kutuphaneleri"],"_links":{"self":[{"href":"https:\/\/www.bbyhaber.com\/bby\/wp-json\/wp\/v2\/posts\/1076"}],"collection":[{"href":"https:\/\/www.bbyhaber.com\/bby\/wp-json\/wp\/v2\/posts"}],"about":[{"href":"https:\/\/www.bbyhaber.com\/bby\/wp-json\/wp\/v2\/types\/post"}],"author":[{"embeddable":true,"href":"https:\/\/www.bbyhaber.com\/bby\/wp-json\/wp\/v2\/users\/1"}],"replies":[{"embeddable":true,"href":"https:\/\/www.bbyhaber.com\/bby\/wp-json\/wp\/v2\/comments?post=1076"}],"version-history":[{"count":0,"href":"https:\/\/www.bbyhaber.com\/bby\/wp-json\/wp\/v2\/posts\/1076\/revisions"}],"wp:attachment":[{"href":"https:\/\/www.bbyhaber.com\/bby\/wp-json\/wp\/v2\/media?parent=1076"}],"wp:term":[{"taxonomy":"category","embeddable":true,"href":"https:\/\/www.bbyhaber.com\/bby\/wp-json\/wp\/v2\/categories?post=1076"},{"taxonomy":"post_tag","embeddable":true,"href":"https:\/\/www.bbyhaber.com\/bby\/wp-json\/wp\/v2\/tags?post=1076"}],"curies":[{"name":"wp","href":"https:\/\/api.w.org\/{rel}","templated":true}]}}