{"id":10757,"date":"2013-04-22T09:40:53","date_gmt":"2013-04-22T06:40:53","guid":{"rendered":"http:\/\/www.bbyhaber.com\/bby\/?p=10757"},"modified":"2014-02-20T13:52:34","modified_gmt":"2014-02-20T11:52:34","slug":"tkd-ozluk-haklari-calisma-grubu-toplanti-raporu","status":"publish","type":"post","link":"https:\/\/www.bbyhaber.com\/bby\/2013\/04\/22\/tkd-ozluk-haklari-calisma-grubu-toplanti-raporu","title":{"rendered":"TKD \u00d6zl\u00fck Haklar\u0131 \u00c7al\u0131\u015fma Grubu Toplant\u0131 Raporu"},"content":{"rendered":"<p style=\"text-align: justify;\"><a href=\"http:\/\/www.bbyhaber.com\/bby\/wp-content\/uploads\/2013\/09\/bbyozluk.jpg\"><img loading=\"lazy\" decoding=\"async\" class=\"alignleft\" src=\"http:\/\/www.bbyhaber.com\/bby\/wp-content\/uploads\/2013\/09\/bbyozluk.jpg\" alt=\"\" width=\"200\" height=\"100\" \/><\/a>T\u00fcrk K\u00fct\u00fcphaneciler Derne\u011fi (TKD) \u00d6zl\u00fck Haklar\u0131 \u00c7al\u0131\u015fma Grubu 19 Nisan 2013 tarihinde Bo\u011fazi\u00e7i \u00dcniversitesi G\u00fcney Kamp\u00fcs\u00fc&#8217;nde ilk toplant\u0131s\u0131n\u0131 ger\u00e7ekle\u015ftirmi\u015ftir. Toplant\u0131da al\u0131nan kararlara g\u00f6re bir rapor olu\u015fturulmu\u015ftur. Raporun detaylar\u0131 a\u015fa\u011f\u0131dad\u0131r:<!--more--><\/p>\n<p style=\"text-align: justify;\" align=\"center\"><span style=\"color: #ff0000;\"><strong>G\u00fcndem Ba\u015fl\u0131klar\u0131 \u0130le \u0130lgili Al\u0131nan Kararlar<\/strong><\/span><\/p>\n<p style=\"text-align: justify;\"><strong>1.\u00a0\u00a0\u00a0\u00a0\u00a0 Farkl\u0131 alanlardan \u00e7al\u0131\u015fan meslekta\u015flar\u0131m\u0131z\u0131n \u00e7al\u0131\u015fma ko\u015fullar\u0131 ile ilgili bilgi toplanmas\u0131:<\/strong><\/p>\n<p style=\"text-align: justify;\">\u00a0\u00b7\u00a0\u00a0\u00a0\u00a0\u00a0\u00a0\u00a0 Farkl\u0131 alanlarda ve farkl\u0131 ko\u015fullarda, \u00f6rne\u011fin; \u00f6zel okul k\u00fct\u00fcphanelerinde, \u00f6zel ara\u015ft\u0131rma k\u00fct\u00fcphanelerinde, devlet k\u00fct\u00fcphanelerinde, halk ve \u00e7ocuk k\u00fct\u00fcphanelerinde vd. \u00e7al\u0131\u015fan k\u00fct\u00fcphanecilerin \u00e7al\u0131\u015fma ko\u015fullar\u0131 ile ilgili durumun bilinebilmesi i\u00e7in bilgi payla\u015f\u0131m\u0131 yap\u0131lmas\u0131 karar\u0131 al\u0131nd\u0131.<\/p>\n<p style=\"text-align: justify;\">\u00b7\u00a0\u00a0\u00a0\u00a0\u00a0\u00a0\u00a0 Her bir alan i\u00e7in bir ki\u015fi belirlendi ve kendilerinden, en ge\u00e7 <span style=\"color: #0000ff;\">29 Nisan<\/span>&#8216;da teslim edilmek \u00fczere, durumu \u00a0a\u00e7\u0131klayan\/anlatan bir rapor istendi.<\/p>\n<p style=\"text-align: justify;\">\u00b7\u00a0\u00a0\u00a0\u00a0\u00a0\u00a0\u00a0 Derlenen bilgiler ile \u00f6n\u00fcm\u00fczdeki s\u00fcre\u00e7te; bro\u015f\u00fcr, bildiri yahut makale t\u00fcr\u00fcnden yaz\u0131lar\u0131n kaleme al\u0131nmas\u0131 d\u00fc\u015f\u00fcn\u00fcld\u00fc. Gazete ve TV programlar\u0131nda bu sorunlar\u0131n dillendirilmesi ve kamuoyu ile payla\u015f\u0131lmas\u0131<\/p>\n<p style=\"text-align: justify;\">\u00a0<strong>2.\u00a0\u00a0\u00a0\u00a0\u00a0 1 May\u0131s&#8217;a kat\u0131l\u0131m:<\/strong><\/p>\n<p style=\"text-align: justify;\">\u00a0\u00b7\u00a0\u00a0\u00a0\u00a0\u00a0\u00a0\u00a0 \u00d6zl\u00fck Haklar\u0131m\u0131z\u0131 dillendirece\u011fimiz ve taleplerimizi dile getirece\u011fimiz, (<span style=\"color: #ff0000;\">hi\u00e7bir siyasi grup, sendika, parti kortejine kat\u0131lmadan<\/span>) kendi rengimiz ve sesimizle kat\u0131laca\u011f\u0131m\u0131z geni\u015f bir platform olmas\u0131 nedeniyle \u0130stanbul\u2019da 1 May\u0131s\u2019a kat\u0131lman\u0131n yararl\u0131 olaca\u011f\u0131 konusunda hemfikir olundu.<\/p>\n<p style=\"text-align: justify;\">\u00b7\u00a0\u00a0\u00a0\u00a0\u00a0\u00a0\u00a0 1 May\u0131s&#8217;a, m\u00fcmk\u00fcn oldu\u011funca fazla say\u0131da meslekta\u015f ve dostumuzla kat\u0131lma karar\u0131 al\u0131nd\u0131. Bunun i\u00e7in \u00e7e\u015fitli kesimlerle g\u00f6r\u00fc\u015f\u00fclecek.<\/p>\n<p style=\"text-align: justify;\">\u00b7\u00a0\u00a0\u00a0\u00a0\u00a0\u00a0\u00a0 1 May\u0131s alan\u0131nda Bili\u015fim, Plaza \u00e7al\u0131\u015fanlar\u0131 ve Sosyologlar ile yan yana y\u00fcr\u00fcmek ve di\u011fer meslek gruplar\u0131 ile daha yak\u0131n ili\u015fkiler geli\u015ftirmek ve 1 may\u0131s s\u00fcrecini \u00f6rg\u00fctlemek i\u00e7in g\u00f6revlendirme yap\u0131ld\u0131. 1 May\u0131s onay\u0131 ile ilgili TKD Genel Merkezi ile g\u00f6r\u00fc\u015f\u00fclecek.<\/p>\n<p style=\"text-align: justify;\">1 May\u0131s\u2019a kat\u0131l\u0131m konusunda Genel Merkezi onay\u0131ndan sonra<\/p>\n<p style=\"text-align: justify;\">\u00b7\u00a0\u00a0\u00a0\u00a0\u00a0\u00a0\u00a0 \u00a0Olu\u015fturulacak kortejde kullan\u0131lacak olan pankart ve d\u00f6vizler i\u00e7in talepler, sloganlar belirlenecek. Sloganlar belirlenirken dikkat edilecek husus; \u00f6zl\u00fck haklar\u0131 ile, k\u00fct\u00fcphanecilerin meslek\u00ee tan\u0131mlar\u0131 ile ilgili olacak.1 May\u0131s&#8217;a kat\u0131l\u0131m ve \u00f6rg\u00fctlenme i\u00e7in, Facebook&#8217;ta, halihaz\u0131rda var olan <a href=\"https:\/\/www.facebook.com\/groups\/115607778589082\/\" target=\"_blank\"><strong>\u00d6zl\u00fck Haklar\u0131 \u00c7al\u0131\u015fma Grubu<\/strong><\/a> sayfas\u0131 \u00fczerinden bilgilendirme ve \u00e7a\u011fr\u0131lar yap\u0131lacak, destek istenecek.<\/p>\n<p style=\"text-align: justify;\"><strong>\u00a03.\u00a0\u00a0\u00a0\u00a0\u00a0 \u00d6zl\u00fck haklar\u0131na ili\u015fkin Mesleki Forum\u00a0 d\u00fczenlenmesi<\/strong><\/p>\n<p style=\"text-align: justify;\">\u00a0\u00b7\u00a0\u00a0\u00a0\u00a0\u00a0\u00a0\u00a0 \u00c7al\u0131\u015ftay fikri, ge\u00e7erlili\u011fini korumakla birlikte, daha kapsaml\u0131 ve haz\u0131rl\u0131kl\u0131 olabilmek d\u00fc\u015f\u00fcncesi ile daha sonraki bir zamana ertelendi.<\/p>\n<p style=\"text-align: justify;\">\u00b7\u00a0\u00a0\u00a0\u00a0\u00a0\u00a0\u00a0 \u00c7al\u0131\u015ftaydan \u00f6nce ve \u00e7al\u0131\u015ftaya haz\u0131rl\u0131k olarak, <span style=\"color: #0000ff;\">07.06.2013<\/span> tarihinde, \u00f6zl\u00fck haklar\u0131n\u0131n ele al\u0131naca\u011f\u0131, bir g\u00fcnl\u00fck \u201c<strong>Mesleki Forum<\/strong>\u201d d\u00fczenlenmesi karar\u0131 al\u0131nd\u0131.<\/p>\n<p style=\"text-align: justify;\">\u00b7\u00a0\u00a0\u00a0\u00a0\u00a0\u00a0\u00a0 \u00c7al\u0131\u015ftay i\u00e7in ise, ayr\u0131ca bir toplant\u0131 yap\u0131l\u0131p, \u00e7al\u0131\u015fma gruplar\u0131 tespit edilecek ve \u00e7e\u015fitli bile\u015fenlerle ortakl\u0131k kurulmaya \u00e7al\u0131\u015f\u0131lacakt\u0131r.<\/p>\n<p style=\"text-align: justify;\">\u00b7\u00a0\u00a0\u00a0\u00a0\u00a0\u00a0\u00a0 K\u00fct\u00fcphanecilerin g\u00f6rev ve yetkinlikleriyle ilgili \u00e7al\u0131\u015fmaya sendika temsilcileri, akademisyenlerin ve di\u011fer ilintili meslek grup ve \u00f6rg\u00fctlerinin deste\u011finin al\u0131nmas\u0131n\u0131n \u00f6nemine vurgu yap\u0131ld\u0131. Gerekli g\u00f6r\u00fc\u015fmelerin yap\u0131lmas\u0131na dair fikirler beyan edildi.<\/p>\n<p style=\"text-align: justify;\">\u00b7\u00a0\u00a0\u00a0\u00a0\u00a0\u00a0\u00a0 Y\u00d6K ba\u015fkan\u0131 G\u00f6khan \u00c7etinsay\u2019\u0131n iste\u011fiyle \u015eehir \u00dcniversitesinde ba\u015flat\u0131lan T\u00fcrkiye\u2019deki K\u00fct\u00fcphane ve K\u00fct\u00fcphanecilerin Standardizasyonlar\u0131 ile ilgili \u00e7al\u0131\u015fma kapsam\u0131nda TKD \u00d6zl\u00fck Haklar\u0131 Grubunun deneyimlerinin iletilmesi yararl\u0131 bulundu<\/p>\n<p style=\"text-align: justify;\"><strong>4- Gelecek toplant\u0131n\u0131n <span style=\"color: #0000ff;\">03.05.2013<\/span> tarihinde yap\u0131lmas\u0131 kararla\u015ft\u0131r\u0131larak, toplant\u0131 son bulmu\u015ftur.<\/strong><\/p>\n","protected":false},"excerpt":{"rendered":"<p>T\u00fcrk K\u00fct\u00fcphaneciler Derne\u011fi (TKD) \u00d6zl\u00fck Haklar\u0131 \u00c7al\u0131\u015fma Grubu 19 Nisan 2013 tarihinde Bo\u011fazi\u00e7i \u00dcniversitesi G\u00fcney Kamp\u00fcs\u00fc&#8217;nde ilk toplant\u0131s\u0131n\u0131 ger\u00e7ekle\u015ftirmi\u015ftir. Toplant\u0131da al\u0131nan kararlara g\u00f6re bir rapor olu\u015fturulmu\u015ftur. Raporun detaylar\u0131 a\u015fa\u011f\u0131dad\u0131r:<\/p>\n","protected":false},"author":1,"featured_media":0,"comment_status":"open","ping_status":"open","sticky":false,"template":"","format":"standard","meta":{"footnotes":""},"categories":[1],"tags":[1398],"class_list":["post-10757","post","type-post","status-publish","format-standard","hentry","category-genel","tag-bby-ozluk-haklari"],"_links":{"self":[{"href":"https:\/\/www.bbyhaber.com\/bby\/wp-json\/wp\/v2\/posts\/10757"}],"collection":[{"href":"https:\/\/www.bbyhaber.com\/bby\/wp-json\/wp\/v2\/posts"}],"about":[{"href":"https:\/\/www.bbyhaber.com\/bby\/wp-json\/wp\/v2\/types\/post"}],"author":[{"embeddable":true,"href":"https:\/\/www.bbyhaber.com\/bby\/wp-json\/wp\/v2\/users\/1"}],"replies":[{"embeddable":true,"href":"https:\/\/www.bbyhaber.com\/bby\/wp-json\/wp\/v2\/comments?post=10757"}],"version-history":[{"count":0,"href":"https:\/\/www.bbyhaber.com\/bby\/wp-json\/wp\/v2\/posts\/10757\/revisions"}],"wp:attachment":[{"href":"https:\/\/www.bbyhaber.com\/bby\/wp-json\/wp\/v2\/media?parent=10757"}],"wp:term":[{"taxonomy":"category","embeddable":true,"href":"https:\/\/www.bbyhaber.com\/bby\/wp-json\/wp\/v2\/categories?post=10757"},{"taxonomy":"post_tag","embeddable":true,"href":"https:\/\/www.bbyhaber.com\/bby\/wp-json\/wp\/v2\/tags?post=10757"}],"curies":[{"name":"wp","href":"https:\/\/api.w.org\/{rel}","templated":true}]}}