{"id":10744,"date":"2013-04-20T21:43:19","date_gmt":"2013-04-20T18:43:19","guid":{"rendered":"http:\/\/www.bbyhaber.com\/bby\/?p=10744"},"modified":"2013-04-20T21:43:31","modified_gmt":"2013-04-20T18:43:31","slug":"kutuphanesiz-okullara-anlamli-destek-corum","status":"publish","type":"post","link":"https:\/\/www.bbyhaber.com\/bby\/2013\/04\/20\/kutuphanesiz-okullara-anlamli-destek-corum","title":{"rendered":"K\u00fct\u00fcphanesiz Okullara Anlaml\u0131 Destek-\u00c7orum"},"content":{"rendered":"<p style=\"text-align: justify;\">\u0130stanbul&#8217;da faaliyet g\u00f6steren \u00c7orumlu E\u011fitimci Sanayici ve \u0130\u015f Adamlar\u0131 Dayan\u0131\u015fma Derne\u011fi (\u00c7ES\u0130AD), \u00c7orum&#8217;un Mecit\u00f6z\u00fc ve Alaca il\u00e7elerindeki iki okula, \u00fcniversite \u00f6\u011frencilerinin de deste\u011fiyle \u00e7ok ama\u00e7l\u0131 salon kazand\u0131rd\u0131. \u00c7ES\u0130AD&#8217;\u0131n ba\u015flatt\u0131\u011f\u0131 &#8220;Bir Kitap Yeni Bir Hayat&#8221; projesi kapsam\u0131nda \u00e7ok ama\u00e7l\u0131 salon kazand\u0131r\u0131lan Mecit\u00f6z\u00fc Yat\u0131l\u0131 B\u00f6lge \u0130lk\u00f6\u011fretim Okulu (Y\u0130BO) ile Alaca Anadolu \u00d6\u011fretmen Lisesi&#8217;nde a\u00e7\u0131l\u0131\u015f t\u00f6renleri yap\u0131ld\u0131.<!--more--><\/p>\n<p style=\"text-align: justify;\">Mecit\u00f6z\u00fc Y\u0130BO&#8217;daki t\u00f6rende konu\u015fan dernek ba\u015fkan\u0131 Mehmet Y\u0131ld\u0131r\u0131m, 2 y\u0131l \u00f6nce ba\u015flatt\u0131klar\u0131 proje kapsam\u0131nda Osmanc\u0131k, Karg\u0131, \u0130skilip&#8217;teki k\u00fct\u00fcphanesiz okullara destek sa\u011flad\u0131klar\u0131n\u0131 belirterek, Mecit\u00f6z\u00fc ve Alaca&#8217;daki okullar\u0131n ihtiya\u00e7lar\u0131n\u0131 kar\u015f\u0131laman\u0131n mutlulu\u011funu ya\u015fad\u0131klar\u0131n\u0131 s\u00f6yledi.<\/p>\n<p style=\"text-align: justify;\">\u0130ki okula yakla\u015f\u0131k 100 bin liral\u0131k yard\u0131m yaparak \u00e7ok ama\u00e7l\u0131 salon kazand\u0131rd\u0131klar\u0131n\u0131 ifade eden Y\u0131ld\u0131r\u0131m, \u015f\u00f6yle konu\u015ftu:<\/p>\n<p style=\"text-align: justify;\">&#8220;Mecit\u00f6z\u00fc&#8217;ndeki okulumuza 3 bin, Alaca&#8217;daki okulumuza da 5 bin adet olmak \u00fczere 8 bin adet yeni kitap sat\u0131n ald\u0131k. K\u00fct\u00fcphane yap\u0131lacak salonlar\u0131 ba\u015ftan a\u015fa\u011f\u0131 yenileyerek dizayn ettik. K\u00fct\u00fcphane yapmak i\u00e7in ba\u015flad\u0131\u011f\u0131m\u0131z salona kitapl\u0131k, s\u0131ra, masa, bilgisayar ve yaz\u0131c\u0131 gibi ihtiya\u00e7 duyulan malzemeler de yerle\u015ftirerek \u00e7ok ama\u00e7l\u0131 salonlar haline getirdik. \u0130stanbul&#8217;daki \u00e7e\u015fitli \u00fcniversitelerde \u00f6\u011frenim g\u00f6ren \u00e7ocuklar\u0131m\u0131z da bizlere bir\u00e7ok konuda yard\u0131mc\u0131 oldu. Bunlar\u0131n hepsi, gelece\u011fimizin teminat\u0131 \u00e7ocuklar\u0131m\u0131z i\u00e7in.&#8221;<\/p>\n<p style=\"text-align: justify;\">-\u00c7orumlu 200 \u00f6\u011frenciye burs veriyorlar-<\/p>\n<p style=\"text-align: justify;\">Dernek olarak \u0130stanbul&#8217;da e\u011fitim g\u00f6ren \u00c7orumlu 200 \u00fcniversite \u00f6\u011frencisine de burs verdiklerini belirten Y\u0131ld\u0131r\u0131m, sosyal sorumluluk projelerinin devam edece\u011fini kaydetti.<\/p>\n<p style=\"text-align: justify;\">Mecit\u00f6z\u00fc Y\u0130BO M\u00fcd\u00fcr\u00fc Bayram Y\u0131ld\u0131r\u0131m da \u00c7ES\u0130AD&#8217;a te\u015fekk\u00fcr ederek,<\/p>\n<p style=\"text-align: justify;\">&#8220;Okulumuzda 280 \u00f6\u011frenci e\u011fitim g\u00f6r\u00fcyor. Bunlardan 180&#8217;i pansiyonda kal\u0131yor. En b\u00fcy\u00fck eksi\u011fimiz k\u00fct\u00fcphaneydi. Yard\u0131m elini uzatan \u00c7ES\u0130AD&#8217;a, \u00f6\u011frencilerim ve \u00f6\u011fretmen arkada\u015flar\u0131m ad\u0131na \u015f\u00fckranlar\u0131m\u0131z\u0131 sunuyorum&#8221; dedi.<\/p>\n<p style=\"text-align: justify;\">Daha sonra \u00e7ok ama\u00e7l\u0131 salonun a\u00e7\u0131l\u0131\u015f\u0131 yap\u0131ld\u0131. Mecit\u00f6z\u00fc Kaymakam\u0131 C\u00fcneyt Epcim, Belediye Ba\u015fkan\u0131 Sel\u00e7uk Aksoy, Merkez Bankas\u0131 Ba\u015fkan Yard\u0131mc\u0131s\u0131 Necati \u015eahin, Yarg\u0131tay \u00fcyesi Zihni Do\u011fan, dernek \u00fcyeleri, b\u00fcrokrat ve i\u015f adamlar\u0131n\u0131n kat\u0131ld\u0131\u011f\u0131 t\u00f6renin ard\u0131ndan salon gezildi.<\/p>\n<p style=\"text-align: justify;\">Mecit\u00f6z\u00fc&#8217;ndeki t\u00f6renden sonra Alaca Anadolu \u00d6\u011fretmen Lisesi&#8217;ndeki \u00e7ok ama\u00e7l\u0131 salonun a\u00e7\u0131l\u0131\u015f\u0131 yap\u0131ld\u0131.<\/p>\n<p style=\"text-align: justify;\">Kaynak: http:\/\/www.haberler.com\/<\/p>\n","protected":false},"excerpt":{"rendered":"<p>\u0130stanbul&#8217;da faaliyet g\u00f6steren \u00c7orumlu E\u011fitimci Sanayici ve \u0130\u015f Adamlar\u0131 Dayan\u0131\u015fma Derne\u011fi (\u00c7ES\u0130AD), \u00c7orum&#8217;un Mecit\u00f6z\u00fc ve Alaca il\u00e7elerindeki iki okula, \u00fcniversite \u00f6\u011frencilerinin de deste\u011fiyle \u00e7ok ama\u00e7l\u0131 salon kazand\u0131rd\u0131. \u00c7ES\u0130AD&#8217;\u0131n ba\u015flatt\u0131\u011f\u0131 &#8220;Bir Kitap Yeni Bir Hayat&#8221; projesi kapsam\u0131nda \u00e7ok ama\u00e7l\u0131 salon kazand\u0131r\u0131lan Mecit\u00f6z\u00fc Yat\u0131l\u0131 B\u00f6lge \u0130lk\u00f6\u011fretim Okulu (Y\u0130BO) ile Alaca Anadolu \u00d6\u011fretmen Lisesi&#8217;nde a\u00e7\u0131l\u0131\u015f t\u00f6renleri yap\u0131ld\u0131.<\/p>\n","protected":false},"author":1,"featured_media":0,"comment_status":"open","ping_status":"open","sticky":false,"template":"","format":"standard","meta":{"footnotes":""},"categories":[1],"tags":[],"class_list":["post-10744","post","type-post","status-publish","format-standard","hentry","category-genel"],"_links":{"self":[{"href":"https:\/\/www.bbyhaber.com\/bby\/wp-json\/wp\/v2\/posts\/10744"}],"collection":[{"href":"https:\/\/www.bbyhaber.com\/bby\/wp-json\/wp\/v2\/posts"}],"about":[{"href":"https:\/\/www.bbyhaber.com\/bby\/wp-json\/wp\/v2\/types\/post"}],"author":[{"embeddable":true,"href":"https:\/\/www.bbyhaber.com\/bby\/wp-json\/wp\/v2\/users\/1"}],"replies":[{"embeddable":true,"href":"https:\/\/www.bbyhaber.com\/bby\/wp-json\/wp\/v2\/comments?post=10744"}],"version-history":[{"count":0,"href":"https:\/\/www.bbyhaber.com\/bby\/wp-json\/wp\/v2\/posts\/10744\/revisions"}],"wp:attachment":[{"href":"https:\/\/www.bbyhaber.com\/bby\/wp-json\/wp\/v2\/media?parent=10744"}],"wp:term":[{"taxonomy":"category","embeddable":true,"href":"https:\/\/www.bbyhaber.com\/bby\/wp-json\/wp\/v2\/categories?post=10744"},{"taxonomy":"post_tag","embeddable":true,"href":"https:\/\/www.bbyhaber.com\/bby\/wp-json\/wp\/v2\/tags?post=10744"}],"curies":[{"name":"wp","href":"https:\/\/api.w.org\/{rel}","templated":true}]}}