{"id":10740,"date":"2013-04-20T15:12:49","date_gmt":"2013-04-20T12:12:49","guid":{"rendered":"http:\/\/www.bbyhaber.com\/bby\/?p=10740"},"modified":"2013-04-20T15:13:38","modified_gmt":"2013-04-20T12:13:38","slug":"izmir-kitap-fuari-acildi-turkiye-yayincilikta-13-sirada","status":"publish","type":"post","link":"https:\/\/www.bbyhaber.com\/bby\/2013\/04\/20\/izmir-kitap-fuari-acildi-turkiye-yayincilikta-13-sirada","title":{"rendered":"\u0130zmir Kitap Fuar\u0131 a\u00e7\u0131ld\u0131-T\u00fcrkiye yay\u0131nc\u0131l\u0131kta 13.s\u0131rada"},"content":{"rendered":"<p style=\"text-align: justify;\"><a href=\"http:\/\/www.dha.com.tr\/fotogaleri\/act\/34561_77955_20042013143414_5.jpg\"><img loading=\"lazy\" decoding=\"async\" class=\"alignleft\" src=\"http:\/\/www.dha.com.tr\/fotogaleri\/act\/34561_77955_20042013143414_5.jpg\" alt=\"\" width=\"150\" height=\"150\" \/><\/a>T\u00dcYAP T\u00fcm Fuarc\u0131l\u0131k Yap\u0131m A.\u015e. ve T\u00fcrkiye Yay\u0131nc\u0131lar Birli\u011fi\u2019nin ortakla\u015fa d\u00fczenledi\u011fi <strong>\u0130zmir Kitap Fuar\u0131, 18&#8217;inci kez kap\u0131lar\u0131n\u0131 a\u00e7t\u0131. 20-28 Nisan tarihleri aras\u0131nda a\u00e7\u0131k kalacak olan kitap fuar\u0131na 390 yay\u0131nevi stand a\u00e7arken, fuar boyunca 800 yazar \u0130zmirli kitapseverler ile bulu\u015facak<\/strong>. Bu y\u0131l 18&#8217;incisi d\u00fczenlenen \u0130zmir Kitap Fuar\u0131, \u201cKitab\u0131n Ege Yoluculu\u011fu\u201d slogan\u0131yla ba\u015flad\u0131.<strong> Uluslararas\u0131 \u0130zmir Fuar Alan\u0131 Salon 1A ve 1B\u2019de<\/strong> ger\u00e7ekle\u015ftirilen fuar kurdele kesim t\u00f6reni ile a\u00e7\u0131ld\u0131.<!--more--><\/p>\n<p style=\"text-align: justify;\">CHP Milletvekilleri Mehmet Ali Susam, Alaattin Y\u00fcksel, Milli E\u011fitim \u0130l M\u00fcd\u00fcr\u00fc Vefa Bardak\u00e7\u0131, Vali Yard\u0131mc\u0131s\u0131 Faz\u0131l Akg\u00fcn, Bornova Belediye Ba\u015fkan\u0131 Kamil Okyay S\u0131nd\u0131r, \u0130zmir B\u00fcy\u00fck\u015fehir Belediye Ba\u015fkan Dan\u0131\u015fman\u0131 Muzaffer Tun\u00e7a\u011f, Gazeteci Yazar Do\u011fan H\u0131zlan, K\u00fclt\u00fcr Fuarlar\u0131 Genel M\u00fcd\u00fcr\u00fc Deniz Kavuk\u00e7uo\u011flu ve T\u00fcrkiye Yay\u0131nc\u0131lar Birli\u011fi Genel Sekreteri Kenan Kocat\u00fcrk kat\u0131ld\u0131. A\u00e7\u0131l\u0131\u015fta konu\u015fma yapan K\u00fclt\u00fcr Fuarlar\u0131 Genel M\u00fcd\u00fcr\u00fc Deniz Kavuk\u00e7uo\u011flu, \u0130zmir Fuar\u0131\u2019n\u0131 18 y\u0131l \u00f6nce ilk defa d\u00fczenlediklerini i\u00e7lerinde &#8216;Fuar tutacak m\u0131\u2019, &#8216;\u0130zmirliler ilgi g\u00f6sterecek mi?&#8217; \u015feklinde endi\u015feleri oldu\u011funu belirterek, \u201cBiz bu \u00fcrkekli\u011fi, \u00e7ekingenli\u011fi 4-5 y\u0131l ya\u015fad\u0131k. Bir fuar\u0131n ya\u015famas\u0131, olgunla\u015fmas\u0131, kent k\u00fclt\u00fcr\u00fcn\u00fcn bir par\u00e7as\u0131 olmas\u0131 4-5 y\u0131ll\u0131k bir s\u00fcre\u00e7 istiyor. Bunu ba\u015fard\u0131k. 18&#8217;inci y\u0131l\u0131m\u0131zday\u0131z. Bu fuar ge\u00e7en y\u0131la oranla \u00f6nemli bir geli\u015fme, b\u00fcy\u00fcme g\u00f6sterdi. Bu y\u0131l fuar\u0131 kat\u0131lacak yay\u0131n evi 340\u2019dan 390\u2019a \u00e7\u0131kt\u0131. \u0130stanbul\u2019dan sonra en b\u00fcy\u00fck en g\u00f6rkemli fuar, \u0130zmir Fuar\u0131 oldu. Bu fuar sadece kitap al\u0131\u015fveri\u015finin yap\u0131ld\u0131\u011f\u0131 bir fuar de\u011fil. 9 g\u00fcn boyunca \u00e7ok \u00f6nemli edebiyat sanat faaliyetleri yer al\u0131yor. Yakla\u015f\u0131k 800 yazar kat\u0131l\u0131yor. Bu da \u00e7ok \u00f6nemli bir say\u0131. Fuar boyunca Egeli kitapseverler okuduklar\u0131 bir \u00e7ok yazarla s\u00f6yle\u015fip kitap imzalatabilecekler\u201d dedi.<\/p>\n<p>ONUR KONU\u011eU AHMET CEMAL<\/p>\n<p style=\"text-align: justify;\">\u0130zmir Kitap Fuar\u0131\u2019n\u0131n bu y\u0131l ki onur konu\u011fu \u00e7evirmen ve yazar Ahmet Cemal oldu\u011funu belirten Kavuk\u00e7uo\u011flu, Do\u011fan H\u0131zlan, Vali Yard\u0131mc\u0131s\u0131 Faz\u0131l Akg\u00fcn ve Muzaffer Tun\u00e7a\u011f ile birlikte Cemal\u2019e plaket verdi. Plaket teslimi sonras\u0131 s\u00f6z alan Ahmet Cemal, \u0130zmir do\u011fumlu oldu\u011funu belirterek, \u201c71 y\u0131l \u00f6nce burada do\u011fmu\u015fum. \u0130zmir\u2019de hi\u00e7 ya\u015famad\u0131m. Sonra sonra Ege ile tuhaf bir ili\u015fki ba\u015flad\u0131. Hayatta gizli enerjiler var biraraya gelen. \u00d6zellikle son y\u0131llarda bu ili\u015fki yo\u011funla\u015ft\u0131. Homeros \u00e7ok \u00f6nemli bir Egeliydi. Do\u011fdu\u011fum b\u00f6lgenin havas\u0131 sonra sonra hayat\u0131ma girmeye ba\u015flad\u0131. Bunun \u00e7ok olumlu etkilerini g\u00f6rd\u00fcm. Do\u011fdu\u011fum kent beni onur konu\u011fu olarak davet etti. Te\u015fekk\u00fcr ediyorum. \u0130zmirliler\u2019e bana bu \u015ferefi verdikleri i\u00e7in te\u015fekk\u00fcr ederim. \u0130zmirlilik benim i\u00e7in kal\u0131c\u0131 olacak\u201d diye konu\u015ftu.<\/p>\n<p style=\"text-align: justify;\">\u201c\u0130ZM\u0130R\u2019DE \u00c7OK G\u00dcZEL K\u0130TAP\u00c7ILAR G\u00d6RD\u00dcM\u201d<\/p>\n<p style=\"text-align: justify;\">Gazeteci yazar Do\u011fan H\u0131zlan, \u0130zmir\u2019e \u00f6vg\u00fcler ya\u011fd\u0131r\u0131rak, \u201cBenim annem \u0130zmir\u2019de do\u011fmu\u015f. Asl\u0131nda \u0130zmir daima y\u00fckselen ve geli\u015fen bir kenttir. 70\u2019lerde Il\u0131ca ve \u00c7e\u015fme\u2019ye gitmi\u015ftim. Oralarda bir kitap\u00e7\u0131 g\u00f6rmemi\u015ftim. Ama \u015fimdi ge\u00e7en bir hafta evvel geldi\u011fimde \u0130zmir\u2019in t\u00fcm beldelerini gezdim, \u0130zmir\u2019de \u00e7ok g\u00fczel kitap\u00e7\u0131lar g\u00f6rd\u00fcm. \u0130zmir\u2019e geldi\u011fimizde her ad\u0131m bu kentin y\u00fckseli\u015fini g\u00f6steriyor. \u0130zmir\u2019in orkestras\u0131, operas\u0131 var. Bunlar\u0131 da tamamlayan bir kitap fuar\u0131 var. Bu y\u0131l fuar\u0131n alan\u0131 da artt\u0131. \u0130zmir kitap fuar\u0131n\u0131 \u00e7ok \u00f6nemsiyorum. \u0130zmirliler\u2019e kitab\u0131 y\u00fcksekte tuttuklar\u0131 i\u00e7in te\u015fekk\u00fcr ediyorum. Fuar\u0131n Onur Konu\u011fu olan Ahmet Cemal \u00e7ok eski dostum. \u0130lk \u00e7evirilerini ben yay\u0131nlad\u0131m. Cemal, bir \u00e7eviriyi yaparken i\u00e7ine sinmeyen bir \u00e7evreyi ondan alamazs\u0131n\u0131z. B\u00f6yle bir adam olmazsa Alman ve Avusturya edebiyat\u0131n\u0131n en \u00fcnl\u00fc adlar\u0131n\u0131 bize tan\u0131tabilir miydi\u201d dedi.<\/p>\n<p style=\"text-align: justify;\">\u201c\u00dcLKELER B\u0130LG\u0130SAYARLARI YASAKLIYOR\u201d<\/p>\n<p style=\"text-align: justify;\">T\u00fcrkiye Yay\u0131nc\u0131lar Birli\u011fi Genel Sekreteri Kenan Kocat\u00fcrk, \u201c<strong>Bug\u00fcn T\u00fcrkiye yay\u0131nc\u0131l\u0131k sekt\u00f6r\u00fc 43 bin ba\u015fl\u0131kla d\u00fcnya s\u0131ralamas\u0131nda 13&#8217;\u00fcnc\u00fc s\u0131rada, pazar b\u00fcy\u00fckl\u00fc\u011f\u00fc olarak 15&#8217;inci s\u0131raya yerle\u015fti.<\/strong> T\u00fcrkiye ekonomi de 17&#8217;nci s\u0131rada oldu\u011fu d\u00fc\u015f\u00fcn\u00fcld\u00fc\u011f\u00fcnde, yay\u0131nc\u0131l\u0131kta \u00e7ok \u00f6nemli noktaya gelmi\u015fiz. \u00d6nde gelen yazar ve edebiyat\u00e7\u0131lar\u0131n\u0131n \u00e7ok \u00f6nemli pay\u0131 vard\u0131r. \u00d6nemli etkisi olanlardan biri de \u00f6\u011fretmenlerdir. \u0130yi \u00f6\u011fretmenler iyi kitaplarla \u00e7ocuklar\u0131n ba\u015fka kap\u0131lar a\u00e7mas\u0131n\u0131 sa\u011flar. 23 Nisan Bizim i\u00e7in Ulusal Egemenlik ve \u00c7ocuk Bayram\u0131 ve UNESCO taraf\u0131ndan D\u00fcnya Kitap G\u00fcn\u00fc olarak kutlan\u0131yor. UNESCO 23 Nisan D\u00fcnya Kitap G\u00fcn\u00fc\u2019n\u00fc se\u00e7erek d\u00fcnyada kitapla bulu\u015fman\u0131n bir g\u00fcn\u00fc olarak tespit ediyor. T\u00fcm d\u00fcnya ekran ba\u011f\u0131ml\u0131s\u0131 haline gelmi\u015f \u00e7ocuklar\u0131n ba\u015fka kap\u0131lar\u0131 a\u00e7mas\u0131 i\u00e7in elinden geleni yap\u0131yor. Bilgisayarlar\u0131 yasaklayan \u00fclkeler var. \u0130zmirli anne ve babalar\u0131 \u00e7ocuklar\u0131 kitap fuar\u0131na getirerek ba\u015fka hayal d\u00fcnyalar\u0131na kap\u0131lar\u0131n\u0131 a\u00e7malar\u0131 i\u00e7in buraya getirmelerini rica ediyorum\u201d dedi. \u0130zmir Vali Yard\u0131mc\u0131s\u0131 Faz\u0131l Akg\u00fcn, okumayan bir toplum oldu\u011fumuzu ve toplumun b\u00fcy\u00fck b\u00f6l\u00fcm\u00fcn\u00fcn dizi ve magazin programlar\u0131n\u0131 izledi\u011fini ifade etti.\u200b<strong><strong><\/strong><\/strong><\/p>\n<p style=\"text-align: justify;\">Kaynak:http:\/\/www.dha.com.tr<\/p>\n","protected":false},"excerpt":{"rendered":"<p>T\u00dcYAP T\u00fcm Fuarc\u0131l\u0131k Yap\u0131m A.\u015e. ve T\u00fcrkiye Yay\u0131nc\u0131lar Birli\u011fi\u2019nin ortakla\u015fa d\u00fczenledi\u011fi \u0130zmir Kitap Fuar\u0131, 18&#8217;inci kez kap\u0131lar\u0131n\u0131 a\u00e7t\u0131. 20-28 Nisan tarihleri aras\u0131nda a\u00e7\u0131k kalacak olan kitap fuar\u0131na 390 yay\u0131nevi stand a\u00e7arken, fuar boyunca 800 yazar \u0130zmirli kitapseverler ile bulu\u015facak. Bu y\u0131l 18&#8217;incisi d\u00fczenlenen \u0130zmir Kitap Fuar\u0131, \u201cKitab\u0131n Ege Yoluculu\u011fu\u201d slogan\u0131yla ba\u015flad\u0131. Uluslararas\u0131 \u0130zmir Fuar Alan\u0131 [&hellip;]<\/p>\n","protected":false},"author":1,"featured_media":0,"comment_status":"open","ping_status":"open","sticky":false,"template":"","format":"standard","meta":{"footnotes":""},"categories":[1,1493],"tags":[],"class_list":["post-10740","post","type-post","status-publish","format-standard","hentry","category-genel","category-kitap-fuarlari-2"],"_links":{"self":[{"href":"https:\/\/www.bbyhaber.com\/bby\/wp-json\/wp\/v2\/posts\/10740"}],"collection":[{"href":"https:\/\/www.bbyhaber.com\/bby\/wp-json\/wp\/v2\/posts"}],"about":[{"href":"https:\/\/www.bbyhaber.com\/bby\/wp-json\/wp\/v2\/types\/post"}],"author":[{"embeddable":true,"href":"https:\/\/www.bbyhaber.com\/bby\/wp-json\/wp\/v2\/users\/1"}],"replies":[{"embeddable":true,"href":"https:\/\/www.bbyhaber.com\/bby\/wp-json\/wp\/v2\/comments?post=10740"}],"version-history":[{"count":0,"href":"https:\/\/www.bbyhaber.com\/bby\/wp-json\/wp\/v2\/posts\/10740\/revisions"}],"wp:attachment":[{"href":"https:\/\/www.bbyhaber.com\/bby\/wp-json\/wp\/v2\/media?parent=10740"}],"wp:term":[{"taxonomy":"category","embeddable":true,"href":"https:\/\/www.bbyhaber.com\/bby\/wp-json\/wp\/v2\/categories?post=10740"},{"taxonomy":"post_tag","embeddable":true,"href":"https:\/\/www.bbyhaber.com\/bby\/wp-json\/wp\/v2\/tags?post=10740"}],"curies":[{"name":"wp","href":"https:\/\/api.w.org\/{rel}","templated":true}]}}