{"id":10735,"date":"2013-04-20T13:15:32","date_gmt":"2013-04-20T10:15:32","guid":{"rendered":"http:\/\/www.bbyhaber.com\/bby\/?p=10735"},"modified":"2013-04-20T13:25:13","modified_gmt":"2013-04-20T10:25:13","slug":"meclis-kutuphanesi-nadire-eserlere-de-ev-sahipligi-yapiyor","status":"publish","type":"post","link":"https:\/\/www.bbyhaber.com\/bby\/2013\/04\/20\/meclis-kutuphanesi-nadire-eserlere-de-ev-sahipligi-yapiyor","title":{"rendered":"Meclis K\u00fct\u00fcphanesi nadire eserlere de ev sahipli\u011fi yap\u0131yor"},"content":{"rendered":"<p style=\"text-align: justify;\"><img loading=\"lazy\" decoding=\"async\" class=\"alignleft\" src=\"http:\/\/www.tbmm.gov.tr\/kurumsalkimlik_images\/beyaz_logo.png\" alt=\"\" width=\"150\" height=\"150\" \/>Osmanl\u0131 \u2013 Rus Sava\u015f\u0131\u2019nda Sibirya Krasnoyorsk tutsaklar kamp\u0131nda T\u00fcrk esirler taraf\u0131ndan \u00e7\u0131kart\u0131lan Vaveyla dergisinden, Buhara\u2019daki M\u00fcsl\u00fcmanlar taraf\u0131ndan TBMM\u2019ye hediye edilen el yazmas\u0131 Kur\u2019an-\u0131 Kerim\u2019e kadar \u00e7ok say\u0131da nadide eser Meclis K\u00fct\u00fcphanesi&#8217;nde bulunuyor. B\u00fcy\u00fck Okuma Salonu\u2019nun alt\u0131nda bulunan 4 katl\u0131 depolarda, 350 bin kitaba ev sahipli\u011fi yapan Meclis K\u00fct\u00fcphanesi\u2019ne her y\u0131l 10 bin yeni kitap giri\u015fi oluyor.\u00a0<!--more--><\/p>\n<p style=\"text-align: justify;\">Temel amac\u0131 Parlamenterlerin ihtiya\u00e7 duyabilecekleri kaynaklar\u0131 sa\u011flamak olan Meclis K\u00fct\u00fcphanesi, zeminin alt\u0131ndaki 4 kat deposunda \u00e7ok zengin bir koleksiyonu da bar\u0131nd\u0131r\u0131yor. K\u00fct\u00fcphane ve \u00e7al\u0131\u015fma sistemi hakk\u0131nda bilgi veren TBMM K\u00fct\u00fcphane ve Ar\u015fiv Hizmetleri Ba\u015fkan\u0131 Mehmet Toprak, Okuma Salonu\u2019nun alt\u0131nda bulunan 4 katl\u0131 deponun 350 bin kitaba ev sahipli\u011fi yapt\u0131\u011f\u0131n\u0131, her y\u0131l 10 bin yeni kitap giri\u015fi bulundu\u011funu aktard\u0131. Kapal\u0131 raf sistemi uyguland\u0131\u011f\u0131 i\u00e7in depolara sadece g\u00f6revlilerin girebildi\u011fini dile getiren Toprak,\u00a0<strong>\u201cYang\u0131n ve benzeri risklere kar\u015f\u0131 kullanmad\u0131\u011f\u0131m\u0131z andan itibaren deponun elektrik ile t\u00fcm ili\u015fi\u011fi kesiliyor.\u201d<\/strong>\u00a0dedi.<\/p>\n<p style=\"text-align: justify;\">Her y\u0131l 10 bin yeni kitap giri\u015fi dolay\u0131s\u0131 ile depolarda ciddi anlamda bir doluluk oldu\u011funu ifade eden Toprak,<strong>\u201cBu da sizi mekan aray\u0131\u015f\u0131na sevk ediyor. \u00d6zellikle kitap depolar\u0131m\u0131z i\u00e7in yer aray\u0131\u015f\u0131m\u0131z \u00f6teden beri var. Bu konuda Meclis\u2019te bir \u00e7ok giri\u015fimde bulunulmu\u015f ama bug\u00fcne kadar hen\u00fcz somut ad\u0131m olmamakla birlikte aray\u0131\u015flar\u0131m\u0131z s\u00fcr\u00fcyor. \u00d6yle zannediyorum ki yak\u0131n zamanda Meclis K\u00fct\u00fcphanesi de kendine \u00f6zg\u00fc, m\u00fcstakil bir binaya ta\u015f\u0131nacak.\u201d<\/strong>\u00a0diye konu\u015ftu.<\/p>\n<p style=\"text-align: justify;\">KOLEKS\u0130YON, DERLEME, BA\u011eI\u015e VE SATIN ALMA YOLU \u0130LE OLU\u015eTURULUYOR<\/p>\n<p style=\"text-align: justify;\">Toprak, derleme, ba\u011f\u0131\u015f ve sat\u0131n alma yolu ile gelen kitap ve yay\u0131nlardan olu\u015fan koleksiyonda, daha \u00e7ok yasamaya d\u00f6n\u00fck \u00e7al\u0131\u015fmalarda ihtiya\u00e7 duyulan kitaplar bulundu\u011funu dile getirdi. Toprak,\u00a0\u201cParlamenterin yasamaya d\u00f6n\u00fck \u00e7al\u0131\u015fmalar\u0131nda ihtiya\u00e7 duydu\u011fu bir kitap e\u011fer koleksiyonumuzda yoksa, piyasadan sat\u0131n al\u0131nabiliniyor. \u0130sterse yurt d\u0131\u015f\u0131nda bas\u0131lm\u0131\u015f olsun, fark etmez. Bu bir s\u00fcreli yay\u0131n ise abone olunabiliniyor. Zaman zaman, talep olmasa da, ihtiya\u00e7 olabilece\u011fini d\u00fc\u015f\u00fcnd\u00fc\u011f\u00fcm\u00fcz yay\u0131nlar da var. Bunlar\u0131 da \u00f6nceden tespit edip koleksiyona kazand\u0131rmak i\u00e7in giri\u015fimleri ba\u015flat\u0131yoruz.&#8221; dedi.<\/p>\n<p style=\"text-align: justify;\">Meclis K\u00fct\u00fcphanesi\u2019nden \u00f6ncelikle milletvekillerinin ve Meclis \u00e7al\u0131\u015fanlar\u0131n\u0131n faydalanabildi\u011fini dile getiren Toprak,\u00a0\u201cMeclis d\u0131\u015f\u0131ndan gelen, d\u0131\u015f ara\u015ft\u0131rmac\u0131 dedi\u011fimiz ara\u015ft\u0131rmac\u0131lar da, ihtiya\u00e7 duyduklar\u0131 yay\u0131n yaln\u0131zca Parlamento K\u00fct\u00fcphanesi\u2019nde ise yani ba\u015fka bir yerde bulamad\u0131larsa, ba\u015fvurabiliyor. Bu ki\u015filerin ba\u015fvuru \u015fartlar\u0131 ise biraz farkl\u0131. Taleplerini yaz\u0131l\u0131 olarak bize ilettiklerinde k\u00fct\u00fcphaneye giri\u015f kart\u0131 \u00e7\u0131kart\u0131yoruz. 30 g\u00fcn s\u00fcre ile bunu kullanabiliyorlar. Bir 30 g\u00fcn daha ihtiya\u00e7 do\u011frultusunda uzatabiliyoruz.\u201d\u00a0ifadesini kulland\u0131. D\u0131\u015f ara\u015ft\u0131rmac\u0131lar\u0131n kaynaklardan sadece k\u00fct\u00fcphane i\u00e7inde yararlanabildi\u011fini belirten Toprak,\u00a0\u201cYay\u0131n\u0131n telif s\u0131k\u0131nt\u0131s\u0131 yok ise dijital kopya da verilebiliyor.\u201d\u00a0\u015feklinde konu\u015ftu.<\/p>\n<p style=\"text-align: justify;\">MECL\u0130S-\u0130 AYAN VE MECL\u0130S-\u0130 MEBUSAN\u2019A A\u0130T TUTANAKLAR DA BULUNUYOR<\/p>\n<p style=\"text-align: justify;\">K\u00fct\u00fcphanede Meclis-i Ayan ve Meclis-i Mebusan d\u00f6nemlerinden tutanaklar da bulundu\u011funu belirten Toprak,\u00a0\u201cBu eserlerin dili Osmanl\u0131ca. Osmanl\u0131ca yay\u0131nlar\u0131m\u0131z\u0131n \u00e7o\u011funu elektronik ortama aktarmaya \u00e7al\u0131\u015f\u0131yoruz. Son zamanlarda bunlardan bir k\u0131sm\u0131n\u0131 da internetten a\u00e7t\u0131k. O d\u00f6nemde yay\u0131nlanm\u0131\u015f bas\u0131l\u0131 dergiler, resmi gazeteler\u2026 Bunlar\u0131n da dili Osmanl\u0131ca. Koleksiyonumuzda bunlarda mevcut.\u201d\u00a0dedi.<\/p>\n<p style=\"text-align: justify;\">KOLEKS\u0130YONUN EN \u00c7OK \u0130LG\u0130 \u00c7EKEN ESERLER\u0130NDEN B\u0130R\u0130 VAVEYLA<\/p>\n<p style=\"text-align: justify;\">Koleksiyonda \u00e7ok say\u0131da nadir eser de bulundu\u011funu kaydeden Toprak, bunlar\u0131n birinin Osmanl\u0131 \u2013Rus Sava\u015f\u0131\u2019nda esir d\u00fc\u015fen T\u00fcrk askerlerinin kendi el yaz\u0131lar\u0131 ile haz\u0131rlad\u0131klar\u0131 Vaveyla adl\u0131 dergi oldu\u011funu aktard\u0131. Toprak, &#8220;Bu koleksiyonumuzun en \u00e7ok ra\u011fbet g\u00f6ren, ilgi \u00e7eken eseri. Bunlar hem Osmanl\u0131ca hem de el yaz\u0131s\u0131. Rus cezaevlerinde mahkum esir T\u00fcrkler b\u00f6yle bir dergi ile d\u00fc\u015f\u00fcncelerini, duygular\u0131n\u0131 yazm\u0131\u015flar. Bunu da o d\u00f6nem, ula\u015fabildikleri yerlere ula\u015ft\u0131rm\u0131\u015flar. Bundan haberdar olanlar merak edip geliyor. Bazen yurt d\u0131\u015f\u0131ndan da kopya almak isteyen, g\u00f6rmek isteyenler oluyor.&#8221; diye konu\u015ftu.<\/p>\n<p style=\"text-align: justify;\">BUHARALI M\u00dcSL\u00dcMANLARIN TBMM BA\u015eKANLI\u011eI\u2019NA G\u00d6NDERD\u0130\u011e\u0130 EL YAZMASI KUR\u2019AN-I KER\u0130M<\/p>\n<p style=\"text-align: justify;\">TBMM K\u00fct\u00fcphane ve Ar\u015fiv Hizmetleri Daire Ba\u015fka Yard\u0131mc\u0131s\u0131 Tuncer Y\u0131lmaz da, koleksiyonda bulunan di\u011fer baz\u0131 nadir eserler hakk\u0131nda bilgi verdi. Buhara\u2019dan TBMM\u2019ye g\u00f6nderilen Kur\u2019an-\u0131 Kerim\u2019in de el yazmas\u0131 olmas\u0131 nedeniyle tek kopya oldu\u011funu s\u00f6yleyen Y\u0131lmaz, &#8220;Bu Kur\u2019an Buhara\u2019daki M\u00fcsl\u00fcmanlar taraf\u0131ndan TBMM a\u00e7\u0131ld\u0131\u011f\u0131nda, TBMM Reisli\u011fi\u2019ne hediye olarak g\u00f6nderilmi\u015ftir.&#8221; dedi.<\/p>\n<p style=\"text-align: justify;\">1822 YILINDA YAYIN HAYATINA BA\u015eLAYAN JOURNAL ASIATIQUE<\/p>\n<p style=\"text-align: justify;\">Fransa\u2019da 1822 y\u0131l\u0131nda yay\u0131n hayat\u0131na ba\u015flayan \u00e7e\u015fitli dillerde kaleme al\u0131nm\u0131\u015f Journal As\u0131at\u0131que adl\u0131 derginin de koleksiyonda \u00f6ne \u00e7\u0131kan eserler aras\u0131nda bulundu\u011funu aktaran Y\u0131lmaz,\u00a0\u201cBu eser d\u00fcnyada \u00e7ok az k\u00fct\u00fcphanede tam seri olarak bulunabiliyor ki, bunlardan biri biz, di\u011feri de do\u011fal olarak Frans\u0131z Milli K\u00fct\u00fcphanesi. Journal As\u0131at\u0131que, Avrupala oryantalistlerin Do\u011fu \u00fclkelerindeki, \u00f6zellikle Osmanl\u0131 \u0130mparatorlu\u011fu, \u0130ran ve Arap Yar\u0131madas\u0131\u2019ndaki \u00fclkeler \u00fczerinde yapt\u0131klar\u0131 faaliyetlerin ve incelemelerin yay\u0131nland\u0131\u011f\u0131, analiz edildi\u011fi bir kaynakt\u0131r. Oryantalistler bu b\u00f6lgelerde ya\u015fayan topluluklar\u0131n d\u00fc\u011f\u00fcn adetlerini, bayram adetlerini t\u00fcm toplumsal niteliklerini inceleyerek burada yay\u0131nlam\u0131\u015flar. San\u0131yorum bizleri \u00e7\u00f6z\u00fcmlemeleri bu t\u00fcr kaynaklar\u0131 incelemelerine ba\u011fl\u0131 olarak geli\u015fiyor.\u201d\u00a0\u015feklinde konu\u015ftu.<\/p>\n<p style=\"text-align: justify;\">5 B\u0130N NAD\u0130R ESER<\/p>\n<p style=\"text-align: justify;\">Meclis K\u00fct\u00fcphanesi\u2019nin bunlar d\u0131\u015f\u0131nda \u00e7ok say\u0131da nadir esere de ev sahipli\u011fi yapt\u0131\u011f\u0131n\u0131 kaydeden Y\u0131lmaz, \u015f\u00f6yle devam etti:\u00a0\u201cK\u00fct\u00fcphanemiz, \u0130stanbul\u2019dan, Meclis-i Ayan ve Meclis-i Mebusan k\u00fct\u00fcphanelerinden bize intikal etmi\u015f 5 bin civar\u0131nda nadir esere de sahiptir. Bunlar\u0131n hepsinin i\u00e7erisinde Meclis-i Mebusan ve Meclis-i Ayan damgalar\u0131 g\u00f6r\u00fclebilir. Bu nedenle \u00e7ok \u00f6zel bir koleksiyonumuz var. Sadece yasamaya destek verecek koleksiyon olu\u015fturman\u0131n d\u0131\u015f\u0131nda, bunlar\u0131n nadirli\u011finin de bilinci i\u00e7indeyiz. Analog teknolojilerle \u00e7al\u0131\u015ft\u0131\u011f\u0131m\u0131z d\u00f6nemlerde y\u0131llarca bunlar\u0131 mikrofilm \u00fczerinden hizmete sunduk. Korumaya almak i\u00e7in m\u00fcmk\u00fcn oldu\u011funca kitaplar depodan d\u0131\u015far\u0131 \u00e7\u0131kart\u0131lmad\u0131, el s\u00fcr\u00fclmedi. O nedenle bu y\u0131llara kadar temiz \u015fekilde ula\u015fabildi. 2005 y\u0131l\u0131ndan itibaren dijital teknolojilerin bize m\u00fcsaade etmesi ve teknolojinin geli\u015fmesi ile dijital teknolojiye ge\u00e7tik. Nadir eserlerimizin y\u00fczde 50\u2019ye yak\u0131n k\u0131sm\u0131, bilgisayar ortam\u0131na aktar\u0131ld\u0131 ve kullan\u0131c\u0131lar\u0131m\u0131z\u0131n eri\u015febilece\u011fi, yararlanabilece\u011fi standartlarda hizmete sunuldu.\u201d<\/p>\n<p style=\"text-align: justify;\">&#8220;D\u00dcNYANIN SAYILI S\u00dcREL\u0130 YAYIN KOLEKS\u0130YONUNA SAH\u0130B\u0130Z&#8221;<\/p>\n<p style=\"text-align: justify;\">TBMM K\u00fct\u00fcphanesi\u2019nin say\u0131l\u0131 s\u00fcreli yay\u0131n koleksiyonuna sahip oldu\u011funu da s\u00f6zlerine ekleyen Y\u0131lmaz,\u00a0\u201c1700\u2019l\u00fc y\u0131llar\u0131n sonlar\u0131na ula\u015fan gazete koleksiyonumuz var. Bunlar Amerikan gazeteleri, Frans\u0131z gazeteleri, Alman gazeteleri\u2026 Osmanl\u0131 co\u011frafyas\u0131nda yay\u0131nlanm\u0131\u015f olan gazeteler de var bunlar\u0131n i\u00e7erisinde; Tasvir-i Efkar, Tevhid-i Efkar gibi. Bunlar\u0131n hepsi mikrofilm \u00fczerinde kay\u0131tl\u0131. Hen\u00fcz dijital ortama aktar\u0131lmad\u0131. Mikrofilm okuma cihazlar\u0131 ile kullan\u0131c\u0131lar\u0131m\u0131z\u0131n hizmetine sunulabilmektedir.\u201d\u00a0dedi.<\/p>\n<p style=\"text-align: justify;\">VAVEYLA DERG\u0130S\u0130&#8217;NDE \u00c7IKAN B\u0130R \u015e\u0130\u0130R<\/p>\n<p style=\"text-align: justify;\">Devr-i gerdunla bu an Beh\u00e7et\u2019e oldu nihad<\/p>\n<p style=\"text-align: justify;\">B\u00f6yle edvar g\u00f6rmemi\u015f olsa gerek mazi maad<\/p>\n<p style=\"text-align: justify;\">(Bu an d\u00f6nen d\u00fcnya ile Beh\u00e7et\u2019e (sevince) huy oldu; mazi ve ahret b\u00f6yle devirler g\u00f6rmemi\u015f olsa gerek)<\/p>\n<p style=\"text-align: justify;\">\u00d6yle bir ahd-\u0131 hamaset ki v\u00fccud-\u0131 devleti<\/p>\n<p style=\"text-align: justify;\">Akibet te\u2019yid edip mazlumlar\u0131 ald\u0131 murad<\/p>\n<p style=\"text-align: justify;\">(Kutlu varl\u0131\u011f\u0131 \u00f6yle bir cesaret yemini haline geldi ki, sonunda mazlumlar\u0131 kuvvetlendirip onlar\u0131n murad\u0131n\u0131 (hakk\u0131n\u0131) ald\u0131)<\/p>\n<p style=\"text-align: justify;\">Vasf\u0131n\u0131 i\u2019lam m\u00fc\u015fk\u00fcld\u00fcr o ulvi sahnenin<\/p>\n<p style=\"text-align: justify;\">Ser-te-ser rayat-\u0131 istiklal ile dolmu\u015f bilad<\/p>\n<p style=\"text-align: justify;\">(Memleketler, \u015fehirler ba\u015ftan ba\u015fa ba\u011f\u0131ms\u0131zl\u0131k bayraklar\u0131 ile \u00f6yle dolmu\u015f ki, bu y\u00fcce manzaran\u0131n tarifini yapmak zordur)<\/p>\n<p style=\"text-align: justify;\">Taht\u0131n\u0131 eflaka te\u015fbih eylesen gazimizin<\/p>\n<p style=\"text-align: justify;\">Tam dokuz resm-i c\u00fclusun sayiri ali-nijad<\/p>\n<p style=\"text-align: justify;\">(Tam dokuz taht merasimini seyreden y\u00fcce soylu gazimizin taht\u0131n\u0131 g\u00f6klere benzetsek)<\/p>\n<p style=\"text-align: justify;\">Ger\u00e7i b\u00fcnyad-\u0131 vatan azas\u0131na \u00e7\u00f6km\u00fc\u015f zalam<\/p>\n<p style=\"text-align: justify;\">Bu husufdan sonra lem\u2019-\u0131 bedr-i envar m\u00fcstezad<\/p>\n<p style=\"text-align: justify;\">(Her ne kadar vatan\u0131n esas par\u00e7alar\u0131na karanl\u0131k \u00e7\u00f6km\u00fc\u015fse de bu ay tutulmas\u0131ndan sonra ay\u0131n \u0131\u015f\u0131klar\u0131n\u0131n parlakl\u0131\u011f\u0131 artacakt\u0131r)<\/p>\n<p style=\"text-align: justify;\">Bir vakit muhkir-alud-f\u00fctur idi Osmaniyan<\/p>\n<p style=\"text-align: justify;\">Ba\u2019d ez-in etse ne var \u0130slam\u2019a her kes inkiyad<\/p>\n<p style=\"text-align: justify;\">(Bir vakit Osmanl\u0131lar gayretsizlik al\u00e7akl\u0131\u011f\u0131na bula\u015fm\u0131\u015ft\u0131, bundan sonra herkes \u0130slam\u2019a boyun e\u011fse ne var?)<\/p>\n<p style=\"text-align: justify;\">Ruh-\u0131 cavid nefh ile tal\u2019at kulub-\u0131 \u00fcmmete<\/p>\n<p style=\"text-align: justify;\">Nur-\u0131 cemal ile hem etdi b\u00fct\u00fcn afak\u0131 \u015fad<\/p>\n<p style=\"text-align: justify;\">(\u00dcmmetin kalplerinin ayd\u0131nl\u0131k y\u00fcz\u00fcne sonsuz ruhu \u00fcflemeyle y\u00fczlerini nurland\u0131rarak b\u00fct\u00fcn ufuklar\u0131 sevindirdi)<\/p>\n<p style=\"text-align: justify;\">M\u00fcnte\u015fir aktar dura dura \u0130slam askeri<\/p>\n<p style=\"text-align: justify;\">Bir y\u0131\u011f\u0131n eclafa kar\u015f\u0131 saf tutar misl-i pulad<\/p>\n<p style=\"text-align: justify;\">(\u0130slam askeri her tarafa da\u011f\u0131l\u0131p durarak bir y\u0131\u011f\u0131n edepsizli\u011fe kar\u015f\u0131 bir demir gibi saf tutar)<\/p>\n<p style=\"text-align: justify;\">E\u015fk-ab-\u0131 me\u2019yus ya hun seyl-asa bug\u00fcn<\/p>\n<p style=\"text-align: justify;\">Zeyt-i misbah-\u0131 beka ikad edende ittihad<\/p>\n<p style=\"text-align: justify;\">(Bug\u00fcn \u00fcmitsizlik g\u00f6zya\u015flar\u0131 sel gibidir; (sadece) birlik daim olma kandilinin ya\u011f\u0131n\u0131 tutu\u015fturur)<\/p>\n<p style=\"text-align: justify;\">Hakk\u0131 faik milletin sername-i garras\u0131d\u0131r<\/p>\n<p style=\"text-align: justify;\">\u0130zzet u iclalini tevkir eder ehl-i sevad<\/p>\n<p style=\"text-align: justify;\">(Y\u00fcce milletin hakk\u0131 \u00f6yle \u015fa\u2019\u015faal\u0131 bir \u00f6ns\u00f6zd\u00fcr ki, yazarlar onun de\u011ferine ve b\u00fcy\u00fckl\u00fc\u011f\u00fcne sayg\u0131 g\u00f6sterir)<\/p>\n<p style=\"text-align: justify;\">Bak vehib kudretin pertev-fe\u015fan-\u0131 iclaline<\/p>\n<p style=\"text-align: justify;\">Etmi\u015f ihsan \u015fanl\u0131 serdarlar ona Rabb\u00fc\u2019l-\u0130bad<\/p>\n<p style=\"text-align: justify;\">(Bak, ba\u011f\u0131\u015flar ba\u011f\u0131\u015flayan kudretin \u0131\u015f\u0131klar sa\u00e7an b\u00fcy\u00fckl\u00fc\u011f\u00fcne ki, kullar\u0131n Rabb\u0131, ona \u015fanl\u0131 kumandanlar ihsan etmi\u015f)<\/p>\n<p style=\"text-align: justify;\">Cilve-i takdir esaret gam yemez arif buna<\/p>\n<p style=\"text-align: justify;\">An-karib rah-\u0131 safa-bah\u015fa olur elbet k\u00fc\u015fad<\/p>\n<p style=\"text-align: justify;\">(Esaret kudretin cilvesidir; arif olan bundan dolay\u0131 gam yemez, rahatl\u0131k yolu elbette \u00e7ok ge\u00e7meden a\u00e7\u0131l\u0131r)<\/p>\n<p style=\"text-align: justify;\">Nuriya tarihini cevherle yaz Hakan\u0131n\u0131n<\/p>\n<p style=\"text-align: justify;\">Kavmi naci m\u00fclki muhyi seyf-i enverle Re\u015fad<\/p>\n<p style=\"text-align: justify;\">(Ey Nuri! Padi\u015fah\u0131n, yani en nurlu k\u0131l\u0131\u00e7la kavmini kurtaran, devleti canland\u0131ran Sultan Re\u015fad\u2019\u0131n tarihini m\u00fccevherle yaz)<\/p>\n<p style=\"text-align: justify;\">Nuri (Vaveyla, 1333, Numara: 69, s:807).<\/p>\n<p style=\"text-align: justify;\">Kaynak:\u00a0http:\/\/www.bugun.com.tr\/<\/p>\n","protected":false},"excerpt":{"rendered":"<p>Osmanl\u0131 \u2013 Rus Sava\u015f\u0131\u2019nda Sibirya Krasnoyorsk tutsaklar kamp\u0131nda T\u00fcrk esirler taraf\u0131ndan \u00e7\u0131kart\u0131lan Vaveyla dergisinden, Buhara\u2019daki M\u00fcsl\u00fcmanlar taraf\u0131ndan TBMM\u2019ye hediye edilen el yazmas\u0131 Kur\u2019an-\u0131 Kerim\u2019e kadar \u00e7ok say\u0131da nadide eser Meclis K\u00fct\u00fcphanesi&#8217;nde bulunuyor. B\u00fcy\u00fck Okuma Salonu\u2019nun alt\u0131nda bulunan 4 katl\u0131 depolarda, 350 bin kitaba ev sahipli\u011fi yapan Meclis K\u00fct\u00fcphanesi\u2019ne her y\u0131l 10 bin yeni kitap giri\u015fi [&hellip;]<\/p>\n","protected":false},"author":1,"featured_media":0,"comment_status":"open","ping_status":"open","sticky":false,"template":"","format":"standard","meta":{"footnotes":""},"categories":[1,1500],"tags":[438,481,480],"class_list":["post-10735","post","type-post","status-publish","format-standard","hentry","category-genel","category-nadir-eserler","tag-el-yazmalari","tag-journal-asiatique","tag-vaveyla-dergisi"],"_links":{"self":[{"href":"https:\/\/www.bbyhaber.com\/bby\/wp-json\/wp\/v2\/posts\/10735"}],"collection":[{"href":"https:\/\/www.bbyhaber.com\/bby\/wp-json\/wp\/v2\/posts"}],"about":[{"href":"https:\/\/www.bbyhaber.com\/bby\/wp-json\/wp\/v2\/types\/post"}],"author":[{"embeddable":true,"href":"https:\/\/www.bbyhaber.com\/bby\/wp-json\/wp\/v2\/users\/1"}],"replies":[{"embeddable":true,"href":"https:\/\/www.bbyhaber.com\/bby\/wp-json\/wp\/v2\/comments?post=10735"}],"version-history":[{"count":0,"href":"https:\/\/www.bbyhaber.com\/bby\/wp-json\/wp\/v2\/posts\/10735\/revisions"}],"wp:attachment":[{"href":"https:\/\/www.bbyhaber.com\/bby\/wp-json\/wp\/v2\/media?parent=10735"}],"wp:term":[{"taxonomy":"category","embeddable":true,"href":"https:\/\/www.bbyhaber.com\/bby\/wp-json\/wp\/v2\/categories?post=10735"},{"taxonomy":"post_tag","embeddable":true,"href":"https:\/\/www.bbyhaber.com\/bby\/wp-json\/wp\/v2\/tags?post=10735"}],"curies":[{"name":"wp","href":"https:\/\/api.w.org\/{rel}","templated":true}]}}