{"id":1073,"date":"2011-02-08T16:04:08","date_gmt":"2011-02-08T16:04:08","guid":{"rendered":"http:\/\/www.bbyhaber.com\/bby\/?p=1073"},"modified":"2012-04-24T10:37:43","modified_gmt":"2012-04-24T10:37:43","slug":"okul-kutuphaneleri-market-destegiyle-yenileniyor","status":"publish","type":"post","link":"https:\/\/www.bbyhaber.com\/bby\/2011\/02\/08\/okul-kutuphaneleri-market-destegiyle-yenileniyor","title":{"rendered":"Okul k\u00fct\u00fcphaneleri market deste\u011fiyle yenileniyor"},"content":{"rendered":"<p style=\"text-align: justify;\" align=\"justify\">Taraflar\u0131n hayata ge\u00e7irdi\u011fi, &#8216;El Ele Verelim, K\u00fct\u00fcphanelerimizi Yenileyelim&#8217; projesi kapsam\u0131nda T\u00fcrkiye genelinde ihtiyac\u0131 olan okullar\u0131n k\u00fct\u00fcphanelerini yenileyecek. Proje, ilk\u00f6\u011fretim okullar\u0131ndaki \u00e7ocuklara kitap okuma al\u0131\u015fkanl\u0131\u011f\u0131 kazand\u0131rmay\u0131 hedefliyor. Bu \u00e7er\u00e7evede y\u0131lda 3 okulun k\u00fct\u00fcphanesi yeniden olu\u015fturulacak, k\u00fct\u00fcphanesi olmayan okullar i\u00e7in \u00f6zel kitapl\u0131k alanlar\u0131 kurulacak. <!--more--><\/p>\n<p style=\"text-align: justify;\" align=\"justify\">Proje \u00e7er\u00e7evesinde Demetevler \u0130lk\u00f6\u011fretim Okulu&#8217;nda yenilenen k\u00fct\u00fcphanenin a\u00e7\u0131l\u0131\u015f\u0131na; Milli E\u011fitim \u0130l M\u00fcd\u00fcr Kamil Aydo\u011fan, Makro Market Y\u00f6netim Kurulu Ba\u015fkan\u0131 \u015eeref Song\u00f6r ile P&amp;G D\u0131\u015f \u0130li\u015fkiler Direkt\u00f6r\u00fc Hayr\u00fcnnisa Aligil kat\u0131ld\u0131.<\/p>\n<p style=\"text-align: justify;\" align=\"justify\">Hayr\u00fcnnisa Aligil, a\u00e7\u0131l\u0131\u015f t\u00f6reninde yapt\u0131\u011f\u0131 konu\u015fmada, \u015firket olarak iyi bir kurumsal vatanda\u015f olma \u00e7abalar\u0131n\u0131 s\u00fcrd\u00fcrd\u00fcklerini s\u00f6yledi. Bu ama\u00e7 do\u011frultusunda projeleri de\u011ferlendirdiklerini ve sosyal sorumluluk projeleri i\u00e7inde yer almaktan gurur duyduklar\u0131n\u0131 ifade eden Aligil, &#8220;\u00d6\u011frenciler, tatil sonras\u0131 okula d\u00f6nd\u00fcklerinde yenilenen k\u00fct\u00fcphaneleri ile e\u011fitime ba\u015flayacak. Yar\u0131y\u0131l tatili d\u00f6n\u00fc\u015f\u00fcnde yenilenen k\u00fct\u00fcphane ve y\u00fczlerce yeni kitapla kar\u015f\u0131la\u015facaklar. Onlar\u0131 sevindirecek bu s\u00fcrprizimizle, \u00e7ocuklar\u0131m\u0131za kitap okuma al\u0131\u015fkanl\u0131\u011f\u0131 kazand\u0131rarak, minik ad\u0131mlarla b\u00fcy\u00fck i\u015fler ba\u015farmay\u0131 hedefliyoruz.&#8221; dedi.<\/p>\n<p style=\"text-align: justify;\" align=\"justify\">Proje orta\u011f\u0131 Makro Market Y\u00f6netim Kurulu Ba\u015fkan\u0131 \u015eeref Song\u00f6r de b\u00f6yle bir projenin alt\u0131na imza atman\u0131n hakl\u0131 gururunu ya\u015fad\u0131klar\u0131n\u0131 belirtti. &#8220;E\u011fer d\u00fcnyan\u0131n daha iyi bir yer olmas\u0131n\u0131 istiyorsak, daha rahat \u00e7al\u0131\u015fabilece\u011fimiz, daha huzurlu ya\u015fayabilece\u011fimiz bir ortam istiyorsak hem bireysel hem de kurumsal olarak sorumluluklar\u0131m\u0131z oldu\u011funu unutmamal\u0131y\u0131z&#8221; diyen Song\u00f6r, projeyi de bu kapsamda de\u011ferlendirdiklerini kaydetti. <strong style=\"text-align: justify;\"><\/strong><\/p>\n<p style=\"text-align: justify;\" align=\"justify\">Kaynak: http:\/\/samanyoluhaber.com<\/p>\n","protected":false},"excerpt":{"rendered":"<p>Taraflar\u0131n hayata ge\u00e7irdi\u011fi, &#8216;El Ele Verelim, K\u00fct\u00fcphanelerimizi Yenileyelim&#8217; projesi kapsam\u0131nda T\u00fcrkiye genelinde ihtiyac\u0131 olan okullar\u0131n k\u00fct\u00fcphanelerini yenileyecek. Proje, ilk\u00f6\u011fretim okullar\u0131ndaki \u00e7ocuklara kitap okuma al\u0131\u015fkanl\u0131\u011f\u0131 kazand\u0131rmay\u0131 hedefliyor. Bu \u00e7er\u00e7evede y\u0131lda 3 okulun k\u00fct\u00fcphanesi yeniden olu\u015fturulacak, k\u00fct\u00fcphanesi olmayan okullar i\u00e7in \u00f6zel kitapl\u0131k alanlar\u0131 kurulacak.<\/p>\n","protected":false},"author":1,"featured_media":0,"comment_status":"open","ping_status":"open","sticky":false,"template":"","format":"standard","meta":{"footnotes":""},"categories":[],"tags":[845],"class_list":["post-1073","post","type-post","status-publish","format-standard","hentry","tag-okul-kutuphaneleri"],"_links":{"self":[{"href":"https:\/\/www.bbyhaber.com\/bby\/wp-json\/wp\/v2\/posts\/1073"}],"collection":[{"href":"https:\/\/www.bbyhaber.com\/bby\/wp-json\/wp\/v2\/posts"}],"about":[{"href":"https:\/\/www.bbyhaber.com\/bby\/wp-json\/wp\/v2\/types\/post"}],"author":[{"embeddable":true,"href":"https:\/\/www.bbyhaber.com\/bby\/wp-json\/wp\/v2\/users\/1"}],"replies":[{"embeddable":true,"href":"https:\/\/www.bbyhaber.com\/bby\/wp-json\/wp\/v2\/comments?post=1073"}],"version-history":[{"count":0,"href":"https:\/\/www.bbyhaber.com\/bby\/wp-json\/wp\/v2\/posts\/1073\/revisions"}],"wp:attachment":[{"href":"https:\/\/www.bbyhaber.com\/bby\/wp-json\/wp\/v2\/media?parent=1073"}],"wp:term":[{"taxonomy":"category","embeddable":true,"href":"https:\/\/www.bbyhaber.com\/bby\/wp-json\/wp\/v2\/categories?post=1073"},{"taxonomy":"post_tag","embeddable":true,"href":"https:\/\/www.bbyhaber.com\/bby\/wp-json\/wp\/v2\/tags?post=1073"}],"curies":[{"name":"wp","href":"https:\/\/api.w.org\/{rel}","templated":true}]}}