{"id":10727,"date":"2013-04-19T15:17:41","date_gmt":"2013-04-19T12:17:41","guid":{"rendered":"http:\/\/www.bbyhaber.com\/bby\/?p=10727"},"modified":"2013-04-19T15:32:45","modified_gmt":"2013-04-19T12:32:45","slug":"rusya%e2%80%99nin-70-bolgesinde-kutuphane-gecesi-gerceklestirilecek","status":"publish","type":"post","link":"https:\/\/www.bbyhaber.com\/bby\/2013\/04\/19\/rusya%e2%80%99nin-70-bolgesinde-kutuphane-gecesi-gerceklestirilecek","title":{"rendered":"Rusya\u2019n\u0131n 70 b\u00f6lgesinde k\u00fct\u00fcphane gecesi ger\u00e7ekle\u015ftirilecek"},"content":{"rendered":"<p style=\"text-align: justify;\"><img loading=\"lazy\" decoding=\"async\" class=\"alignleft\" src=\"http:\/\/m.ruvr.ru\/data\/2013\/04\/19\/1328990348\/4RIA-510355-Preview.jpg\" alt=\"\" width=\"215\" height=\"124\" \/>T\u00fcm Rusya\u2019y\u0131 kapsayan 2.K\u00fct\u00fcphane Gecesi \u00fclkenin 70 b\u00f6lgesinde 19 Nisan\u2019\u0131 20 Nisan\u2019a ba\u011flayan gece ger\u00e7ekle\u015fecek. 700\u2019den fazla k\u00fct\u00fcphane, m\u00fcze, kitap ma\u011fazalar\u0131, galeri ve sanat kafelerinde gece kap\u0131lar\u0131n\u0131 ziyaret\u00e7ilere a\u00e7acak. \u0130tar Tass\u2019\u0131n bildirdi\u011fine g\u00f6re, bu y\u0131lki kampanyaya kat\u0131lan k\u00fclt\u00fcrel etkinliklerin t\u00fcm program\u0131 \u201cB\u00fcy\u00fck edebi yolculuk\u201d adl\u0131 konu ba\u015fl\u0131\u011f\u0131nda birle\u015fecek.<!--more--><\/p>\n<p style=\"text-align: justify;\">Kampanyan\u0131n en \u00f6zel projelerinden biri t\u00fcm Rusya\u2019daki okuyucular\u0131n oylar\u0131 ile 19 Nisan\u2019da \u00fclkedeki en pop\u00fcler yazarlar\u0131n a\u00e7\u0131klanaca\u011f\u0131 \u201cOkuyucu maratonu\u201d adl\u0131 etkinlik olacak. \u0130lk \u201cK\u00fct\u00fcphane Gecesi\u201d 2012 y\u0131l\u0131nda ba\u015far\u0131 ile ger\u00e7ekle\u015fmi\u015fti. Onun amac\u0131 okuman\u0131n hayat tarz\u0131 ve t\u00fcm Rusya\u2019y\u0131 birle\u015ftiren edebiyat s\u00fcrecinin geli\u015fimini desteklemek olmu\u015ftu. Organizat\u00f6rlerin s\u00f6zlerine g\u00f6re, bu kampanya \u00fclkede ve toplumda yarat\u0131c\u0131 rekabet d\u00fczeyini artt\u0131rmaya y\u00f6nelik projeler te\u015febb\u00fcs\u00fcnde bulunmaya yard\u0131mc\u0131 oluyor.<\/p>\n<p style=\"text-align: justify;\">Kaynak:http:\/\/turkish.ruvr.ru\/<\/p>\n","protected":false},"excerpt":{"rendered":"<p>T\u00fcm Rusya\u2019y\u0131 kapsayan 2.K\u00fct\u00fcphane Gecesi \u00fclkenin 70 b\u00f6lgesinde 19 Nisan\u2019\u0131 20 Nisan\u2019a ba\u011flayan gece ger\u00e7ekle\u015fecek. 700\u2019den fazla k\u00fct\u00fcphane, m\u00fcze, kitap ma\u011fazalar\u0131, galeri ve sanat kafelerinde gece kap\u0131lar\u0131n\u0131 ziyaret\u00e7ilere a\u00e7acak. \u0130tar Tass\u2019\u0131n bildirdi\u011fine g\u00f6re, bu y\u0131lki kampanyaya kat\u0131lan k\u00fclt\u00fcrel etkinliklerin t\u00fcm program\u0131 \u201cB\u00fcy\u00fck edebi yolculuk\u201d adl\u0131 konu ba\u015fl\u0131\u011f\u0131nda birle\u015fecek.<\/p>\n","protected":false},"author":1,"featured_media":0,"comment_status":"open","ping_status":"open","sticky":false,"template":"","format":"standard","meta":{"footnotes":""},"categories":[1],"tags":[1410],"class_list":["post-10727","post","type-post","status-publish","format-standard","hentry","category-genel","tag-uluslararasi-kutuphane-haberleri"],"_links":{"self":[{"href":"https:\/\/www.bbyhaber.com\/bby\/wp-json\/wp\/v2\/posts\/10727"}],"collection":[{"href":"https:\/\/www.bbyhaber.com\/bby\/wp-json\/wp\/v2\/posts"}],"about":[{"href":"https:\/\/www.bbyhaber.com\/bby\/wp-json\/wp\/v2\/types\/post"}],"author":[{"embeddable":true,"href":"https:\/\/www.bbyhaber.com\/bby\/wp-json\/wp\/v2\/users\/1"}],"replies":[{"embeddable":true,"href":"https:\/\/www.bbyhaber.com\/bby\/wp-json\/wp\/v2\/comments?post=10727"}],"version-history":[{"count":0,"href":"https:\/\/www.bbyhaber.com\/bby\/wp-json\/wp\/v2\/posts\/10727\/revisions"}],"wp:attachment":[{"href":"https:\/\/www.bbyhaber.com\/bby\/wp-json\/wp\/v2\/media?parent=10727"}],"wp:term":[{"taxonomy":"category","embeddable":true,"href":"https:\/\/www.bbyhaber.com\/bby\/wp-json\/wp\/v2\/categories?post=10727"},{"taxonomy":"post_tag","embeddable":true,"href":"https:\/\/www.bbyhaber.com\/bby\/wp-json\/wp\/v2\/tags?post=10727"}],"curies":[{"name":"wp","href":"https:\/\/api.w.org\/{rel}","templated":true}]}}