{"id":10713,"date":"2013-04-18T15:42:47","date_gmt":"2013-04-18T12:42:47","guid":{"rendered":"http:\/\/www.bbyhaber.com\/bby\/?p=10713"},"modified":"2013-04-18T15:45:19","modified_gmt":"2013-04-18T12:45:19","slug":"herhangi-bir-kutuphaneye-50-kitap-bagisla-sac-sakal-kesimin-ucretsiz-olsun","status":"publish","type":"post","link":"https:\/\/www.bbyhaber.com\/bby\/2013\/04\/18\/herhangi-bir-kutuphaneye-50-kitap-bagisla-sac-sakal-kesimin-ucretsiz-olsun","title":{"rendered":"Herhangi bir k\u00fct\u00fcphaneye 50 kitap ba\u011f\u0131\u015fla sa\u00e7-sakal kesimin \u00fccretsiz olsun"},"content":{"rendered":"<p style=\"text-align: justify;\">Fark Yaratanlar program\u0131, yap\u0131lan \u00e7al\u0131\u015fmalar\u0131n k\u0131sa videolar\u0131n\u0131n, Sabanc\u0131 Vakf\u0131 taraf\u0131ndan haz\u0131rlanarak internet ortam\u0131nda payla\u015f\u0131lmas\u0131n\u0131, izleyenlere ilham vermesini, b\u00f6ylece toplumsal geli\u015fmeye aktif kat\u0131l\u0131m\u0131n \u00e7o\u011falmas\u0131n\u0131 ama\u00e7l\u0131yor.\u00a0 Sabanc\u0131 Vakf\u0131\u2019n\u0131n yeni Fark Yaratan\u2019\u0131; \u201cBir g\u00fcn de\u011fil her g\u00fcn \u00e7evreciyim\u201d diyerek Kocaeli\u2019deki kuaf\u00f6r d\u00fckkan\u0131nda at\u0131klar\u0131n geri d\u00f6n\u00fc\u015f\u00fcm\u00fc i\u00e7in \u00e7al\u0131\u015fmalar yapan ve \u00e7al\u0131\u015fmalar\u0131n\u0131 il geneline yayan Rasim Uyan oldu.<!--more--><\/p>\n<p style=\"text-align: justify;\">Rasim Uyan, \u00e7\u0131rakl\u0131k d\u00f6neminden beri \u00e7evreyi korumak i\u00e7in \u00e7al\u0131\u015fan 25 y\u0131ll\u0131k bir erkek berberi. Uyan, d\u00fckkan\u0131ndaki \u00e7evreci uygulama ve kampanyalar\u0131yla m\u00fc\u015fterilerinin de \u00e7evreye duyarl\u0131 olmalar\u0131n\u0131 sa\u011fl\u0131yor. M\u00fc\u015fterilerin \u00e7evre duyarl\u0131l\u0131\u011f\u0131n\u0131 art\u0131rmak i\u00e7in promosyonlar geli\u015ftiren Rasim Uyan, 5 kilo at\u0131k pil, 50 adet cam \u015fi\u015fe ya da pet \u015fi\u015fe, 500 adet mavi kapak getirene, 10 tane a\u011fa\u00e7 dikene sa\u00e7 ve sakal t\u0131ra\u015f\u0131n\u0131 bedava yap\u0131yor. \u00d6zellikle at\u0131klar\u0131n geri d\u00f6n\u00fc\u015f\u00fcm\u00fcne katk\u0131 sa\u011flayan \u00e7al\u0131\u015fmalar\u0131 ile dikkat \u00e7eken Uyan, pillerin yan\u0131 s\u0131ra; sigara izmariti\/paketi, cam \u015fi\u015fe ve teneke kutular\u0131n da d\u00fckkan\u0131nda toplanmas\u0131n\u0131 sa\u011fl\u0131yor.<\/p>\n<p><iframe loading=\"lazy\" src=\"http:\/\/www.youtube.com\/embed\/m2nMBidQArs\" frameborder=\"0\" width=\"420\" height=\"315\"><\/iframe><\/p>\n<p style=\"text-align: justify;\">\u00c7evre hareketine \u00e7\u0131rakl\u0131k y\u0131llar\u0131nda ba\u015flayan Rasim Uyan, ilk olarak d\u00fckkan\u0131n \u00f6n\u00fcndeki at\u0131k ka\u011f\u0131tlar\u0131 toplay\u0131p SEKA \u00c7ocuk Dostlar\u0131 Derne\u011fi\u2019ne g\u00f6nderdi. Daha sonra kendi d\u00fckkan\u0131n\u0131 a\u00e7an Uyan, at\u0131k pillerin \u00e7evreye verdi\u011fi zarar\u0131 \u00f6\u011frendikten sonra ilk \u00e7evre kampanyas\u0131n\u0131 ba\u015flatt\u0131. At\u0131k pilleri, zehirli at\u0131k bertaraf tesisi \u0130zmit At\u0131k ve Art\u0131klar\u0131 Ar\u0131tma Yakma ve De\u011ferlendirme A.\u015e. (\u0130ZAYDA\u015e)\u2019a g\u00f6ndermek \u00fczere m\u00fc\u015fterilerinden toplayan Rasim Uyan, \u015fimdi ise \u00e7evreci uygulamalar\u0131n\u0131n Kocaeli\u2019deki okullara ve di\u011fer kurumlara da yay\u0131lmas\u0131 i\u00e7in \u00e7al\u0131\u015f\u0131yor. Rasim Uyan\u2019\u0131n giri\u015fimleri ile \u00c7evre Koruma ve Ambalaj At\u0131klar\u0131 De\u011ferlendirme Vakf\u0131 (\u00c7EVKO), Derince\u2019deki bir\u00e7ok okula at\u0131k kutular\u0131 koymaya ba\u015flarken; \u0130ZAYDA\u015e da at\u0131k pil kumbaralar\u0131n\u0131 okullara da\u011f\u0131tmaya ba\u015flad\u0131.<\/p>\n<p style=\"text-align: justify;\"><strong>Rasim Uyan yaln\u0131zca \u00e7evre i\u00e7in \u00e7al\u0131\u015fm\u0131yor. Kitap ba\u011f\u0131\u015f\u0131n\u0131 da te\u015fvik eden Uyan, T\u00fcrkiye genelinde herhangi bir k\u00fct\u00fcphaneye 50 kitap ba\u011f\u0131\u015flay\u0131p makbuzunu getiren m\u00fc\u015fterilerine de \u00fccretsiz olarak sa\u00e7-sakal kesimi yap\u0131yor.<\/strong> Toplumsal konulara duyarl\u0131l\u0131\u011f\u0131 ile dikkat \u00e7eken Rasim Uyan, ayn\u0131 zamanda engelli vatanda\u015flara da daha iyi hizmet verebilmek i\u00e7in \u201cEngel ve Ya\u015fam\u201d kursuna gidiyor ve d\u00fckkan\u0131n\u0131 \u201cengelli dostu\u201d bir mekan haline d\u00f6n\u00fc\u015ft\u00fcrmek \u00fczere \u00e7al\u0131\u015fmalarda bulunuyor.<\/p>\n<p style=\"text-align: justify;\">Kaynak: http:\/\/www.hurriyet.com.tr\/<\/p>\n","protected":false},"excerpt":{"rendered":"<p>Fark Yaratanlar program\u0131, yap\u0131lan \u00e7al\u0131\u015fmalar\u0131n k\u0131sa videolar\u0131n\u0131n, Sabanc\u0131 Vakf\u0131 taraf\u0131ndan haz\u0131rlanarak internet ortam\u0131nda payla\u015f\u0131lmas\u0131n\u0131, izleyenlere ilham vermesini, b\u00f6ylece toplumsal geli\u015fmeye aktif kat\u0131l\u0131m\u0131n \u00e7o\u011falmas\u0131n\u0131 ama\u00e7l\u0131yor.\u00a0 Sabanc\u0131 Vakf\u0131\u2019n\u0131n yeni Fark Yaratan\u2019\u0131; \u201cBir g\u00fcn de\u011fil her g\u00fcn \u00e7evreciyim\u201d diyerek Kocaeli\u2019deki kuaf\u00f6r d\u00fckkan\u0131nda at\u0131klar\u0131n geri d\u00f6n\u00fc\u015f\u00fcm\u00fc i\u00e7in \u00e7al\u0131\u015fmalar yapan ve \u00e7al\u0131\u015fmalar\u0131n\u0131 il geneline yayan Rasim Uyan oldu.<\/p>\n","protected":false},"author":1,"featured_media":0,"comment_status":"open","ping_status":"open","sticky":false,"template":"","format":"standard","meta":{"footnotes":""},"categories":[1],"tags":[],"class_list":["post-10713","post","type-post","status-publish","format-standard","hentry","category-genel"],"_links":{"self":[{"href":"https:\/\/www.bbyhaber.com\/bby\/wp-json\/wp\/v2\/posts\/10713"}],"collection":[{"href":"https:\/\/www.bbyhaber.com\/bby\/wp-json\/wp\/v2\/posts"}],"about":[{"href":"https:\/\/www.bbyhaber.com\/bby\/wp-json\/wp\/v2\/types\/post"}],"author":[{"embeddable":true,"href":"https:\/\/www.bbyhaber.com\/bby\/wp-json\/wp\/v2\/users\/1"}],"replies":[{"embeddable":true,"href":"https:\/\/www.bbyhaber.com\/bby\/wp-json\/wp\/v2\/comments?post=10713"}],"version-history":[{"count":0,"href":"https:\/\/www.bbyhaber.com\/bby\/wp-json\/wp\/v2\/posts\/10713\/revisions"}],"wp:attachment":[{"href":"https:\/\/www.bbyhaber.com\/bby\/wp-json\/wp\/v2\/media?parent=10713"}],"wp:term":[{"taxonomy":"category","embeddable":true,"href":"https:\/\/www.bbyhaber.com\/bby\/wp-json\/wp\/v2\/categories?post=10713"},{"taxonomy":"post_tag","embeddable":true,"href":"https:\/\/www.bbyhaber.com\/bby\/wp-json\/wp\/v2\/tags?post=10713"}],"curies":[{"name":"wp","href":"https:\/\/api.w.org\/{rel}","templated":true}]}}