{"id":10711,"date":"2013-04-18T14:16:46","date_gmt":"2013-04-18T11:16:46","guid":{"rendered":"http:\/\/www.bbyhaber.com\/bby\/?p=10711"},"modified":"2013-04-18T14:16:46","modified_gmt":"2013-04-18T11:16:46","slug":"gezici-kutuphane-3-bin-kitabiyla-atil-durumda-batman","status":"publish","type":"post","link":"https:\/\/www.bbyhaber.com\/bby\/2013\/04\/18\/gezici-kutuphane-3-bin-kitabiyla-atil-durumda-batman","title":{"rendered":"Gezici K\u00fct\u00fcphane 3 bin kitab\u0131yla at\u0131l durumda-Batman"},"content":{"rendered":"<p style=\"text-align: justify;\"><img loading=\"lazy\" decoding=\"async\" class=\"alignleft\" src=\"http:\/\/www.medya73.com\/images\/news\/gezici-kutuphane-3-bin-kitabiyla-atil-durumda-850734n.jpg\" alt=\"\" width=\"225\" height=\"169\" \/>Batman Valili\u011fi&#8217;nin bizzat te\u015fvik etti\u011fi, okuma al\u0131\u015fkanl\u0131\u011f\u0131n\u0131n kazan\u0131lmas\u0131 i\u00e7in projelerin geli\u015ftirildi\u011fi bug\u00fcnlerde, il halk k\u00fct\u00fcphanesinin bah\u00e7esinde binlerce kitab\u0131n gezici ara\u00e7 ile birlikte 3 senedir at\u0131l durumda bulunmas\u0131 tepkilere neden oldu. Konu ile ilgili g\u00f6r\u00fc\u015flerine ba\u015fvurdu\u011fumuz \u0130l K\u00fclt\u00fcr ve Turizm M\u00fcd\u00fcr\u00fc Cengizhan Ba\u015faran, &#8220;\u0130l halk k\u00fct\u00fcphanemizde gezici bir k\u00fct\u00fcphanemiz vard\u0131r. Gezici arac\u0131m\u0131z 91 modeldir. Bu konuyu k\u00fct\u00fcphane m\u00fcd\u00fcr\u00fcm\u00fczle konu\u015ftuk. Bakaca\u011f\u0131z art\u0131k. <!--more-->E\u011fer \u00f6zr\u00fc kabahatinden b\u00fcy\u00fckse milli emlak arac\u0131l\u0131\u011f\u0131yla sat\u0131\u015fa sunaca\u011f\u0131z. Ama e\u011fer ufak tefek onar\u0131mlarla faal hale getirebileceksek en k\u0131sa s\u00fcrede aktif hale getirip Batman halk\u0131n\u0131n istifadesine sunaca\u011f\u0131z. Uzak k\u00f6ylerimize uzak yerdeki il\u00e7elerimize kitap deste\u011fi sa\u011flam\u0131\u015f olaca\u011f\u0131z. Yok, olmazsa i\u00e7indeki kitaplar \u00e7\u0131kar\u0131l\u0131p valilikten yeni ara\u00e7 talebinde bulunaca\u011f\u0131z &#8221; ifadelerini kulland\u0131.<\/p>\n<p style=\"text-align: justify;\">\u00a0<strong>Vatanda\u015flar tepkili<\/strong><\/p>\n<p style=\"text-align: justify;\">Uzak k\u00f6ylerdeki \u00f6\u011frenciler kitap bulamazken, kitaplar\u0131n ve arac\u0131n at\u0131l durumda bulunmas\u0131na tepki g\u00f6steren vatanda\u015flar, &#8220;Kitap okuman\u0131n te\u015fvik edilmeye \u00e7al\u0131\u015f\u0131ld\u0131\u011f\u0131 bug\u00fcnlerde b\u00f6ylesi bir de\u011ferin heba edilmesini do\u011fru bulmuyoruz. Yetkililerin buna bir an \u00f6nce \u00f6nlem almas\u0131n\u0131 ve halk\u0131n istifadesine sunmas\u0131n\u0131 istiyoruz&#8221; ded<\/p>\n<p style=\"text-align: justify;\">\nKaynak:<a href=\"http:\/\/www.medya73.com\/gezici-kutuphane-3-bin-kitabiyla-atil-durumda-haberi-1300854.html\" target=\"_blank\">http:\/\/www.medya73.com\/<\/a><\/p>\n","protected":false},"excerpt":{"rendered":"<p>Batman Valili\u011fi&#8217;nin bizzat te\u015fvik etti\u011fi, okuma al\u0131\u015fkanl\u0131\u011f\u0131n\u0131n kazan\u0131lmas\u0131 i\u00e7in projelerin geli\u015ftirildi\u011fi bug\u00fcnlerde, il halk k\u00fct\u00fcphanesinin bah\u00e7esinde binlerce kitab\u0131n gezici ara\u00e7 ile birlikte 3 senedir at\u0131l durumda bulunmas\u0131 tepkilere neden oldu. Konu ile ilgili g\u00f6r\u00fc\u015flerine ba\u015fvurdu\u011fumuz \u0130l K\u00fclt\u00fcr ve Turizm M\u00fcd\u00fcr\u00fc Cengizhan Ba\u015faran, &#8220;\u0130l halk k\u00fct\u00fcphanemizde gezici bir k\u00fct\u00fcphanemiz vard\u0131r. Gezici arac\u0131m\u0131z 91 modeldir. Bu konuyu [&hellip;]<\/p>\n","protected":false},"author":1,"featured_media":0,"comment_status":"open","ping_status":"open","sticky":false,"template":"","format":"standard","meta":{"footnotes":""},"categories":[1,1486],"tags":[1440],"class_list":["post-10711","post","type-post","status-publish","format-standard","hentry","category-genel","category-gezici-kutuphane","tag-gezici-kutuphaneler"],"_links":{"self":[{"href":"https:\/\/www.bbyhaber.com\/bby\/wp-json\/wp\/v2\/posts\/10711"}],"collection":[{"href":"https:\/\/www.bbyhaber.com\/bby\/wp-json\/wp\/v2\/posts"}],"about":[{"href":"https:\/\/www.bbyhaber.com\/bby\/wp-json\/wp\/v2\/types\/post"}],"author":[{"embeddable":true,"href":"https:\/\/www.bbyhaber.com\/bby\/wp-json\/wp\/v2\/users\/1"}],"replies":[{"embeddable":true,"href":"https:\/\/www.bbyhaber.com\/bby\/wp-json\/wp\/v2\/comments?post=10711"}],"version-history":[{"count":0,"href":"https:\/\/www.bbyhaber.com\/bby\/wp-json\/wp\/v2\/posts\/10711\/revisions"}],"wp:attachment":[{"href":"https:\/\/www.bbyhaber.com\/bby\/wp-json\/wp\/v2\/media?parent=10711"}],"wp:term":[{"taxonomy":"category","embeddable":true,"href":"https:\/\/www.bbyhaber.com\/bby\/wp-json\/wp\/v2\/categories?post=10711"},{"taxonomy":"post_tag","embeddable":true,"href":"https:\/\/www.bbyhaber.com\/bby\/wp-json\/wp\/v2\/tags?post=10711"}],"curies":[{"name":"wp","href":"https:\/\/api.w.org\/{rel}","templated":true}]}}