{"id":1071,"date":"2011-02-11T16:03:33","date_gmt":"2011-02-11T16:03:33","guid":{"rendered":"http:\/\/www.bbyhaber.com\/bby\/?p=1071"},"modified":"2013-02-13T11:22:42","modified_gmt":"2013-02-13T09:22:42","slug":"lapseki-belediyesinden-kahvehanelere-kutuphane-projesi","status":"publish","type":"post","link":"https:\/\/www.bbyhaber.com\/bby\/2011\/02\/11\/lapseki-belediyesinden-kahvehanelere-kutuphane-projesi","title":{"rendered":"Lapseki Belediyesi&#8217;nden Kahvehanelere K\u00fct\u00fcphane Projesi"},"content":{"rendered":"<p style=\"text-align: justify;\" align=\"justify\">\u00c7anakkale&#8217;nin Lapseki il\u00e7esinde belediye taraf\u0131ndan kahvehanelerde k\u00fct\u00fcphane olu\u015fturulmas\u0131 i\u00e7in kampanya ba\u015flat\u0131ld\u0131. Lapseki Belediye Ba\u015fkan\u0131 Gani Mehmet Ekim, proje kapsam\u0131nda ilk olarak Avc\u0131lar K\u0131raathanesi Ba\u015fkan\u0131 Safet Sargut ile ortak bir \u00e7al\u0131\u015fma ger\u00e7ekle\u015ftirdi. Ba\u015fkan Ekim projeyi Avc\u0131lar K\u0131raathanesinden ba\u015flatt\u0131klar\u0131n\u0131 belirterek, &#8220;Kampanyay\u0131 ba\u015flat\u0131rken Avc\u0131lar Kul\u00fcb\u00fc Ba\u015fkan\u0131 Safet Sargut&#8217;a bu \u00e7al\u0131\u015fmaya \u00f6nc\u00fcl\u00fck edin dedik. <!--more-->Bende bu konuda belediye olarak destek verece\u011fimi s\u00f6yledim. Belediye Ba\u015fkan\u0131 olarak Belediye Meclis \u00fcyesi arkada\u015flar\u0131mla birlikte burada bu kampanyay\u0131 ba\u015flatt\u0131k. Okuman\u0131n ve \u00f6\u011frenmenin ya\u015f\u0131 yok. Sembolik olarak bu kitaplar\u0131 k\u00fct\u00fcphaneniz i\u00e7in sizlere takdim ediyorum&#8221; dedi. Ba\u015fkan Ekim, kahvehanelerde k\u00fct\u00fcphane olu\u015fturulmas\u0131n\u0131 y\u00f6nelik projenin di\u011fer kahvehanelerde de devam edece\u011fini s\u00f6yledi.<strong style=\"text-align: justify;\"><\/strong><\/p>\n<p style=\"text-align: justify;\" align=\"justify\">Kaynak: http:\/\/www.medya73.com<\/p>\n","protected":false},"excerpt":{"rendered":"<p>\u00c7anakkale&#8217;nin Lapseki il\u00e7esinde belediye taraf\u0131ndan kahvehanelerde k\u00fct\u00fcphane olu\u015fturulmas\u0131 i\u00e7in kampanya ba\u015flat\u0131ld\u0131. Lapseki Belediye Ba\u015fkan\u0131 Gani Mehmet Ekim, proje kapsam\u0131nda ilk olarak Avc\u0131lar K\u0131raathanesi Ba\u015fkan\u0131 Safet Sargut ile ortak bir \u00e7al\u0131\u015fma ger\u00e7ekle\u015ftirdi. Ba\u015fkan Ekim projeyi Avc\u0131lar K\u0131raathanesinden ba\u015flatt\u0131klar\u0131n\u0131 belirterek, &#8220;Kampanyay\u0131 ba\u015flat\u0131rken Avc\u0131lar Kul\u00fcb\u00fc Ba\u015fkan\u0131 Safet Sargut&#8217;a bu \u00e7al\u0131\u015fmaya \u00f6nc\u00fcl\u00fck edin dedik.<\/p>\n","protected":false},"author":1,"featured_media":0,"comment_status":"open","ping_status":"open","sticky":false,"template":"","format":"standard","meta":{"footnotes":""},"categories":[1,1491],"tags":[],"class_list":["post-1071","post","type-post","status-publish","format-standard","hentry","category-genel","category-kahvehane-kutuphane"],"_links":{"self":[{"href":"https:\/\/www.bbyhaber.com\/bby\/wp-json\/wp\/v2\/posts\/1071"}],"collection":[{"href":"https:\/\/www.bbyhaber.com\/bby\/wp-json\/wp\/v2\/posts"}],"about":[{"href":"https:\/\/www.bbyhaber.com\/bby\/wp-json\/wp\/v2\/types\/post"}],"author":[{"embeddable":true,"href":"https:\/\/www.bbyhaber.com\/bby\/wp-json\/wp\/v2\/users\/1"}],"replies":[{"embeddable":true,"href":"https:\/\/www.bbyhaber.com\/bby\/wp-json\/wp\/v2\/comments?post=1071"}],"version-history":[{"count":0,"href":"https:\/\/www.bbyhaber.com\/bby\/wp-json\/wp\/v2\/posts\/1071\/revisions"}],"wp:attachment":[{"href":"https:\/\/www.bbyhaber.com\/bby\/wp-json\/wp\/v2\/media?parent=1071"}],"wp:term":[{"taxonomy":"category","embeddable":true,"href":"https:\/\/www.bbyhaber.com\/bby\/wp-json\/wp\/v2\/categories?post=1071"},{"taxonomy":"post_tag","embeddable":true,"href":"https:\/\/www.bbyhaber.com\/bby\/wp-json\/wp\/v2\/tags?post=1071"}],"curies":[{"name":"wp","href":"https:\/\/api.w.org\/{rel}","templated":true}]}}