{"id":10705,"date":"2013-04-17T16:48:17","date_gmt":"2013-04-17T14:48:17","guid":{"rendered":"http:\/\/www.bbyhaber.com\/bby\/?p=10705"},"modified":"2016-02-22T18:33:43","modified_gmt":"2016-02-22T16:33:43","slug":"koy-imami-kutuphane-kurdu-kutahya","status":"publish","type":"post","link":"https:\/\/www.bbyhaber.com\/bby\/2013\/04\/17\/koy-imami-kutuphane-kurdu-kutahya","title":{"rendered":"K\u00f6y \u0130mam\u0131 K\u00fct\u00fcphane Kurdu-K\u00fctahya"},"content":{"rendered":"<p style=\"text-align: justify;\">K\u00fctahya\u2019n\u0131n Tav\u015fanl\u0131 il\u00e7esine ba\u011fl\u0131 Ba\u015fk\u00f6y\u2019de, \u00f6\u011frenci ve gen\u00e7leri k\u00f6t\u00fc al\u0131\u015fkanl\u0131klardan korumak i\u00e7in k\u00fc\u00e7\u00fck k\u00fct\u00fcphane olu\u015fturuldu.\u00a0 Ba\u015fk\u00f6y Camii \u0130mam\u0131 Recep K\u00fc\u00e7\u00fck \u00f6nderli\u011fine olu\u015fturulan k\u00fct\u00fcphaneden binin \u00fczerinde eser bulunuyor. K\u00fct\u00fcphanenin kuruldu\u011fu g\u00fcnden itibaren gen\u00e7lerin buraya ilgi g\u00f6sterdi\u011fini s\u00f6yleyen Recep K\u00fc\u00e7\u00fck, \u201cCami imamlar\u0131, sadece namaz k\u0131ld\u0131ran ve caminin kap\u0131lar\u0131n\u0131 a\u00e7\u0131p kapatan bir ki\u015fi de\u011fildir. \u0130mamlar ayn\u0131 zamanda ya\u015fad\u0131\u011f\u0131 b\u00f6lge sosyal ya\u015fama da ellerinden geldi\u011fince destek olmal\u0131d\u0131r\u201d dedi.\u00a0 <!--more--><\/p>\n<p style=\"text-align: justify;\">K\u00fct\u00fcphanede ayr\u0131ca internet sisteminin kuruldu\u011funu ve fotokopi makinesinin de hizmete sokuldu\u011funu s\u00f6yleyen K\u00fc\u00e7\u00fck, \u201cBuradaki bir \u00f6\u011frencimiz bir sayfal\u0131k fotokopi \u00e7ektirebilmek i\u00e7in Tav\u015fanl\u0131 il\u00e7e merkezine gitmek zorunda kalabiliyordu. Ayn\u0131 zamanda internet imkan\u0131 olmayan \u00f6\u011frenciler i\u00e7in de s\u0131k\u0131nt\u0131l\u0131 bir durum vard\u0131. Olu\u015fturdu\u011fumuz bu k\u00fct\u00fcphane ile bu imkans\u0131zl\u0131klara da faydal\u0131 olmaya \u00e7al\u0131\u015ft\u0131k. Art\u0131k k\u00f6y\u00fcm\u00fczde fotokopi de \u00e7ekiliyor ayr\u0131ca imkan\u0131 olmayan \u00f6\u011frencilerimiz de internetten faydalanabiliyor. Bu k\u00fct\u00fcphanenin olu\u015fturulmas\u0131nda eme\u011fi ge\u00e7en hay\u0131rsever vatanda\u015flar\u0131m\u0131za te\u015fekk\u00fcr ediyorum\u201d ifadelerini kulland\u0131.<\/p>\n<p style=\"text-align: justify;\"><a href=\"http:\/\/www.haberercis.com\/images\/haberler\/koy_imami_kutuphane_kurdu_h5128.jpg\"><img loading=\"lazy\" decoding=\"async\" class=\"alignnone\" src=\"http:\/\/www.haberercis.com\/images\/haberler\/koy_imami_kutuphane_kurdu_h5128.jpg\" alt=\"\" width=\"438\" height=\"177\" \/><\/a><\/p>\n<p style=\"text-align: justify;\">Kaynak: http:\/\/www.haberercis.com<\/p>\n","protected":false},"excerpt":{"rendered":"<p>K\u00fctahya\u2019n\u0131n Tav\u015fanl\u0131 il\u00e7esine ba\u011fl\u0131 Ba\u015fk\u00f6y\u2019de, \u00f6\u011frenci ve gen\u00e7leri k\u00f6t\u00fc al\u0131\u015fkanl\u0131klardan korumak i\u00e7in k\u00fc\u00e7\u00fck k\u00fct\u00fcphane olu\u015fturuldu.\u00a0 Ba\u015fk\u00f6y Camii \u0130mam\u0131 Recep K\u00fc\u00e7\u00fck \u00f6nderli\u011fine olu\u015fturulan k\u00fct\u00fcphaneden binin \u00fczerinde eser bulunuyor. K\u00fct\u00fcphanenin kuruldu\u011fu g\u00fcnden itibaren gen\u00e7lerin buraya ilgi g\u00f6sterdi\u011fini s\u00f6yleyen Recep K\u00fc\u00e7\u00fck, \u201cCami imamlar\u0131, sadece namaz k\u0131ld\u0131ran ve caminin kap\u0131lar\u0131n\u0131 a\u00e7\u0131p kapatan bir ki\u015fi de\u011fildir. \u0130mamlar ayn\u0131 zamanda ya\u015fad\u0131\u011f\u0131 [&hellip;]<\/p>\n","protected":false},"author":1,"featured_media":0,"comment_status":"open","ping_status":"open","sticky":false,"template":"","format":"standard","meta":{"footnotes":""},"categories":[1,1498],"tags":[829],"class_list":["post-10705","post","type-post","status-publish","format-standard","hentry","category-genel","category-koy-kutuphaneleri","tag-camii-kutuphane"],"_links":{"self":[{"href":"https:\/\/www.bbyhaber.com\/bby\/wp-json\/wp\/v2\/posts\/10705"}],"collection":[{"href":"https:\/\/www.bbyhaber.com\/bby\/wp-json\/wp\/v2\/posts"}],"about":[{"href":"https:\/\/www.bbyhaber.com\/bby\/wp-json\/wp\/v2\/types\/post"}],"author":[{"embeddable":true,"href":"https:\/\/www.bbyhaber.com\/bby\/wp-json\/wp\/v2\/users\/1"}],"replies":[{"embeddable":true,"href":"https:\/\/www.bbyhaber.com\/bby\/wp-json\/wp\/v2\/comments?post=10705"}],"version-history":[{"count":0,"href":"https:\/\/www.bbyhaber.com\/bby\/wp-json\/wp\/v2\/posts\/10705\/revisions"}],"wp:attachment":[{"href":"https:\/\/www.bbyhaber.com\/bby\/wp-json\/wp\/v2\/media?parent=10705"}],"wp:term":[{"taxonomy":"category","embeddable":true,"href":"https:\/\/www.bbyhaber.com\/bby\/wp-json\/wp\/v2\/categories?post=10705"},{"taxonomy":"post_tag","embeddable":true,"href":"https:\/\/www.bbyhaber.com\/bby\/wp-json\/wp\/v2\/tags?post=10705"}],"curies":[{"name":"wp","href":"https:\/\/api.w.org\/{rel}","templated":true}]}}