{"id":1069,"date":"2011-02-11T16:02:51","date_gmt":"2011-02-11T16:02:51","guid":{"rendered":"http:\/\/www.bbyhaber.com\/bby\/?p=1069"},"modified":"2012-05-16T12:08:24","modified_gmt":"2012-05-16T12:08:24","slug":"maltepeliler-yillardir-bekledigi-ilce-halk-kutuphanesine-kavustu","status":"publish","type":"post","link":"https:\/\/www.bbyhaber.com\/bby\/2011\/02\/11\/maltepeliler-yillardir-bekledigi-ilce-halk-kutuphanesine-kavustu","title":{"rendered":"Maltepeliler Y\u0131llard\u0131r Bekledi\u011fi \u0130l\u00e7e Halk K\u00fct\u00fcphanesine Kavu\u015ftu"},"content":{"rendered":"<p style=\"text-align: justify;\" align=\"justify\">17 y\u0131ld\u0131r beklenen Maltepe \u0130l\u00e7e Halk K\u00fct\u00fcphanesi 2010 y\u0131l\u0131 ortalar\u0131nda \u0130n\u015faat\u0131 tamamlanarak T.C K\u00fclt\u00fcr ve Turizm Bakanl\u0131\u011f\u0131 K\u00fct\u00fcphaneler Yay\u0131mlar Genel M\u00fcd\u00fcrl\u00fc\u011f\u00fcne teslim edildi. Beklenen an gelmi\u015fti, Maltepelilerin k\u00fct\u00fcphane \u00f6zlemini giderilecek, Maltepe \u0130l\u00e7e Halk K\u00fct\u00fcphanesi ve K\u00fclt\u00fcr Kompleksine kavu\u015facakt\u0131. Maltepelilerin, modern k\u00fct\u00fcphane yap\u0131s\u0131, ferah mekanlar, at\u00f6lye salonlar\u0131, s\u00f6yle\u015fi salonu vb. i\u015flevleri giderecek mekanlar\u0131 olacak bir merkezi vard\u0131. <!--more-->Maltepeliler, heyecanla, merakla k\u00fct\u00fcphane donan\u0131mlar\u0131n\u0131 kurulaca\u011f\u0131n\u0131, kitaplar\u0131n raflara dizilece\u011fini bekliyordu. G\u00fcnlerden bir g\u00fcn, kocaman alt\u0131n yald\u0131zl\u0131 harflerle k\u00fct\u00fcphane binam\u0131za \u201cMALTEPE KAYMAKAMLI\u011eI\u201d yaz\u0131lar\u0131 as\u0131lm\u0131\u015ft\u0131.<\/p>\n<p style=\"text-align: justify;\" align=\"justify\">Sorup soru\u015fturup \u00f6\u011frenildi ki \u0130l\u00e7e Kaymakaml\u0131k binas\u0131 depreme dayan\u0131ks\u0131z oldu\u011fu i\u00e7in k\u00fct\u00fcphane binas\u0131n\u0131n \u00f6nemli bir k\u0131sm\u0131 K\u00fclt\u00fcr ve Turizm Bakanl\u0131\u011f\u0131nca Kaymakaml\u0131k makam\u0131na tahsis edilmi\u015fti. Maltepe Kaymakaml\u0131\u011f\u0131 ve Maltepe \u0130l\u00e7e Halk K\u00fct\u00fcphanesi yaz aylar\u0131nda yap\u0131lan teknik haz\u0131rl\u0131klardan sonra 5 katl\u0131 yap\u0131n\u0131n 1,5 kat\u0131nda sessiz sedas\u0131z hizmet vermeye ba\u015flad\u0131. Modern k\u00fct\u00fcphane, modern mobilyalarla dizayn edildi, 60 bin TL\u2019lik yeni, her ya\u015fa uygun kitaplarla ve s\u00fcreli yay\u0131nlarla donat\u0131ld\u0131. Maltepe Halk\u0131n\u0131n kullan\u0131m\u0131na a\u00e7\u0131k \u00fccretsiz internet eri\u015fim merkezi kuruldu.<\/p>\n<p style=\"text-align: justify;\" align=\"justify\">11 \u015eubat 2011 g\u00fcn\u00fc K\u00fclt\u00fcr ve Turizm Bakan\u0131 Ertu\u011frul G\u00fcnay, K\u00fct\u00fcphaneler Yay\u0131mlar Genel M\u00fcd\u00fcr\u00fc Prof. Dr. Onur Bilge Kula, Maltepe Kaymakam\u0131 Ahmet Okur, Maltepe Belediye Ba\u015fkan\u0131 Prof. Dr. Mustafa Zengin, \u0130stanbul\u2019un i\u00e7lerinden gelen k\u00fct\u00fcphane m\u00fcd\u00fcrleri, k\u00fct\u00fcphanecileri, yerel bas\u0131n, b\u00fcrokratlar, siyasi parti temsilcileri, T\u00fcrk K\u00fct\u00fcphaneciler Derne\u011fi Y\u00f6neticileri, Okul K\u00fct\u00fcphanecileri Derne\u011fi y\u00f6neticileri, yay\u0131nevi temsilcilerinin haz\u0131r bulundu\u011fu bir t\u00f6rende k\u00fct\u00fcphanenin resmi a\u00e7\u0131l\u0131\u015f\u0131 ger\u00e7ekle\u015ftirildi.<\/p>\n<p style=\"text-align: justify;\" align=\"justify\">\u00a0A\u00e7\u0131l\u0131\u015f t\u00f6reni \u00f6ncesi Kaymakaml\u0131k makam odas\u0131nda K\u00fclt\u00fcr ve Turizm Bakan\u0131 Ertu\u011frul G\u00fcnay, Maltepe Kaymakam\u0131 Ahmet Okur\u2019a kendi yerinize ne zaman ge\u00e7eceksiniz sorusunu y\u00f6neltti. Kaymakam Bey, 2 y\u0131l i\u00e7erisinde Maltepe H\u00fck\u00fcmet Kona\u011f\u0131 Projesinin bitece\u011fini ve k\u00fct\u00fcphane binas\u0131n\u0131n k\u00fct\u00fcphane hizmetleri i\u00e7in kullan\u0131laca\u011f\u0131n\u0131 Bakan Bey\u2019e ve bas\u0131na ve kamuoyuna iletti. K\u00fclt\u00fcr Bakan\u0131 Ertu\u011frul G\u00fcnay a\u00e7\u0131l\u0131\u015f konu\u015fmas\u0131nda 2 y\u0131l sonra Maltepe H\u00fck\u00fcmet Kona\u011f\u0131 Projesi bitti\u011finde, kaymakaml\u0131k k\u00fct\u00fcphane binas\u0131ndan ta\u015f\u0131nd\u0131\u011f\u0131nda Maltepe \u0130l\u00e7e Halk K\u00fct\u00fcphanesinde Turizm Konulu \u0130htisas K\u00fct\u00fcphanesi\u2019nin hizmete girece\u011fini K\u00fct\u00fcphanelere Yay\u0131mlar Genel M\u00fcd\u00fcrl\u00fc\u011f\u00fc\u2019n\u00fcn bu konuda haz\u0131rl\u0131klar\u0131 oldu\u011funu dile getirdi. Dileriz 2 y\u0131l i\u00e7erisinde Maltepe H\u00fck\u00fcmet Kona\u011f\u0131 Projesi hayata ge\u00e7er, Maltepe \u0130l\u00e7e Halk K\u00fct\u00fcphanesi tam kapasite ile Maltepelilere bir an \u00f6nce hizmet vermeye ba\u015flar.\u00a0<strong><\/strong><\/p>\n<p style=\"text-align: justify;\">Kaynak:<br \/>\nAyd\u0131n \u0130leri<br \/>\nTKD Genel Merkez Y\u00f6netim Kurulu \u00dcyesi<br \/>\n(Bas\u0131n ve Halkla \u0130li\u015fkiler Sorumlu Yk \u00dcyesi)<br \/>\nOkul K\u00fct\u00fcphanecileri Derne\u011fi Y\u00f6netim Kurulu \u00dcyesi<br \/>\n(\u00d6rg\u00fctlenmeden Sorum Tk \u00dcyesi)<\/p>\n","protected":false},"excerpt":{"rendered":"<p>17 y\u0131ld\u0131r beklenen Maltepe \u0130l\u00e7e Halk K\u00fct\u00fcphanesi 2010 y\u0131l\u0131 ortalar\u0131nda \u0130n\u015faat\u0131 tamamlanarak T.C K\u00fclt\u00fcr ve Turizm Bakanl\u0131\u011f\u0131 K\u00fct\u00fcphaneler Yay\u0131mlar Genel M\u00fcd\u00fcrl\u00fc\u011f\u00fcne teslim edildi. Beklenen an gelmi\u015fti, Maltepelilerin k\u00fct\u00fcphane \u00f6zlemini giderilecek, Maltepe \u0130l\u00e7e Halk K\u00fct\u00fcphanesi ve K\u00fclt\u00fcr Kompleksine kavu\u015facakt\u0131. Maltepelilerin, modern k\u00fct\u00fcphane yap\u0131s\u0131, ferah mekanlar, at\u00f6lye salonlar\u0131, s\u00f6yle\u015fi salonu vb. i\u015flevleri giderecek mekanlar\u0131 olacak bir merkezi [&hellip;]<\/p>\n","protected":false},"author":1,"featured_media":0,"comment_status":"open","ping_status":"open","sticky":false,"template":"","format":"standard","meta":{"footnotes":""},"categories":[1476],"tags":[848],"class_list":["post-1069","post","type-post","status-publish","format-standard","hentry","category-aydin-ileri","tag-halk-kutuphaneleri"],"_links":{"self":[{"href":"https:\/\/www.bbyhaber.com\/bby\/wp-json\/wp\/v2\/posts\/1069"}],"collection":[{"href":"https:\/\/www.bbyhaber.com\/bby\/wp-json\/wp\/v2\/posts"}],"about":[{"href":"https:\/\/www.bbyhaber.com\/bby\/wp-json\/wp\/v2\/types\/post"}],"author":[{"embeddable":true,"href":"https:\/\/www.bbyhaber.com\/bby\/wp-json\/wp\/v2\/users\/1"}],"replies":[{"embeddable":true,"href":"https:\/\/www.bbyhaber.com\/bby\/wp-json\/wp\/v2\/comments?post=1069"}],"version-history":[{"count":0,"href":"https:\/\/www.bbyhaber.com\/bby\/wp-json\/wp\/v2\/posts\/1069\/revisions"}],"wp:attachment":[{"href":"https:\/\/www.bbyhaber.com\/bby\/wp-json\/wp\/v2\/media?parent=1069"}],"wp:term":[{"taxonomy":"category","embeddable":true,"href":"https:\/\/www.bbyhaber.com\/bby\/wp-json\/wp\/v2\/categories?post=1069"},{"taxonomy":"post_tag","embeddable":true,"href":"https:\/\/www.bbyhaber.com\/bby\/wp-json\/wp\/v2\/tags?post=1069"}],"curies":[{"name":"wp","href":"https:\/\/api.w.org\/{rel}","templated":true}]}}