{"id":10684,"date":"2013-04-16T20:06:12","date_gmt":"2013-04-16T17:06:12","guid":{"rendered":"http:\/\/www.bbyhaber.com\/bby\/?p=10684"},"modified":"2013-04-18T13:09:03","modified_gmt":"2013-04-18T10:09:03","slug":"londra-kitap-fuarinda-odak-ulke-turkiye","status":"publish","type":"post","link":"https:\/\/www.bbyhaber.com\/bby\/2013\/04\/16\/londra-kitap-fuarinda-odak-ulke-turkiye","title":{"rendered":"Londra Kitap Fuar\u0131nda &#8220;odak \u00fclke&#8221; T\u00fcrkiye"},"content":{"rendered":"<p style=\"text-align: justify;\"><img loading=\"lazy\" decoding=\"async\" class=\"alignleft\" src=\"http:\/\/www.booksfromturkey.com\/images\/fbf_logo.gif\" alt=\"\" width=\"150\" height=\"150\" \/>Bu y\u0131l T\u00fcrkiye\u2019nin &#8220;odak \u00fclke&#8221; olarak kat\u0131ld\u0131\u011f\u0131 42&#8217;nci Uluslararas\u0131 Londra Kitap Fuar\u0131 ba\u015flad\u0131.T\u00fcrkiye\u2019den 30\u2019un \u00fczerinde yay\u0131nevinin kat\u0131ld\u0131\u011f\u0131 Londra Kitap Fuar\u0131&#8217;nda T\u00fcrk yay\u0131nevleri \u0130ngiltere ve di\u011fer \u00fclkelerle ba\u011flant\u0131lar kuruyor. T\u00fcrkiye stand\u0131n\u0131n resmi a\u00e7\u0131l\u0131\u015f\u0131n\u0131 yapan K\u00fclt\u00fcr ve Turizm Bakan\u0131 \u00d6mer \u00c7elik a\u00e7\u0131klamas\u0131nda; &#8220;\u0130ngiliz edebiyat severler fuar s\u00fcresince k\u00fclt\u00fcr\u00fcm\u00fcz\u00fcn ve edebiyat\u0131m\u0131z\u0131n t\u00fcm renklerini derinli\u011fini k\u0131saca \u00e7o\u011fulcu yap\u0131s\u0131n\u0131 daha iyi alg\u0131lama f\u0131rsat\u0131 bulacakt\u0131r.<!--more--> \u00d6yle san\u0131yorum ki burada bulunmam\u0131z ticari beklentilerin de \u00f6tesinde ba\u015fka olan\u0131, \u00a0bizden farkl\u0131 olan\u0131 daha iyi ve daha ayr\u0131nt\u0131l\u0131 tan\u0131ma ve tan\u0131tma heyecan\u0131 ile ilgilidir. Ba\u015fta \u0130ngiliz yay\u0131nc\u0131lar ve kitapseverler T\u00fcrk edebiyat\u0131na yo\u011fun ilgi g\u00f6steriyor.&#8221;dedi.<\/p>\n<p style=\"text-align: justify;\">Londra Kitap Fuar\u0131 kapsam\u0131nda \u00e7e\u015fitli konferans ve s\u00f6yle\u015filer de ger\u00e7ekle\u015ftiriyor. Kitap Fuar\u0131&#8217;na kat\u0131lan 30 kitabevinden 8\u2019i ise \u00e7ocuk yay\u0131nlar\u0131. Fuar \u00c7ar\u015famba ak\u015fam\u0131na kadar devam edecek.<\/p>\n<p style=\"text-align: justify;\"><a href=\"http:\/\/www.lbf2013marketfocusturkey.com\/Defaulten.aspx\" target=\"_blank\">Fuar web sayfas\u0131 i\u00e7in t\u0131klay\u0131n\u0131z<\/a><\/p>\n<p style=\"text-align: justify;\"><img loading=\"lazy\" decoding=\"async\" class=\"alignnone\" src=\"http:\/\/az290931.vo.msecnd.net\/www.londonbookfair.co.uk\/RXUK\/RXUK_LondonBookFair\/images\/hero_616x230_turkey_market_focus.jpgx$query$xvx$eq$x634810647070517432\" alt=\"\" width=\"392\" height=\"146\" \/><\/p>\n<p style=\"text-align: justify;\">Kaynak: http:\/\/www.trtturk.com.tr\/<\/p>\n","protected":false},"excerpt":{"rendered":"<p>Bu y\u0131l T\u00fcrkiye\u2019nin &#8220;odak \u00fclke&#8221; olarak kat\u0131ld\u0131\u011f\u0131 42&#8217;nci Uluslararas\u0131 Londra Kitap Fuar\u0131 ba\u015flad\u0131.T\u00fcrkiye\u2019den 30\u2019un \u00fczerinde yay\u0131nevinin kat\u0131ld\u0131\u011f\u0131 Londra Kitap Fuar\u0131&#8217;nda T\u00fcrk yay\u0131nevleri \u0130ngiltere ve di\u011fer \u00fclkelerle ba\u011flant\u0131lar kuruyor. T\u00fcrkiye stand\u0131n\u0131n resmi a\u00e7\u0131l\u0131\u015f\u0131n\u0131 yapan K\u00fclt\u00fcr ve Turizm Bakan\u0131 \u00d6mer \u00c7elik a\u00e7\u0131klamas\u0131nda; &#8220;\u0130ngiliz edebiyat severler fuar s\u00fcresince k\u00fclt\u00fcr\u00fcm\u00fcz\u00fcn ve edebiyat\u0131m\u0131z\u0131n t\u00fcm renklerini derinli\u011fini k\u0131saca \u00e7o\u011fulcu yap\u0131s\u0131n\u0131 daha [&hellip;]<\/p>\n","protected":false},"author":1,"featured_media":0,"comment_status":"open","ping_status":"open","sticky":false,"template":"","format":"standard","meta":{"footnotes":""},"categories":[1,1493],"tags":[],"class_list":["post-10684","post","type-post","status-publish","format-standard","hentry","category-genel","category-kitap-fuarlari-2"],"_links":{"self":[{"href":"https:\/\/www.bbyhaber.com\/bby\/wp-json\/wp\/v2\/posts\/10684"}],"collection":[{"href":"https:\/\/www.bbyhaber.com\/bby\/wp-json\/wp\/v2\/posts"}],"about":[{"href":"https:\/\/www.bbyhaber.com\/bby\/wp-json\/wp\/v2\/types\/post"}],"author":[{"embeddable":true,"href":"https:\/\/www.bbyhaber.com\/bby\/wp-json\/wp\/v2\/users\/1"}],"replies":[{"embeddable":true,"href":"https:\/\/www.bbyhaber.com\/bby\/wp-json\/wp\/v2\/comments?post=10684"}],"version-history":[{"count":0,"href":"https:\/\/www.bbyhaber.com\/bby\/wp-json\/wp\/v2\/posts\/10684\/revisions"}],"wp:attachment":[{"href":"https:\/\/www.bbyhaber.com\/bby\/wp-json\/wp\/v2\/media?parent=10684"}],"wp:term":[{"taxonomy":"category","embeddable":true,"href":"https:\/\/www.bbyhaber.com\/bby\/wp-json\/wp\/v2\/categories?post=10684"},{"taxonomy":"post_tag","embeddable":true,"href":"https:\/\/www.bbyhaber.com\/bby\/wp-json\/wp\/v2\/tags?post=10684"}],"curies":[{"name":"wp","href":"https:\/\/api.w.org\/{rel}","templated":true}]}}